{"id":6521,"date":"2019-04-17T08:00:07","date_gmt":"2019-04-17T11:00:07","guid":{"rendered":"http:\/\/jornalismo.ufsj.edu.br\/?p=6521"},"modified":"2019-04-16T16:02:35","modified_gmt":"2019-04-16T19:02:35","slug":"thais-andressa-oferece-oficina-de-fotografia","status":"publish","type":"post","link":"http:\/\/jornalismo.ufsj.edu.br\/site\/jornalismoufsj\/thais-andressa-oferece-oficina-de-fotografia\/","title":{"rendered":"Thais Andressa oferece Oficina de Fotografia"},"content":{"rendered":"\n<p><em>A ideia principal da oficina \u00e9 que o material obtido durante a oficina origine a mostra coletiva: \u201cOlhares sobre a Cidade\u201d, que compor\u00e1 a programa\u00e7\u00e3o do 31\u00b0 Inverno Cultural da UFSJ<\/em><br><\/p>\n\n\n\n<figure class=\"wp-block-image\"><img loading=\"lazy\" width=\"940\" height=\"788\" src=\"http:\/\/jornalismo.ufsj.edu.br\/wp-content\/uploads\/2019\/04\/Thais-Convite.png\" alt=\"\" class=\"wp-image-6522\" srcset=\"http:\/\/jornalismo.ufsj.edu.br\/site\/wp-content\/uploads\/2019\/04\/Thais-Convite.png 940w, http:\/\/jornalismo.ufsj.edu.br\/site\/wp-content\/uploads\/2019\/04\/Thais-Convite-300x251.png 300w, http:\/\/jornalismo.ufsj.edu.br\/site\/wp-content\/uploads\/2019\/04\/Thais-Convite-768x644.png 768w\" sizes=\"(max-width: 940px) 100vw, 940px\" \/><figcaption>Convite de divulga\u00e7\u00e3o da Oficina. R<strong>eprodu\u00e7\u00e3o:<\/strong> Centro Cultural da UFSJ<\/figcaption><\/figure>\n\n\n\n<p>Hoje, dia 17, acontece a Oficina Gratuita focada em Fotografia Urbana ministrada pela aluna Thais Andressa. Das 14h \u00e0s 16h, no Centro Cultural da UFSJ, a Thais ir\u00e1 propor &nbsp;uma reflex\u00e3o sobre o cen\u00e1rio urbano e a forma como vemos a cidade. Qual seria a rela\u00e7\u00e3o entre arte e cidade? E qual o papel da fotografia nessa hist\u00f3ria? A paisagem urbana sempre foi um tema de que despertou grande interesse para os fot\u00f3grafos.<\/p>\n\n\n\n<p>Para ela, \u201ctrabalhar com fotografia ocupa um papel de destaque no que se refere ao testemunho das transforma\u00e7\u00f5es sociais. A fotografia tem o poder de despertar emo\u00e7\u00f5es e gravar para a eternidade um instante \u00fanico e breve da vida.\u201d<\/p>\n\n\n\n<p>Ap\u00f3s a abordagem dos pontos t\u00e9cnicos e te\u00f3ricos, ser\u00e1 dedicado um tempo \u00e0 pr\u00e1tica, na qual ir\u00e3o treinar os conceitos ligados \u00e0 composi\u00e7\u00e3o, o enquadramento e as luzes. Thais ainda conta que \u201ca <em>Fotografia Urbana<\/em> \u00e9 uma vertente que eu tenho desenvolvido com mais dedica\u00e7\u00e3o e que foi o foco de meu trabalho de Conclus\u00e3o de Curso (TCC). Na atividade, os participantes ter\u00e3o no\u00e7\u00f5es dos aspectos b\u00e1sicos sobre teoria e t\u00e9cnica de fotografia, bem como o conhecimento de refer\u00eancias da \u00e1rea, como Vivian Maier, fot\u00f3grafa inspiradora\u201d. <\/p>\n\n\n\n<p>A Oficina ser\u00e1 voltada para crian\u00e7as e adolescentes para que incentive o interesse pelas artes, o desenvolvimento de habilidade, autonomia e criatividade. \u201cFotografia \u00e9 arte e comunica\u00e7\u00e3o. Queremos estimular a produ\u00e7\u00e3o art\u00edstica e incentivar novos autores nessa \u00e1rea\u201d, diz ela.<br><\/p>\n\n\n\n<figure class=\"wp-block-image\"><img\/><\/figure>\n\n\n\n<p>A Oficina nasceu do seu projeto \u201cFragmentos do Cotidiano-<em>Po\u00e9ticas Urbanas<\/em>&#8220;, sob orienta\u00e7\u00e3o, do t\u00e9cnico do Laborat\u00f3rio de Processos Fotogr\u00e1ficos, Marcius Barcelos. &nbsp;O projeto foi aceito no edital N\u00b0 010\/UFSJ\/PROEX, de 20 de julho de 2018, de apoio \u00e0 cria\u00e7\u00e3o e circula\u00e7\u00e3o art\u00edstica da UFSJ. O projeto consiste em visitar algumas cidades da microrregi\u00e3o do Campo das Vertentes e registrar a paisagem urbana a partir de um vi\u00e9s documental, mas que se relaciona tamb\u00e9m estreitamente com a linguagem art\u00edstica na qual a fotografia \u00e9 grande possibilitadora. <\/p>\n\n\n\n<p>\u201cAs imagens que realizo ter\u00e3o sempre como foco a narrativa baseada nos reflexos, seja em po\u00e7as d\u2019\u00e1gua ou em outras superf\u00edcies como vidros de carros e pequenos espelhos, ou seja, os \u2018Fragmentos do Cotidiano\u2019. O fato de registrar a arquitetura e popula\u00e7\u00e3o das cidades citadas contribui com o evidenciamento das caracter\u00edsticas da identidade e paisagem f\u00edsica. Uma cidade est\u00e1 em constante transforma\u00e7\u00e3o e registrar o curso dessas mudan\u00e7as \u00e9 contribuir com a preserva\u00e7\u00e3o de sua hist\u00f3ria. A ideia \u00e9 ter como produto final uma Revista Eletr\u00f4nica que ser\u00e1 disponibilizada na plataforma ISSU e Exposi\u00e7\u00e3o Fotogr\u00e1fica. As oficinas s\u00e3o uma forma de dar um retorno para a comunidade, promover um interc\u00e2mbio com a comunidade regional e contribuir com a forma\u00e7\u00e3o de crian\u00e7as e adolescentes. O projeto ter\u00e1 encerramento em setembro de 2019\u201d, diz ela.<\/p>\n\n\n\n<p>Para isso, se voc\u00ea tem interesse em participar ou conhece algu\u00e9m que se interessa, procure saber se ainda h\u00e1 vagas, j\u00e1 que \u00e9 um n\u00famero limitado. Entre em contato pelo e-mail <a href=\"mailto:labfoto@ufsj.edu.br\">labfoto@ufsj.edu.br<\/a> e n\u00e3o esque\u00e7a de levar sua c\u00e2mera!<\/p>\n\n\n\n<p><strong>Texto: <\/strong>Clara Rosa<\/p>\n","protected":false},"excerpt":{"rendered":"<p>A ideia principal da oficina \u00e9 que o material obtido durante a oficina origine a mostra coletiva: \u201cOlhares sobre a Cidade\u201d, que compor\u00e1 a programa\u00e7\u00e3o do 31\u00b0 Inverno Cultural da UFSJ Hoje, dia 17, acontece a Oficina Gratuita focada em&#8230;<\/p>\n","protected":false},"author":3,"featured_media":0,"comment_status":"open","ping_status":"open","sticky":false,"template":"","format":"standard","meta":{"_monsterinsights_skip_tracking":false,"_monsterinsights_sitenote_active":false,"_monsterinsights_sitenote_note":"","_monsterinsights_sitenote_category":0},"categories":[43],"tags":[],"yoast_head":"<!-- This site is optimized with the Yoast SEO plugin v20.6 - https:\/\/yoast.com\/wordpress\/plugins\/seo\/ -->\n<title>Thais Andressa oferece Oficina de Fotografia - Jornalismo UFSJ<\/title>\n<meta name=\"robots\" content=\"index, follow, max-snippet:-1, max-image-preview:large, max-video-preview:-1\" \/>\n<link rel=\"canonical\" href=\"http:\/\/jornalismo.ufsj.edu.br\/site\/jornalismoufsj\/thais-andressa-oferece-oficina-de-fotografia\/\" \/>\n<meta property=\"og:locale\" content=\"pt_BR\" \/>\n<meta property=\"og:type\" content=\"article\" \/>\n<meta property=\"og:title\" content=\"Thais Andressa oferece Oficina de Fotografia - Jornalismo UFSJ\" \/>\n<meta property=\"og:description\" content=\"A ideia principal da oficina \u00e9 que o material obtido durante a oficina origine a mostra coletiva: \u201cOlhares sobre a Cidade\u201d, que compor\u00e1 a programa\u00e7\u00e3o do 31\u00b0 Inverno Cultural da UFSJ Hoje, dia 17, acontece a Oficina Gratuita focada em...\" \/>\n<meta property=\"og:url\" content=\"http:\/\/jornalismo.ufsj.edu.br\/site\/jornalismoufsj\/thais-andressa-oferece-oficina-de-fotografia\/\" \/>\n<meta property=\"og:site_name\" content=\"Jornalismo UFSJ\" \/>\n<meta property=\"article:publisher\" content=\"https:\/\/www.facebook.com\/jornalismoufsj\/\" \/>\n<meta property=\"article:published_time\" content=\"2019-04-17T11:00:07+00:00\" \/>\n<meta property=\"article:modified_time\" content=\"2019-04-16T19:02:35+00:00\" \/>\n<meta property=\"og:image\" content=\"http:\/\/jornalismo.ufsj.edu.br\/wp-content\/uploads\/2019\/04\/Thais-Convite.png\" \/>\n<meta name=\"twitter:card\" content=\"summary_large_image\" \/>\n<meta name=\"twitter:creator\" content=\"@jornalismoufsj\" \/>\n<meta name=\"twitter:site\" content=\"@jornalismoufsj\" \/>\n<meta name=\"twitter:label1\" content=\"Escrito por\" \/>\n\t<meta name=\"twitter:data1\" content=\"\" \/>\n\t<meta name=\"twitter:label2\" content=\"Est. tempo de leitura\" \/>\n\t<meta name=\"twitter:data2\" content=\"3 minutos\" \/>\n<script type=\"application\/ld+json\" class=\"yoast-schema-graph\">{\"@context\":\"https:\/\/schema.org\",\"@graph\":[{\"@type\":\"WebPage\",\"@id\":\"http:\/\/jornalismo.ufsj.edu.br\/site\/jornalismoufsj\/thais-andressa-oferece-oficina-de-fotografia\/\",\"url\":\"http:\/\/jornalismo.ufsj.edu.br\/site\/jornalismoufsj\/thais-andressa-oferece-oficina-de-fotografia\/\",\"name\":\"Thais Andressa oferece Oficina de Fotografia - Jornalismo UFSJ\",\"isPartOf\":{\"@id\":\"https:\/\/jornalismo.ufsj.edu.br\/site\/#website\"},\"datePublished\":\"2019-04-17T11:00:07+00:00\",\"dateModified\":\"2019-04-16T19:02:35+00:00\",\"author\":{\"@id\":\"\"},\"breadcrumb\":{\"@id\":\"http:\/\/jornalismo.ufsj.edu.br\/site\/jornalismoufsj\/thais-andressa-oferece-oficina-de-fotografia\/#breadcrumb\"},\"inLanguage\":\"pt-BR\",\"potentialAction\":[{\"@type\":\"ReadAction\",\"target\":[\"http:\/\/jornalismo.ufsj.edu.br\/site\/jornalismoufsj\/thais-andressa-oferece-oficina-de-fotografia\/\"]}]},{\"@type\":\"BreadcrumbList\",\"@id\":\"http:\/\/jornalismo.ufsj.edu.br\/site\/jornalismoufsj\/thais-andressa-oferece-oficina-de-fotografia\/#breadcrumb\",\"itemListElement\":[{\"@type\":\"ListItem\",\"position\":1,\"name\":\"In\u00edcio\",\"item\":\"https:\/\/jornalismo.ufsj.edu.br\/site\/\"},{\"@type\":\"ListItem\",\"position\":2,\"name\":\"Thais Andressa oferece Oficina de Fotografia\"}]},{\"@type\":\"WebSite\",\"@id\":\"https:\/\/jornalismo.ufsj.edu.br\/site\/#website\",\"url\":\"https:\/\/jornalismo.ufsj.edu.br\/site\/\",\"name\":\"Jornalismo UFSJ\",\"description\":\"\",\"potentialAction\":[{\"@type\":\"SearchAction\",\"target\":{\"@type\":\"EntryPoint\",\"urlTemplate\":\"https:\/\/jornalismo.ufsj.edu.br\/site\/?s={search_term_string}\"},\"query-input\":\"required name=search_term_string\"}],\"inLanguage\":\"pt-BR\"},{\"@type\":\"Person\",\"@id\":\"\"}]}<\/script>\n<!-- \/ Yoast SEO plugin. -->","yoast_head_json":{"title":"Thais Andressa oferece Oficina de Fotografia - Jornalismo UFSJ","robots":{"index":"index","follow":"follow","max-snippet":"max-snippet:-1","max-image-preview":"max-image-preview:large","max-video-preview":"max-video-preview:-1"},"canonical":"http:\/\/jornalismo.ufsj.edu.br\/site\/jornalismoufsj\/thais-andressa-oferece-oficina-de-fotografia\/","og_locale":"pt_BR","og_type":"article","og_title":"Thais Andressa oferece Oficina de Fotografia - Jornalismo UFSJ","og_description":"A ideia principal da oficina \u00e9 que o material obtido durante a oficina origine a mostra coletiva: \u201cOlhares sobre a Cidade\u201d, que compor\u00e1 a programa\u00e7\u00e3o do 31\u00b0 Inverno Cultural da UFSJ Hoje, dia 17, acontece a Oficina Gratuita focada em...","og_url":"http:\/\/jornalismo.ufsj.edu.br\/site\/jornalismoufsj\/thais-andressa-oferece-oficina-de-fotografia\/","og_site_name":"Jornalismo UFSJ","article_publisher":"https:\/\/www.facebook.com\/jornalismoufsj\/","article_published_time":"2019-04-17T11:00:07+00:00","article_modified_time":"2019-04-16T19:02:35+00:00","og_image":[{"url":"http:\/\/jornalismo.ufsj.edu.br\/wp-content\/uploads\/2019\/04\/Thais-Convite.png"}],"twitter_card":"summary_large_image","twitter_creator":"@jornalismoufsj","twitter_site":"@jornalismoufsj","twitter_misc":{"Escrito por":"","Est. tempo de leitura":"3 minutos"},"schema":{"@context":"https:\/\/schema.org","@graph":[{"@type":"WebPage","@id":"http:\/\/jornalismo.ufsj.edu.br\/site\/jornalismoufsj\/thais-andressa-oferece-oficina-de-fotografia\/","url":"http:\/\/jornalismo.ufsj.edu.br\/site\/jornalismoufsj\/thais-andressa-oferece-oficina-de-fotografia\/","name":"Thais Andressa oferece Oficina de Fotografia - Jornalismo UFSJ","isPartOf":{"@id":"https:\/\/jornalismo.ufsj.edu.br\/site\/#website"},"datePublished":"2019-04-17T11:00:07+00:00","dateModified":"2019-04-16T19:02:35+00:00","author":{"@id":""},"breadcrumb":{"@id":"http:\/\/jornalismo.ufsj.edu.br\/site\/jornalismoufsj\/thais-andressa-oferece-oficina-de-fotografia\/#breadcrumb"},"inLanguage":"pt-BR","potentialAction":[{"@type":"ReadAction","target":["http:\/\/jornalismo.ufsj.edu.br\/site\/jornalismoufsj\/thais-andressa-oferece-oficina-de-fotografia\/"]}]},{"@type":"BreadcrumbList","@id":"http:\/\/jornalismo.ufsj.edu.br\/site\/jornalismoufsj\/thais-andressa-oferece-oficina-de-fotografia\/#breadcrumb","itemListElement":[{"@type":"ListItem","position":1,"name":"In\u00edcio","item":"https:\/\/jornalismo.ufsj.edu.br\/site\/"},{"@type":"ListItem","position":2,"name":"Thais Andressa oferece Oficina de Fotografia"}]},{"@type":"WebSite","@id":"https:\/\/jornalismo.ufsj.edu.br\/site\/#website","url":"https:\/\/jornalismo.ufsj.edu.br\/site\/","name":"Jornalismo UFSJ","description":"","potentialAction":[{"@type":"SearchAction","target":{"@type":"EntryPoint","urlTemplate":"https:\/\/jornalismo.ufsj.edu.br\/site\/?s={search_term_string}"},"query-input":"required name=search_term_string"}],"inLanguage":"pt-BR"},{"@type":"Person","@id":""}]}},"jetpack_featured_media_url":"","_links":{"self":[{"href":"http:\/\/jornalismo.ufsj.edu.br\/site\/wp-json\/wp\/v2\/posts\/6521"}],"collection":[{"href":"http:\/\/jornalismo.ufsj.edu.br\/site\/wp-json\/wp\/v2\/posts"}],"about":[{"href":"http:\/\/jornalismo.ufsj.edu.br\/site\/wp-json\/wp\/v2\/types\/post"}],"author":[{"embeddable":true,"href":"http:\/\/jornalismo.ufsj.edu.br\/site\/wp-json\/wp\/v2\/users\/3"}],"replies":[{"embeddable":true,"href":"http:\/\/jornalismo.ufsj.edu.br\/site\/wp-json\/wp\/v2\/comments?post=6521"}],"version-history":[{"count":1,"href":"http:\/\/jornalismo.ufsj.edu.br\/site\/wp-json\/wp\/v2\/posts\/6521\/revisions"}],"predecessor-version":[{"id":6524,"href":"http:\/\/jornalismo.ufsj.edu.br\/site\/wp-json\/wp\/v2\/posts\/6521\/revisions\/6524"}],"wp:attachment":[{"href":"http:\/\/jornalismo.ufsj.edu.br\/site\/wp-json\/wp\/v2\/media?parent=6521"}],"wp:term":[{"taxonomy":"category","embeddable":true,"href":"http:\/\/jornalismo.ufsj.edu.br\/site\/wp-json\/wp\/v2\/categories?post=6521"},{"taxonomy":"post_tag","embeddable":true,"href":"http:\/\/jornalismo.ufsj.edu.br\/site\/wp-json\/wp\/v2\/tags?post=6521"}],"curies":[{"name":"wp","href":"https:\/\/api.w.org\/{rel}","templated":true}]}}