{"id":6496,"date":"2019-04-11T15:54:01","date_gmt":"2019-04-11T18:54:01","guid":{"rendered":"http:\/\/jornalismo.ufsj.edu.br\/?p=6496"},"modified":"2019-04-11T21:14:25","modified_gmt":"2019-04-12T00:14:25","slug":"ja-pensou-em-trabalhar-na-folha-a-rebeca-conta-como-e","status":"publish","type":"post","link":"http:\/\/jornalismo.ufsj.edu.br\/site\/jornalismoufsj\/ja-pensou-em-trabalhar-na-folha-a-rebeca-conta-como-e\/","title":{"rendered":"J\u00e1 pensou em trabalhar na Folha? A Rebeca conta como \u00e9!"},"content":{"rendered":"\n<p><em>Aluna do Jornalismo UFSJ \u00e9 selecionada para o 63\u00b0 Programa de Treinamento de Jornalismo Di\u00e1rio da Folha.<\/em><br><\/p>\n\n\n\n<figure class=\"wp-block-image\"><img loading=\"lazy\" width=\"1005\" height=\"671\" src=\"http:\/\/jornalismo.ufsj.edu.br\/wp-content\/uploads\/2019\/04\/Screenshot_20190411-134303_1.jpg\" alt=\"\" class=\"wp-image-6497\" srcset=\"http:\/\/jornalismo.ufsj.edu.br\/site\/wp-content\/uploads\/2019\/04\/Screenshot_20190411-134303_1.jpg 1005w, http:\/\/jornalismo.ufsj.edu.br\/site\/wp-content\/uploads\/2019\/04\/Screenshot_20190411-134303_1-300x200.jpg 300w, http:\/\/jornalismo.ufsj.edu.br\/site\/wp-content\/uploads\/2019\/04\/Screenshot_20190411-134303_1-768x513.jpg 768w\" sizes=\"(max-width: 1005px) 100vw, 1005px\" \/><figcaption> Na foto, os doze trainees selecionados. <strong>Reprodu\u00e7\u00e3o:<\/strong> Folha de S\u00e3o Paulo<\/figcaption><\/figure>\n\n\n\n<p>No dia 1\u00b0 de abril, a Folha de S\u00e3o Paulo divulgou em rede os trainees da 63\u00aa turma de Jornalismo Di\u00e1rio da Folha. E para o orgulho do Jornalismo UFSJ, a Rebeca Oliveira, ex-aluna do curso formada em 2018, foi selecionada junto com outros 11, dentre 3.000 inscri\u00e7\u00f5es.<br><\/p>\n\n\n\n<p>Rebeca come\u00e7ou no dia 25 de mar\u00e7o e durante tr\u00eas meses vai acompanhar a rotina da Reda\u00e7\u00e3o. Ela contou que sua rotina di\u00e1ria do treinamento \u00e9 de segunda \u00e0 sexta, de 10h \u00e0s 18h. Basicamente, ela tem palestras e aulas sobre temas espec\u00edficos sobre funcionamento do jornalismo da Folha.<br><\/p>\n\n\n\n<p><em>\u201cTemos uma agenda semanal com aulas de economia, direito, portugu\u00eas, al\u00e9m das aulas pr\u00e1ticas, onde escrevemos mat\u00e9rias. Nesta edi\u00e7\u00e3o, eles resolveram fazer de forma diferente, cada trainee fica com uma editoria e eu fui escolhida para ficar na de redes sociais, comecei na sexta passada (05)\u201d<\/em>, conta ela.<br><\/p>\n\n\n\n<p>O processo seletivo foi dividido em tr\u00eas etapas, sendo a primeira online. Nessa primeira etapa, foi uma prova de ingl\u00eas, conhecimentos gerais e reda\u00e7\u00e3o. Na segunda etapa, foi uma coletiva de imprensa onde os selecionados entrevistaram um jornalista e a partir disso, produziram um texto. Na terceira etapa, foi uma entrevista, presencial ou online. E ao fim do mesmo dia, eles enviaram o resultado.<br><\/p>\n\n\n\n<p>Rebeca conta que a sua prepara\u00e7\u00e3o n\u00e3o foi nada f\u00e1cil, \u201ca prepara\u00e7\u00e3o foi um pouco dif\u00edcil, pois eu tinha acabado de voltar para a casa dos meus pais em Guaratinguet\u00e1, depois de quatro anos em S\u00e3o Jo\u00e3o del-Rei. Enfrentar uma cidade maior que Guaratinguet\u00e1 e S\u00e3o Jo\u00e3o foi um pouco assustador.\u201d<br><\/p>\n\n\n\n<p>Para Rebeca, foi uma honra e uma surpresa ser selecionada e claro, n\u00e3o poderia perder essa oportunidade. Para aqueles que se interessam em participar do programa, Rebeca d\u00e1 uma dica de ouro: \u201cfique atento com as datas de inscri\u00e7\u00e3o que s\u00e3o sempre divulgadas com anteced\u00eancia. Al\u00e9m de saber se \u00e9 isso o que voc\u00ea realmente quer e lembrando de dar o melhor de si. E, boa sorte!\u201d<br><\/p>\n\n\n\n<p>Ap\u00f3s os tr\u00eas meses de treinamento, Rebeca ter\u00e1 que apresentar um projeto final que \u00e9 uma reportagem especial, cujo tema ainda n\u00e3o pode ser revelado. Ficamos na torcida por voc\u00ea, Rebeca!<\/p>\n\n\n\n<p><strong>Texto: <\/strong>Clara Rosa<\/p>\n","protected":false},"excerpt":{"rendered":"<p>Aluna do Jornalismo UFSJ \u00e9 selecionada para o 63\u00b0 Programa de Treinamento de Jornalismo Di\u00e1rio da Folha. No dia 1\u00b0 de abril, a Folha de S\u00e3o Paulo divulgou em rede os trainees da 63\u00aa turma de Jornalismo Di\u00e1rio da Folha&#8230;.<\/p>\n","protected":false},"author":3,"featured_media":0,"comment_status":"open","ping_status":"open","sticky":false,"template":"","format":"standard","meta":{"_monsterinsights_skip_tracking":false,"_monsterinsights_sitenote_active":false,"_monsterinsights_sitenote_note":"","_monsterinsights_sitenote_category":0},"categories":[43],"tags":[],"yoast_head":"<!-- This site is optimized with the Yoast SEO plugin v20.6 - https:\/\/yoast.com\/wordpress\/plugins\/seo\/ -->\n<title>J\u00e1 pensou em trabalhar na Folha? A Rebeca conta como \u00e9! - Jornalismo UFSJ<\/title>\n<meta name=\"robots\" content=\"index, follow, max-snippet:-1, max-image-preview:large, max-video-preview:-1\" \/>\n<link rel=\"canonical\" href=\"https:\/\/jornalismo.ufsj.edu.br\/site\/jornalismoufsj\/ja-pensou-em-trabalhar-na-folha-a-rebeca-conta-como-e\/\" \/>\n<meta property=\"og:locale\" content=\"pt_BR\" \/>\n<meta property=\"og:type\" content=\"article\" \/>\n<meta property=\"og:title\" content=\"J\u00e1 pensou em trabalhar na Folha? A Rebeca conta como \u00e9! - Jornalismo UFSJ\" \/>\n<meta property=\"og:description\" content=\"Aluna do Jornalismo UFSJ \u00e9 selecionada para o 63\u00b0 Programa de Treinamento de Jornalismo Di\u00e1rio da Folha. No dia 1\u00b0 de abril, a Folha de S\u00e3o Paulo divulgou em rede os trainees da 63\u00aa turma de Jornalismo Di\u00e1rio da Folha....\" \/>\n<meta property=\"og:url\" content=\"https:\/\/jornalismo.ufsj.edu.br\/site\/jornalismoufsj\/ja-pensou-em-trabalhar-na-folha-a-rebeca-conta-como-e\/\" \/>\n<meta property=\"og:site_name\" content=\"Jornalismo UFSJ\" \/>\n<meta property=\"article:publisher\" content=\"https:\/\/www.facebook.com\/jornalismoufsj\/\" \/>\n<meta property=\"article:published_time\" content=\"2019-04-11T18:54:01+00:00\" \/>\n<meta property=\"article:modified_time\" content=\"2019-04-12T00:14:25+00:00\" \/>\n<meta property=\"og:image\" content=\"http:\/\/jornalismo.ufsj.edu.br\/wp-content\/uploads\/2019\/04\/Screenshot_20190411-134303_1.jpg\" \/>\n<meta name=\"twitter:card\" content=\"summary_large_image\" \/>\n<meta name=\"twitter:creator\" content=\"@jornalismoufsj\" \/>\n<meta name=\"twitter:site\" content=\"@jornalismoufsj\" \/>\n<meta name=\"twitter:label1\" content=\"Escrito por\" \/>\n\t<meta name=\"twitter:data1\" content=\"\" \/>\n\t<meta name=\"twitter:label2\" content=\"Est. tempo de leitura\" \/>\n\t<meta name=\"twitter:data2\" content=\"2 minutos\" \/>\n<script type=\"application\/ld+json\" class=\"yoast-schema-graph\">{\"@context\":\"https:\/\/schema.org\",\"@graph\":[{\"@type\":\"WebPage\",\"@id\":\"https:\/\/jornalismo.ufsj.edu.br\/site\/jornalismoufsj\/ja-pensou-em-trabalhar-na-folha-a-rebeca-conta-como-e\/\",\"url\":\"https:\/\/jornalismo.ufsj.edu.br\/site\/jornalismoufsj\/ja-pensou-em-trabalhar-na-folha-a-rebeca-conta-como-e\/\",\"name\":\"J\u00e1 pensou em trabalhar na Folha? A Rebeca conta como \u00e9! - Jornalismo UFSJ\",\"isPartOf\":{\"@id\":\"http:\/\/jornalismo.ufsj.edu.br\/site\/#website\"},\"datePublished\":\"2019-04-11T18:54:01+00:00\",\"dateModified\":\"2019-04-12T00:14:25+00:00\",\"author\":{\"@id\":\"\"},\"breadcrumb\":{\"@id\":\"https:\/\/jornalismo.ufsj.edu.br\/site\/jornalismoufsj\/ja-pensou-em-trabalhar-na-folha-a-rebeca-conta-como-e\/#breadcrumb\"},\"inLanguage\":\"pt-BR\",\"potentialAction\":[{\"@type\":\"ReadAction\",\"target\":[\"https:\/\/jornalismo.ufsj.edu.br\/site\/jornalismoufsj\/ja-pensou-em-trabalhar-na-folha-a-rebeca-conta-como-e\/\"]}]},{\"@type\":\"BreadcrumbList\",\"@id\":\"https:\/\/jornalismo.ufsj.edu.br\/site\/jornalismoufsj\/ja-pensou-em-trabalhar-na-folha-a-rebeca-conta-como-e\/#breadcrumb\",\"itemListElement\":[{\"@type\":\"ListItem\",\"position\":1,\"name\":\"In\u00edcio\",\"item\":\"http:\/\/jornalismo.ufsj.edu.br\/site\/\"},{\"@type\":\"ListItem\",\"position\":2,\"name\":\"J\u00e1 pensou em trabalhar na Folha? A Rebeca conta como \u00e9!\"}]},{\"@type\":\"WebSite\",\"@id\":\"http:\/\/jornalismo.ufsj.edu.br\/site\/#website\",\"url\":\"http:\/\/jornalismo.ufsj.edu.br\/site\/\",\"name\":\"Jornalismo UFSJ\",\"description\":\"\",\"potentialAction\":[{\"@type\":\"SearchAction\",\"target\":{\"@type\":\"EntryPoint\",\"urlTemplate\":\"http:\/\/jornalismo.ufsj.edu.br\/site\/?s={search_term_string}\"},\"query-input\":\"required name=search_term_string\"}],\"inLanguage\":\"pt-BR\"},{\"@type\":\"Person\",\"@id\":\"\"}]}<\/script>\n<!-- \/ Yoast SEO plugin. -->","yoast_head_json":{"title":"J\u00e1 pensou em trabalhar na Folha? A Rebeca conta como \u00e9! - Jornalismo UFSJ","robots":{"index":"index","follow":"follow","max-snippet":"max-snippet:-1","max-image-preview":"max-image-preview:large","max-video-preview":"max-video-preview:-1"},"canonical":"https:\/\/jornalismo.ufsj.edu.br\/site\/jornalismoufsj\/ja-pensou-em-trabalhar-na-folha-a-rebeca-conta-como-e\/","og_locale":"pt_BR","og_type":"article","og_title":"J\u00e1 pensou em trabalhar na Folha? A Rebeca conta como \u00e9! - Jornalismo UFSJ","og_description":"Aluna do Jornalismo UFSJ \u00e9 selecionada para o 63\u00b0 Programa de Treinamento de Jornalismo Di\u00e1rio da Folha. No dia 1\u00b0 de abril, a Folha de S\u00e3o Paulo divulgou em rede os trainees da 63\u00aa turma de Jornalismo Di\u00e1rio da Folha....","og_url":"https:\/\/jornalismo.ufsj.edu.br\/site\/jornalismoufsj\/ja-pensou-em-trabalhar-na-folha-a-rebeca-conta-como-e\/","og_site_name":"Jornalismo UFSJ","article_publisher":"https:\/\/www.facebook.com\/jornalismoufsj\/","article_published_time":"2019-04-11T18:54:01+00:00","article_modified_time":"2019-04-12T00:14:25+00:00","og_image":[{"url":"http:\/\/jornalismo.ufsj.edu.br\/wp-content\/uploads\/2019\/04\/Screenshot_20190411-134303_1.jpg"}],"twitter_card":"summary_large_image","twitter_creator":"@jornalismoufsj","twitter_site":"@jornalismoufsj","twitter_misc":{"Escrito por":"","Est. tempo de leitura":"2 minutos"},"schema":{"@context":"https:\/\/schema.org","@graph":[{"@type":"WebPage","@id":"https:\/\/jornalismo.ufsj.edu.br\/site\/jornalismoufsj\/ja-pensou-em-trabalhar-na-folha-a-rebeca-conta-como-e\/","url":"https:\/\/jornalismo.ufsj.edu.br\/site\/jornalismoufsj\/ja-pensou-em-trabalhar-na-folha-a-rebeca-conta-como-e\/","name":"J\u00e1 pensou em trabalhar na Folha? A Rebeca conta como \u00e9! - Jornalismo UFSJ","isPartOf":{"@id":"http:\/\/jornalismo.ufsj.edu.br\/site\/#website"},"datePublished":"2019-04-11T18:54:01+00:00","dateModified":"2019-04-12T00:14:25+00:00","author":{"@id":""},"breadcrumb":{"@id":"https:\/\/jornalismo.ufsj.edu.br\/site\/jornalismoufsj\/ja-pensou-em-trabalhar-na-folha-a-rebeca-conta-como-e\/#breadcrumb"},"inLanguage":"pt-BR","potentialAction":[{"@type":"ReadAction","target":["https:\/\/jornalismo.ufsj.edu.br\/site\/jornalismoufsj\/ja-pensou-em-trabalhar-na-folha-a-rebeca-conta-como-e\/"]}]},{"@type":"BreadcrumbList","@id":"https:\/\/jornalismo.ufsj.edu.br\/site\/jornalismoufsj\/ja-pensou-em-trabalhar-na-folha-a-rebeca-conta-como-e\/#breadcrumb","itemListElement":[{"@type":"ListItem","position":1,"name":"In\u00edcio","item":"http:\/\/jornalismo.ufsj.edu.br\/site\/"},{"@type":"ListItem","position":2,"name":"J\u00e1 pensou em trabalhar na Folha? A Rebeca conta como \u00e9!"}]},{"@type":"WebSite","@id":"http:\/\/jornalismo.ufsj.edu.br\/site\/#website","url":"http:\/\/jornalismo.ufsj.edu.br\/site\/","name":"Jornalismo UFSJ","description":"","potentialAction":[{"@type":"SearchAction","target":{"@type":"EntryPoint","urlTemplate":"http:\/\/jornalismo.ufsj.edu.br\/site\/?s={search_term_string}"},"query-input":"required name=search_term_string"}],"inLanguage":"pt-BR"},{"@type":"Person","@id":""}]}},"jetpack_featured_media_url":"","_links":{"self":[{"href":"http:\/\/jornalismo.ufsj.edu.br\/site\/wp-json\/wp\/v2\/posts\/6496"}],"collection":[{"href":"http:\/\/jornalismo.ufsj.edu.br\/site\/wp-json\/wp\/v2\/posts"}],"about":[{"href":"http:\/\/jornalismo.ufsj.edu.br\/site\/wp-json\/wp\/v2\/types\/post"}],"author":[{"embeddable":true,"href":"http:\/\/jornalismo.ufsj.edu.br\/site\/wp-json\/wp\/v2\/users\/3"}],"replies":[{"embeddable":true,"href":"http:\/\/jornalismo.ufsj.edu.br\/site\/wp-json\/wp\/v2\/comments?post=6496"}],"version-history":[{"count":3,"href":"http:\/\/jornalismo.ufsj.edu.br\/site\/wp-json\/wp\/v2\/posts\/6496\/revisions"}],"predecessor-version":[{"id":6500,"href":"http:\/\/jornalismo.ufsj.edu.br\/site\/wp-json\/wp\/v2\/posts\/6496\/revisions\/6500"}],"wp:attachment":[{"href":"http:\/\/jornalismo.ufsj.edu.br\/site\/wp-json\/wp\/v2\/media?parent=6496"}],"wp:term":[{"taxonomy":"category","embeddable":true,"href":"http:\/\/jornalismo.ufsj.edu.br\/site\/wp-json\/wp\/v2\/categories?post=6496"},{"taxonomy":"post_tag","embeddable":true,"href":"http:\/\/jornalismo.ufsj.edu.br\/site\/wp-json\/wp\/v2\/tags?post=6496"}],"curies":[{"name":"wp","href":"https:\/\/api.w.org\/{rel}","templated":true}]}}