{"id":6470,"date":"2019-04-05T16:00:36","date_gmt":"2019-04-05T19:00:36","guid":{"rendered":"http:\/\/jornalismo.ufsj.edu.br\/?p=6470"},"modified":"2019-04-04T13:48:50","modified_gmt":"2019-04-04T16:48:50","slug":"3o-concurso-cultural-fotografico-conta-com-foto-de-uma-aluna-do-jornalismo","status":"publish","type":"post","link":"http:\/\/jornalismo.ufsj.edu.br\/site\/jornalismoufsj\/3o-concurso-cultural-fotografico-conta-com-foto-de-uma-aluna-do-jornalismo\/","title":{"rendered":"3\u00ba Concurso Cultural Fotogr\u00e1fico conta com foto de uma aluna do Jornalismo"},"content":{"rendered":"<p><i><span style=\"font-weight: 400;\">Thais est\u00e1 participando do seu quarto concurso e conta como a fotografia se tornou um ref\u00fagio e um direcionamento para sua carreira.<\/span><\/i><\/p>\n<p><img loading=\"lazy\" class=\"aligncenter size-large wp-image-6471\" src=\"http:\/\/jornalismo.ufsj.edu.br\/wp-content\/uploads\/2019\/04\/56485694_620469538365739_1450391944550154240_n-1024x683.jpg\" alt=\"\" width=\"1024\" height=\"683\" srcset=\"http:\/\/jornalismo.ufsj.edu.br\/site\/wp-content\/uploads\/2019\/04\/56485694_620469538365739_1450391944550154240_n-1024x683.jpg 1024w, http:\/\/jornalismo.ufsj.edu.br\/site\/wp-content\/uploads\/2019\/04\/56485694_620469538365739_1450391944550154240_n-300x200.jpg 300w, http:\/\/jornalismo.ufsj.edu.br\/site\/wp-content\/uploads\/2019\/04\/56485694_620469538365739_1450391944550154240_n-768x512.jpg 768w, http:\/\/jornalismo.ufsj.edu.br\/site\/wp-content\/uploads\/2019\/04\/56485694_620469538365739_1450391944550154240_n.jpg 1917w\" sizes=\"(max-width: 1024px) 100vw, 1024px\" \/><\/p>\n<h6><span style=\"font-weight: 400;\">A foto reflete a manifesta\u00e7\u00e3o cultural de nosso povo: o congado<\/span><\/h6>\n<h6>Imagem: Thais Andressa<\/h6>\n<p>&nbsp;<\/p>\n<p><span style=\"font-weight: 400;\">No dia 12 de mar\u00e7o foi lan\u00e7ado online o \u201c3\u00ba Concurso Cultural Fotogr\u00e1fico\u201d promovido pelo site <a href=\"https:\/\/www.tudoparafoto.com.br\/\">\u201cTudo pra Foto\u201d<\/a> que tem como pr\u00eamio um Est\u00fadio de Ilumina\u00e7\u00e3o Cont\u00ednua Completo. A primeira etapa foi uma avalia\u00e7\u00e3o pela comiss\u00e3o de fot\u00f3grafos do site, na qual a Thais Andressa, aluna do curso de Jornalismo da UFSJ, foi uma das seis finalistas brasileiras. Na etapa atual, a foto dela foi publicada na conta do <\/span><a href=\"https:\/\/www.instagram.com\/tudoprafoto\/\"><span style=\"font-weight: 400;\">Instagram<\/span><\/a><span style=\"font-weight: 400;\"> para uma vota\u00e7\u00e3o popular, onde, a foto mais votada ganhar\u00e1 a premia\u00e7\u00e3o. <\/span><\/p>\n<p><span style=\"font-weight: 400;\">A foto em quest\u00e3o \u00e9 parte do projeto de fotografia de rua, intitulado \u201cFragmentos do Cotidiano &#8211; Po\u00e9ticas Urbanas\u201d, o qual foi o t\u00edtulo do Trabalho de Conclus\u00e3o de Curso (TCC) da Thais, que deu origem a um fotolivro.<\/span><\/p>\n<p><span style=\"font-weight: 400;\">\u00c9 nessa linha de fotografia urbana que a Thais cria seu estilo e trabalho. A foto foi realizada ano em 2018 em S\u00e3o Jo\u00e3o del-Rei e reflete a manifesta\u00e7\u00e3o cultural de nosso povo: o congado, diz ela.<\/span><\/p>\n<p><span style=\"font-weight: 400;\">E n\u00e3o \u00e9 a primeira vez em que a Thais participa de concursos de fotografias, o \u201c1\u00b0 Concurso Corredor Cultural\u201d, a foto dela intitulada \u201cReflexo da Arte\u201d, foi uma das selecionadas, ficando em 3\u00b0 lugar. No Concurso \u201cContos de Minas 2018\u201d, de cerca de 600 fotos participantes, a foto da Thais foi uma das cinco finalistas, a partir da sele\u00e7\u00e3o da Comiss\u00e3o Julgadora da Secretaria de Cultura e Turismo de Minas Gerais. J\u00e1 na vota\u00e7\u00e3o popular, a sua foto que retratava a Rua da Cacha\u00e7a, foi a terceira mais votada pelo p\u00fablico. Onde as tr\u00eas imagens mais votadas foram publicadas no E-Book Contos de Minas 2018. No \u201cDesafio Resumo Fotogr\u00e1fico\u201d, foi uma das nove finalistas. E pela vota\u00e7\u00e3o popular, ela ficou em primeiro lugar, recebendo a premia\u00e7\u00e3o.<\/span><\/p>\n<p><span style=\"font-weight: 400;\">Thais conta que gosta dessa din\u00e2mica dos concursos, pois \u00e9 uma forma de meu projeto ganhar visibilidade e \u00e9 isso que d\u00e1 sentido para sua trajet\u00f3ria. Para ela, \u201c a fotografia \u00e9 imers\u00e3o e entrega. Outro ponto chave \u00e9 a contempla\u00e7\u00e3o. Amo os espont\u00e2neos da rua, as oscila\u00e7\u00f5es da \u00e1gua e caminhar pela cidade, assim como um <em>fl\u00e2neur<\/em>. Em meu trabalho tento unir essas quest\u00f5es. Ao fotografar os reflexos, as imagens obtidas, por vezes se assemelham a aquarelas, e outra de minhas paix\u00f5es \u00e9 a pintura, apesar de n\u00e3o me dedicar \u00e0 essa \u00e1rea.\u201d<\/span><\/p>\n<p><span style=\"font-weight: 400;\">Ela ainda conta que seus planos de carreira andam lado a lado com a fotografia:<\/span><\/p>\n<p><em><span style=\"font-weight: 400;\">\u201cQuero focar em meus projetos art\u00edsticos e documentais, e desenvolver pesquisas na \u00e1rea. Estou com algumas exposi\u00e7\u00f5es fotogr\u00e1ficas programadas para esse ano, inclusive em Ouro Preto. Quero me dedicar tamb\u00e9m ao fotojornalismo e aprimorar meus conhecimentos t\u00e9cnicos.\u201d<\/span><\/em><\/p>\n<p><span style=\"font-weight: 400;\">A vota\u00e7\u00e3o do \u201c3\u00ba Concurso Cultural Fotogr\u00e1fico\u201d se encerra no dia 08 de abril, segunda-feira, por isso, d\u00ea uma corrida no Instagram, clicando <\/span><a href=\"https:\/\/www.instagram.com\/tudoprafoto\/p\/Bu6rWUihzWN\/?utm_source=ig_share_sheet&amp;igshid=pvtrw0t8pzwy&amp;fbclid=IwAR35vRDGkdI1eIXy2Iy3pmNBtj-1FWgcGsyQNGHps6PXIzjhtEe6OjuY_1Y\" target=\"_blank\" rel=\"noopener\"><span style=\"font-weight: 400;\">aqui<\/span><\/a><span style=\"font-weight: 400;\"> e d\u00ea um like na foto dela!<\/span><\/p>\n<p>&nbsp;<\/p>\n<h6>Texto: Clara Rosa<\/h6>\n<p>&nbsp;<\/p>\n","protected":false},"excerpt":{"rendered":"<p>Thais est\u00e1 participando do seu quarto concurso e conta como a fotografia se tornou um ref\u00fagio e um direcionamento para sua carreira. A foto reflete a manifesta\u00e7\u00e3o cultural de nosso povo: o congado Imagem: Thais Andressa &nbsp; No dia 12&#8230;<\/p>\n","protected":false},"author":3,"featured_media":0,"comment_status":"open","ping_status":"open","sticky":false,"template":"","format":"standard","meta":{"_monsterinsights_skip_tracking":false,"_monsterinsights_sitenote_active":false,"_monsterinsights_sitenote_note":"","_monsterinsights_sitenote_category":0},"categories":[43],"tags":[],"yoast_head":"<!-- This site is optimized with the Yoast SEO plugin v20.6 - https:\/\/yoast.com\/wordpress\/plugins\/seo\/ -->\n<title>3\u00ba Concurso Cultural Fotogr\u00e1fico conta com foto de uma aluna do Jornalismo - Jornalismo UFSJ<\/title>\n<meta name=\"robots\" content=\"index, follow, max-snippet:-1, max-image-preview:large, max-video-preview:-1\" \/>\n<link rel=\"canonical\" href=\"https:\/\/anu.ufsj.edu.br\/site\/jornalismoufsj\/3o-concurso-cultural-fotografico-conta-com-foto-de-uma-aluna-do-jornalismo\/\" \/>\n<meta property=\"og:locale\" content=\"pt_BR\" \/>\n<meta property=\"og:type\" content=\"article\" \/>\n<meta property=\"og:title\" content=\"3\u00ba Concurso Cultural Fotogr\u00e1fico conta com foto de uma aluna do Jornalismo - Jornalismo UFSJ\" \/>\n<meta property=\"og:description\" content=\"Thais est\u00e1 participando do seu quarto concurso e conta como a fotografia se tornou um ref\u00fagio e um direcionamento para sua carreira. A foto reflete a manifesta\u00e7\u00e3o cultural de nosso povo: o congado Imagem: Thais Andressa &nbsp; No dia 12...\" \/>\n<meta property=\"og:url\" content=\"https:\/\/anu.ufsj.edu.br\/site\/jornalismoufsj\/3o-concurso-cultural-fotografico-conta-com-foto-de-uma-aluna-do-jornalismo\/\" \/>\n<meta property=\"og:site_name\" content=\"Jornalismo UFSJ\" \/>\n<meta property=\"article:publisher\" content=\"https:\/\/www.facebook.com\/jornalismoufsj\/\" \/>\n<meta property=\"article:published_time\" content=\"2019-04-05T19:00:36+00:00\" \/>\n<meta property=\"article:modified_time\" content=\"2019-04-04T16:48:50+00:00\" \/>\n<meta property=\"og:image\" content=\"http:\/\/jornalismo.ufsj.edu.br\/wp-content\/uploads\/2019\/04\/56485694_620469538365739_1450391944550154240_n-1024x683.jpg\" \/>\n<meta name=\"twitter:card\" content=\"summary_large_image\" \/>\n<meta name=\"twitter:creator\" content=\"@jornalismoufsj\" \/>\n<meta name=\"twitter:site\" content=\"@jornalismoufsj\" \/>\n<meta name=\"twitter:label1\" content=\"Escrito por\" \/>\n\t<meta name=\"twitter:data1\" content=\"\" \/>\n\t<meta name=\"twitter:label2\" content=\"Est. tempo de leitura\" \/>\n\t<meta name=\"twitter:data2\" content=\"3 minutos\" \/>\n<script type=\"application\/ld+json\" class=\"yoast-schema-graph\">{\"@context\":\"https:\/\/schema.org\",\"@graph\":[{\"@type\":\"WebPage\",\"@id\":\"https:\/\/anu.ufsj.edu.br\/site\/jornalismoufsj\/3o-concurso-cultural-fotografico-conta-com-foto-de-uma-aluna-do-jornalismo\/\",\"url\":\"https:\/\/anu.ufsj.edu.br\/site\/jornalismoufsj\/3o-concurso-cultural-fotografico-conta-com-foto-de-uma-aluna-do-jornalismo\/\",\"name\":\"3\u00ba Concurso Cultural Fotogr\u00e1fico conta com foto de uma aluna do Jornalismo - Jornalismo UFSJ\",\"isPartOf\":{\"@id\":\"http:\/\/jornalismo.ufsj.edu.br\/site\/#website\"},\"datePublished\":\"2019-04-05T19:00:36+00:00\",\"dateModified\":\"2019-04-04T16:48:50+00:00\",\"author\":{\"@id\":\"\"},\"breadcrumb\":{\"@id\":\"https:\/\/anu.ufsj.edu.br\/site\/jornalismoufsj\/3o-concurso-cultural-fotografico-conta-com-foto-de-uma-aluna-do-jornalismo\/#breadcrumb\"},\"inLanguage\":\"pt-BR\",\"potentialAction\":[{\"@type\":\"ReadAction\",\"target\":[\"https:\/\/anu.ufsj.edu.br\/site\/jornalismoufsj\/3o-concurso-cultural-fotografico-conta-com-foto-de-uma-aluna-do-jornalismo\/\"]}]},{\"@type\":\"BreadcrumbList\",\"@id\":\"https:\/\/anu.ufsj.edu.br\/site\/jornalismoufsj\/3o-concurso-cultural-fotografico-conta-com-foto-de-uma-aluna-do-jornalismo\/#breadcrumb\",\"itemListElement\":[{\"@type\":\"ListItem\",\"position\":1,\"name\":\"In\u00edcio\",\"item\":\"http:\/\/jornalismo.ufsj.edu.br\/site\/\"},{\"@type\":\"ListItem\",\"position\":2,\"name\":\"3\u00ba Concurso Cultural Fotogr\u00e1fico conta com foto de uma aluna do Jornalismo\"}]},{\"@type\":\"WebSite\",\"@id\":\"http:\/\/jornalismo.ufsj.edu.br\/site\/#website\",\"url\":\"http:\/\/jornalismo.ufsj.edu.br\/site\/\",\"name\":\"Jornalismo UFSJ\",\"description\":\"\",\"potentialAction\":[{\"@type\":\"SearchAction\",\"target\":{\"@type\":\"EntryPoint\",\"urlTemplate\":\"http:\/\/jornalismo.ufsj.edu.br\/site\/?s={search_term_string}\"},\"query-input\":\"required name=search_term_string\"}],\"inLanguage\":\"pt-BR\"},{\"@type\":\"Person\",\"@id\":\"\"}]}<\/script>\n<!-- \/ Yoast SEO plugin. -->","yoast_head_json":{"title":"3\u00ba Concurso Cultural Fotogr\u00e1fico conta com foto de uma aluna do Jornalismo - Jornalismo UFSJ","robots":{"index":"index","follow":"follow","max-snippet":"max-snippet:-1","max-image-preview":"max-image-preview:large","max-video-preview":"max-video-preview:-1"},"canonical":"https:\/\/anu.ufsj.edu.br\/site\/jornalismoufsj\/3o-concurso-cultural-fotografico-conta-com-foto-de-uma-aluna-do-jornalismo\/","og_locale":"pt_BR","og_type":"article","og_title":"3\u00ba Concurso Cultural Fotogr\u00e1fico conta com foto de uma aluna do Jornalismo - Jornalismo UFSJ","og_description":"Thais est\u00e1 participando do seu quarto concurso e conta como a fotografia se tornou um ref\u00fagio e um direcionamento para sua carreira. A foto reflete a manifesta\u00e7\u00e3o cultural de nosso povo: o congado Imagem: Thais Andressa &nbsp; No dia 12...","og_url":"https:\/\/anu.ufsj.edu.br\/site\/jornalismoufsj\/3o-concurso-cultural-fotografico-conta-com-foto-de-uma-aluna-do-jornalismo\/","og_site_name":"Jornalismo UFSJ","article_publisher":"https:\/\/www.facebook.com\/jornalismoufsj\/","article_published_time":"2019-04-05T19:00:36+00:00","article_modified_time":"2019-04-04T16:48:50+00:00","og_image":[{"url":"http:\/\/jornalismo.ufsj.edu.br\/wp-content\/uploads\/2019\/04\/56485694_620469538365739_1450391944550154240_n-1024x683.jpg"}],"twitter_card":"summary_large_image","twitter_creator":"@jornalismoufsj","twitter_site":"@jornalismoufsj","twitter_misc":{"Escrito por":"","Est. tempo de leitura":"3 minutos"},"schema":{"@context":"https:\/\/schema.org","@graph":[{"@type":"WebPage","@id":"https:\/\/anu.ufsj.edu.br\/site\/jornalismoufsj\/3o-concurso-cultural-fotografico-conta-com-foto-de-uma-aluna-do-jornalismo\/","url":"https:\/\/anu.ufsj.edu.br\/site\/jornalismoufsj\/3o-concurso-cultural-fotografico-conta-com-foto-de-uma-aluna-do-jornalismo\/","name":"3\u00ba Concurso Cultural Fotogr\u00e1fico conta com foto de uma aluna do Jornalismo - Jornalismo UFSJ","isPartOf":{"@id":"http:\/\/jornalismo.ufsj.edu.br\/site\/#website"},"datePublished":"2019-04-05T19:00:36+00:00","dateModified":"2019-04-04T16:48:50+00:00","author":{"@id":""},"breadcrumb":{"@id":"https:\/\/anu.ufsj.edu.br\/site\/jornalismoufsj\/3o-concurso-cultural-fotografico-conta-com-foto-de-uma-aluna-do-jornalismo\/#breadcrumb"},"inLanguage":"pt-BR","potentialAction":[{"@type":"ReadAction","target":["https:\/\/anu.ufsj.edu.br\/site\/jornalismoufsj\/3o-concurso-cultural-fotografico-conta-com-foto-de-uma-aluna-do-jornalismo\/"]}]},{"@type":"BreadcrumbList","@id":"https:\/\/anu.ufsj.edu.br\/site\/jornalismoufsj\/3o-concurso-cultural-fotografico-conta-com-foto-de-uma-aluna-do-jornalismo\/#breadcrumb","itemListElement":[{"@type":"ListItem","position":1,"name":"In\u00edcio","item":"http:\/\/jornalismo.ufsj.edu.br\/site\/"},{"@type":"ListItem","position":2,"name":"3\u00ba Concurso Cultural Fotogr\u00e1fico conta com foto de uma aluna do Jornalismo"}]},{"@type":"WebSite","@id":"http:\/\/jornalismo.ufsj.edu.br\/site\/#website","url":"http:\/\/jornalismo.ufsj.edu.br\/site\/","name":"Jornalismo UFSJ","description":"","potentialAction":[{"@type":"SearchAction","target":{"@type":"EntryPoint","urlTemplate":"http:\/\/jornalismo.ufsj.edu.br\/site\/?s={search_term_string}"},"query-input":"required name=search_term_string"}],"inLanguage":"pt-BR"},{"@type":"Person","@id":""}]}},"jetpack_featured_media_url":"","_links":{"self":[{"href":"http:\/\/jornalismo.ufsj.edu.br\/site\/wp-json\/wp\/v2\/posts\/6470"}],"collection":[{"href":"http:\/\/jornalismo.ufsj.edu.br\/site\/wp-json\/wp\/v2\/posts"}],"about":[{"href":"http:\/\/jornalismo.ufsj.edu.br\/site\/wp-json\/wp\/v2\/types\/post"}],"author":[{"embeddable":true,"href":"http:\/\/jornalismo.ufsj.edu.br\/site\/wp-json\/wp\/v2\/users\/3"}],"replies":[{"embeddable":true,"href":"http:\/\/jornalismo.ufsj.edu.br\/site\/wp-json\/wp\/v2\/comments?post=6470"}],"version-history":[{"count":3,"href":"http:\/\/jornalismo.ufsj.edu.br\/site\/wp-json\/wp\/v2\/posts\/6470\/revisions"}],"predecessor-version":[{"id":6480,"href":"http:\/\/jornalismo.ufsj.edu.br\/site\/wp-json\/wp\/v2\/posts\/6470\/revisions\/6480"}],"wp:attachment":[{"href":"http:\/\/jornalismo.ufsj.edu.br\/site\/wp-json\/wp\/v2\/media?parent=6470"}],"wp:term":[{"taxonomy":"category","embeddable":true,"href":"http:\/\/jornalismo.ufsj.edu.br\/site\/wp-json\/wp\/v2\/categories?post=6470"},{"taxonomy":"post_tag","embeddable":true,"href":"http:\/\/jornalismo.ufsj.edu.br\/site\/wp-json\/wp\/v2\/tags?post=6470"}],"curies":[{"name":"wp","href":"https:\/\/api.w.org\/{rel}","templated":true}]}}