{"id":6431,"date":"2018-11-01T02:24:55","date_gmt":"2018-11-01T05:24:55","guid":{"rendered":"http:\/\/jornalismo.ufsj.edu.br\/?p=6431"},"modified":"2018-11-01T02:24:55","modified_gmt":"2018-11-01T05:24:55","slug":"por-onde-anda-michele-carvalho","status":"publish","type":"post","link":"http:\/\/jornalismo.ufsj.edu.br\/site\/alunos\/por-onde-anda-michele-carvalho\/","title":{"rendered":"Por Onde Anda: Michele Carvalho"},"content":{"rendered":"<p style=\"text-align: justify;\"><img loading=\"lazy\" class=\"wp-image-6434 alignright\" src=\"http:\/\/jornalismo.ufsj.edu.br\/wp-content\/uploads\/2018\/11\/WhatsApp-Image-2018-10-16-at-20.22.31.jpeg\" alt=\"\" width=\"237\" height=\"336\" srcset=\"http:\/\/jornalismo.ufsj.edu.br\/site\/wp-content\/uploads\/2018\/11\/WhatsApp-Image-2018-10-16-at-20.22.31.jpeg 720w, http:\/\/jornalismo.ufsj.edu.br\/site\/wp-content\/uploads\/2018\/11\/WhatsApp-Image-2018-10-16-at-20.22.31-212x300.jpeg 212w\" sizes=\"(max-width: 237px) 100vw, 237px\" \/>O jornalismo era a \u00fanica op\u00e7\u00e3o de faculdade para ela. \u201cDesde a \u00e9poca de escola, meu sonho sempre foi ser rep\u00f3rter, ter a possibilidade de conhecer outras viv\u00eancias e dar voz a elas\u201d.<\/p>\n<p style=\"text-align: justify;\">Michele Carvalho, 23, nasceu em Ouro Branco, munic\u00edpio localizado a cerca de 119 km de S\u00e3o Jo\u00e3o del-Rei, e ingressou no curso de Jornalismo da UFSJ em 2013.<\/p>\n<p style=\"text-align: justify;\">Em seu per\u00edodo de gradua\u00e7\u00e3o, a ent\u00e3o estudante teve muitas experi\u00eancias profissionais tanto dentro da universidade, quanto fora dela \u2013 oportunidades que ela considera de extrema import\u00e2ncia para a sua forma\u00e7\u00e3o: \u201cNa UFSJ, fui respons\u00e1vel pela gest\u00e3o de conte\u00fado do site do Jornalismo\/UFSJ e tamb\u00e9m participei por dois anos e meio da empresa j\u00fanior do curso, uma das minhas experi\u00eancias mais longas. L\u00e1, por exemplo, utiliz\u00e1vamos a ferramenta <a href=\"https:\/\/trello.com\/\">Trello<\/a>, uma esp\u00e9cie de gerenciador de tarefas, que hoje, utilizo diariamente no meu trabalho\u201d. J\u00e1 fora das depend\u00eancias universit\u00e1rias, ela relembra que chegou a realizar alguns est\u00e1gios: \u201cAtuei na R\u00e1dio Vertentes, na Prefeitura Municipal da minha cidade e no campus do Institut<img loading=\"lazy\" class=\"wp-image-6433 alignleft\" src=\"http:\/\/jornalismo.ufsj.edu.br\/wp-content\/uploads\/2018\/11\/WhatsApp-Image-2018-10-16-at-17.47.03.jpeg\" alt=\"\" width=\"408\" height=\"306\" srcset=\"http:\/\/jornalismo.ufsj.edu.br\/site\/wp-content\/uploads\/2018\/11\/WhatsApp-Image-2018-10-16-at-17.47.03.jpeg 720w, http:\/\/jornalismo.ufsj.edu.br\/site\/wp-content\/uploads\/2018\/11\/WhatsApp-Image-2018-10-16-at-17.47.03-300x225.jpeg 300w\" sizes=\"(max-width: 408px) 100vw, 408px\" \/>o Federal de Minas Gerais, tamb\u00e9m da minha cidade\u201d.<\/p>\n<p style=\"text-align: justify;\">Durante o curso, Michele, que sempre teve interesse pelo telejornalismo \u2013 \u00e1rea que a \u201cfascina at\u00e9 hoje\u201d \u2013, compreendeu que no jornalismo \u201cas possibilidades s\u00e3o muitas e basta voc\u00ea se aperfei\u00e7oar\u201d. \u201cO diferencial, hoje, para o mercado \u00e9 saber um pouco sobre todas as \u00e1reas de atua\u00e7\u00e3o do jornalista\u201d, afirma.<\/p>\n<p style=\"text-align: justify;\">Michele se formou em 2017. E, ap\u00f3s uma breve passagem por uma outra ag\u00eancia de marketing, a jornalista, atualmente, \u00e9 contratada da Black 12: ag\u00eancia que, segundo o seu <a href=\"http:\/\/black12.com.br\/\">site institucional<\/a>, atua no planejamento e execu\u00e7\u00e3o de a\u00e7\u00f5es de design, comunica\u00e7\u00e3o e marketing.<\/p>\n<p style=\"text-align: justify;\">\u201cNa empresa, j\u00e1 passei por dois cargos, inicialmente Assistente de Atendimento e hoje como Social Media. Basicamente, lido diariamente com as redes sociais dos nossos clientes (realizando intera\u00e7\u00e3o, programa\u00e7\u00f5es, cria\u00e7\u00e3o de textos, mat\u00e9rias&#8230;), que s\u00e3o os mais diversos poss\u00edveis (m\u00e9dicos, cl\u00ednicas, lojas, cervejarias&#8230;), o que demanda muita pesquisa\u201d, .<img loading=\"lazy\" class=\"wp-image-6432 alignright\" src=\"http:\/\/jornalismo.ufsj.edu.br\/wp-content\/uploads\/2018\/11\/WhatsApp-Image-2018-10-16-at-17.48.21-1024x986.jpeg\" alt=\"\" width=\"380\" height=\"365\" srcset=\"http:\/\/jornalismo.ufsj.edu.br\/site\/wp-content\/uploads\/2018\/11\/WhatsApp-Image-2018-10-16-at-17.48.21-1024x986.jpeg 1024w, http:\/\/jornalismo.ufsj.edu.br\/site\/wp-content\/uploads\/2018\/11\/WhatsApp-Image-2018-10-16-at-17.48.21-300x289.jpeg 300w, http:\/\/jornalismo.ufsj.edu.br\/site\/wp-content\/uploads\/2018\/11\/WhatsApp-Image-2018-10-16-at-17.48.21-768x740.jpeg 768w, http:\/\/jornalismo.ufsj.edu.br\/site\/wp-content\/uploads\/2018\/11\/WhatsApp-Image-2018-10-16-at-17.48.21.jpeg 1080w\" sizes=\"(max-width: 380px) 100vw, 380px\" \/><\/p>\n<p style=\"text-align: justify;\">O atual cargo exercido por Michele \u00e9 novo no campo profissional da comunica\u00e7\u00e3o e, \u00e0s vezes, pouco relacionado com a atua\u00e7\u00e3o de jornalistas. No entanto, ela defende que \u201ca atividade de social media \u00e9 uma das atividades com mais afinidade com o nosso curso. Tudo o que aprendi durante a gradua\u00e7\u00e3o em jornalismo, posso colocar em pr\u00e1tica da mesma forma, s\u00f3 que atrav\u00e9s das redes sociais\u201d.<\/p>\n<p style=\"text-align: justify;\">A jornalista ainda deixa um recado para os iniciantes do curso: \u201cN\u00e3o \u00e9 uma jornada f\u00e1cil, o ambiente jornal\u00edstico \u00e9 um mercado desvalorizado. Mas se \u00e9 o que voc\u00ea quer, busque ser o melhor, especialize-se, aproveite todos os trabalhos da faculdade. <strong>Apare\u00e7a! Deixe seu legado<\/strong>\u201d.<\/p>\n<p style=\"text-align: justify;\">Perguntada sobre os seus pr\u00f3ximos passos na comunica\u00e7\u00e3o, a jornalista mostra-se determinada: \u201cMinhas ambi\u00e7\u00f5es s\u00e3o de continuar adquirindo experi\u00eancia na \u00e1rea, por meio de uma p\u00f3s-gradua\u00e7\u00e3o, e prosseguir tentando a \u00e1rea de TV, que \u00e9 e sempre foi meu sonho\u201d.<\/p>\n<p style=\"text-align: justify;\">Michele Carvalho, estamos na torcida para que todos os seus objetivos se tornem realidade!<\/p>\n<p style=\"text-align: justify;\">\n<p style=\"text-align: right;\">Texto: Arthur Raposo Gomes<\/p>\n<p style=\"text-align: right;\">Fotos: Arquivo pessoal<\/p>\n<p>&nbsp;<\/p>\n<p>&nbsp;<\/p>\n<p>Texto: Arthur Raposo Gomes<\/p>\n<p>Fotos: Arquivo pessoal<\/p>\n","protected":false},"excerpt":{"rendered":"<p>O jornalismo era a \u00fanica op\u00e7\u00e3o de faculdade para ela. \u201cDesde a \u00e9poca de escola, meu sonho sempre foi ser rep\u00f3rter, ter a possibilidade de conhecer outras viv\u00eancias e dar voz a elas\u201d. Michele Carvalho, 23, nasceu em Ouro Branco,&#8230;<\/p>\n","protected":false},"author":3,"featured_media":0,"comment_status":"open","ping_status":"open","sticky":false,"template":"","format":"standard","meta":{"_monsterinsights_skip_tracking":false,"_monsterinsights_sitenote_active":false,"_monsterinsights_sitenote_note":"","_monsterinsights_sitenote_category":0},"categories":[6,28,63],"tags":[182,180,179,181],"yoast_head":"<!-- This site is optimized with the Yoast SEO plugin v20.6 - https:\/\/yoast.com\/wordpress\/plugins\/seo\/ -->\n<title>Por Onde Anda: Michele Carvalho - Jornalismo UFSJ<\/title>\n<meta name=\"robots\" content=\"index, follow, max-snippet:-1, max-image-preview:large, max-video-preview:-1\" \/>\n<link rel=\"canonical\" href=\"http:\/\/jornalismo.ufsj.edu.br\/site\/alunos\/por-onde-anda-michele-carvalho\/\" \/>\n<meta property=\"og:locale\" content=\"pt_BR\" \/>\n<meta property=\"og:type\" content=\"article\" \/>\n<meta property=\"og:title\" content=\"Por Onde Anda: Michele Carvalho - Jornalismo UFSJ\" \/>\n<meta property=\"og:description\" content=\"O jornalismo era a \u00fanica op\u00e7\u00e3o de faculdade para ela. \u201cDesde a \u00e9poca de escola, meu sonho sempre foi ser rep\u00f3rter, ter a possibilidade de conhecer outras viv\u00eancias e dar voz a elas\u201d. Michele Carvalho, 23, nasceu em Ouro Branco,...\" \/>\n<meta property=\"og:url\" content=\"http:\/\/jornalismo.ufsj.edu.br\/site\/alunos\/por-onde-anda-michele-carvalho\/\" \/>\n<meta property=\"og:site_name\" content=\"Jornalismo UFSJ\" \/>\n<meta property=\"article:publisher\" content=\"https:\/\/www.facebook.com\/jornalismoufsj\/\" \/>\n<meta property=\"article:published_time\" content=\"2018-11-01T05:24:55+00:00\" \/>\n<meta property=\"og:image\" content=\"http:\/\/jornalismo.ufsj.edu.br\/wp-content\/uploads\/2018\/11\/WhatsApp-Image-2018-10-16-at-20.22.31.jpeg\" \/>\n<meta name=\"twitter:card\" content=\"summary_large_image\" \/>\n<meta name=\"twitter:creator\" content=\"@jornalismoufsj\" \/>\n<meta name=\"twitter:site\" content=\"@jornalismoufsj\" \/>\n<meta name=\"twitter:label1\" content=\"Escrito por\" \/>\n\t<meta name=\"twitter:data1\" content=\"\" \/>\n\t<meta name=\"twitter:label2\" content=\"Est. tempo de leitura\" \/>\n\t<meta name=\"twitter:data2\" content=\"3 minutos\" \/>\n<script type=\"application\/ld+json\" class=\"yoast-schema-graph\">{\"@context\":\"https:\/\/schema.org\",\"@graph\":[{\"@type\":\"WebPage\",\"@id\":\"http:\/\/jornalismo.ufsj.edu.br\/site\/alunos\/por-onde-anda-michele-carvalho\/\",\"url\":\"http:\/\/jornalismo.ufsj.edu.br\/site\/alunos\/por-onde-anda-michele-carvalho\/\",\"name\":\"Por Onde Anda: Michele Carvalho - Jornalismo UFSJ\",\"isPartOf\":{\"@id\":\"http:\/\/jornalismo.ufsj.edu.br\/site\/#website\"},\"datePublished\":\"2018-11-01T05:24:55+00:00\",\"dateModified\":\"2018-11-01T05:24:55+00:00\",\"author\":{\"@id\":\"\"},\"breadcrumb\":{\"@id\":\"http:\/\/jornalismo.ufsj.edu.br\/site\/alunos\/por-onde-anda-michele-carvalho\/#breadcrumb\"},\"inLanguage\":\"pt-BR\",\"potentialAction\":[{\"@type\":\"ReadAction\",\"target\":[\"http:\/\/jornalismo.ufsj.edu.br\/site\/alunos\/por-onde-anda-michele-carvalho\/\"]}]},{\"@type\":\"BreadcrumbList\",\"@id\":\"http:\/\/jornalismo.ufsj.edu.br\/site\/alunos\/por-onde-anda-michele-carvalho\/#breadcrumb\",\"itemListElement\":[{\"@type\":\"ListItem\",\"position\":1,\"name\":\"In\u00edcio\",\"item\":\"http:\/\/jornalismo.ufsj.edu.br\/site\/\"},{\"@type\":\"ListItem\",\"position\":2,\"name\":\"Por Onde Anda: Michele Carvalho\"}]},{\"@type\":\"WebSite\",\"@id\":\"http:\/\/jornalismo.ufsj.edu.br\/site\/#website\",\"url\":\"http:\/\/jornalismo.ufsj.edu.br\/site\/\",\"name\":\"Jornalismo UFSJ\",\"description\":\"\",\"potentialAction\":[{\"@type\":\"SearchAction\",\"target\":{\"@type\":\"EntryPoint\",\"urlTemplate\":\"http:\/\/jornalismo.ufsj.edu.br\/site\/?s={search_term_string}\"},\"query-input\":\"required name=search_term_string\"}],\"inLanguage\":\"pt-BR\"},{\"@type\":\"Person\",\"@id\":\"\"}]}<\/script>\n<!-- \/ Yoast SEO plugin. -->","yoast_head_json":{"title":"Por Onde Anda: Michele Carvalho - Jornalismo UFSJ","robots":{"index":"index","follow":"follow","max-snippet":"max-snippet:-1","max-image-preview":"max-image-preview:large","max-video-preview":"max-video-preview:-1"},"canonical":"http:\/\/jornalismo.ufsj.edu.br\/site\/alunos\/por-onde-anda-michele-carvalho\/","og_locale":"pt_BR","og_type":"article","og_title":"Por Onde Anda: Michele Carvalho - Jornalismo UFSJ","og_description":"O jornalismo era a \u00fanica op\u00e7\u00e3o de faculdade para ela. \u201cDesde a \u00e9poca de escola, meu sonho sempre foi ser rep\u00f3rter, ter a possibilidade de conhecer outras viv\u00eancias e dar voz a elas\u201d. Michele Carvalho, 23, nasceu em Ouro Branco,...","og_url":"http:\/\/jornalismo.ufsj.edu.br\/site\/alunos\/por-onde-anda-michele-carvalho\/","og_site_name":"Jornalismo UFSJ","article_publisher":"https:\/\/www.facebook.com\/jornalismoufsj\/","article_published_time":"2018-11-01T05:24:55+00:00","og_image":[{"url":"http:\/\/jornalismo.ufsj.edu.br\/wp-content\/uploads\/2018\/11\/WhatsApp-Image-2018-10-16-at-20.22.31.jpeg"}],"twitter_card":"summary_large_image","twitter_creator":"@jornalismoufsj","twitter_site":"@jornalismoufsj","twitter_misc":{"Escrito por":"","Est. tempo de leitura":"3 minutos"},"schema":{"@context":"https:\/\/schema.org","@graph":[{"@type":"WebPage","@id":"http:\/\/jornalismo.ufsj.edu.br\/site\/alunos\/por-onde-anda-michele-carvalho\/","url":"http:\/\/jornalismo.ufsj.edu.br\/site\/alunos\/por-onde-anda-michele-carvalho\/","name":"Por Onde Anda: Michele Carvalho - Jornalismo UFSJ","isPartOf":{"@id":"http:\/\/jornalismo.ufsj.edu.br\/site\/#website"},"datePublished":"2018-11-01T05:24:55+00:00","dateModified":"2018-11-01T05:24:55+00:00","author":{"@id":""},"breadcrumb":{"@id":"http:\/\/jornalismo.ufsj.edu.br\/site\/alunos\/por-onde-anda-michele-carvalho\/#breadcrumb"},"inLanguage":"pt-BR","potentialAction":[{"@type":"ReadAction","target":["http:\/\/jornalismo.ufsj.edu.br\/site\/alunos\/por-onde-anda-michele-carvalho\/"]}]},{"@type":"BreadcrumbList","@id":"http:\/\/jornalismo.ufsj.edu.br\/site\/alunos\/por-onde-anda-michele-carvalho\/#breadcrumb","itemListElement":[{"@type":"ListItem","position":1,"name":"In\u00edcio","item":"http:\/\/jornalismo.ufsj.edu.br\/site\/"},{"@type":"ListItem","position":2,"name":"Por Onde Anda: Michele Carvalho"}]},{"@type":"WebSite","@id":"http:\/\/jornalismo.ufsj.edu.br\/site\/#website","url":"http:\/\/jornalismo.ufsj.edu.br\/site\/","name":"Jornalismo UFSJ","description":"","potentialAction":[{"@type":"SearchAction","target":{"@type":"EntryPoint","urlTemplate":"http:\/\/jornalismo.ufsj.edu.br\/site\/?s={search_term_string}"},"query-input":"required name=search_term_string"}],"inLanguage":"pt-BR"},{"@type":"Person","@id":""}]}},"jetpack_featured_media_url":"","_links":{"self":[{"href":"http:\/\/jornalismo.ufsj.edu.br\/site\/wp-json\/wp\/v2\/posts\/6431"}],"collection":[{"href":"http:\/\/jornalismo.ufsj.edu.br\/site\/wp-json\/wp\/v2\/posts"}],"about":[{"href":"http:\/\/jornalismo.ufsj.edu.br\/site\/wp-json\/wp\/v2\/types\/post"}],"author":[{"embeddable":true,"href":"http:\/\/jornalismo.ufsj.edu.br\/site\/wp-json\/wp\/v2\/users\/3"}],"replies":[{"embeddable":true,"href":"http:\/\/jornalismo.ufsj.edu.br\/site\/wp-json\/wp\/v2\/comments?post=6431"}],"version-history":[{"count":1,"href":"http:\/\/jornalismo.ufsj.edu.br\/site\/wp-json\/wp\/v2\/posts\/6431\/revisions"}],"predecessor-version":[{"id":6435,"href":"http:\/\/jornalismo.ufsj.edu.br\/site\/wp-json\/wp\/v2\/posts\/6431\/revisions\/6435"}],"wp:attachment":[{"href":"http:\/\/jornalismo.ufsj.edu.br\/site\/wp-json\/wp\/v2\/media?parent=6431"}],"wp:term":[{"taxonomy":"category","embeddable":true,"href":"http:\/\/jornalismo.ufsj.edu.br\/site\/wp-json\/wp\/v2\/categories?post=6431"},{"taxonomy":"post_tag","embeddable":true,"href":"http:\/\/jornalismo.ufsj.edu.br\/site\/wp-json\/wp\/v2\/tags?post=6431"}],"curies":[{"name":"wp","href":"https:\/\/api.w.org\/{rel}","templated":true}]}}