{"id":6419,"date":"2018-10-21T18:38:11","date_gmt":"2018-10-21T21:38:11","guid":{"rendered":"http:\/\/jornalismo.ufsj.edu.br\/?p=6419"},"modified":"2018-10-21T18:43:15","modified_gmt":"2018-10-21T21:43:15","slug":"corpo-docente-e-discente-do-jornalismo-ufsj-marcam-presenca-no-erecom-2018","status":"publish","type":"post","link":"http:\/\/jornalismo.ufsj.edu.br\/site\/alunos\/corpo-docente-e-discente-do-jornalismo-ufsj-marcam-presenca-no-erecom-2018\/","title":{"rendered":"Corpo docente e discente do Jornalismo-UFSJ marcam presen\u00e7a no Erecom 2018"},"content":{"rendered":"<div id=\"attachment_6421\" style=\"width: 1034px\" class=\"wp-caption aligncenter\"><img aria-describedby=\"caption-attachment-6421\" loading=\"lazy\" class=\"wp-image-6421 size-large\" src=\"http:\/\/jornalismo.ufsj.edu.br\/wp-content\/uploads\/2018\/10\/Foto-21-10-2018-18-38-06-1024x576.jpg\" alt=\"\" width=\"1024\" height=\"576\" srcset=\"http:\/\/jornalismo.ufsj.edu.br\/site\/wp-content\/uploads\/2018\/10\/Foto-21-10-2018-18-38-06-1024x576.jpg 1024w, http:\/\/jornalismo.ufsj.edu.br\/site\/wp-content\/uploads\/2018\/10\/Foto-21-10-2018-18-38-06-300x169.jpg 300w, http:\/\/jornalismo.ufsj.edu.br\/site\/wp-content\/uploads\/2018\/10\/Foto-21-10-2018-18-38-06-768x432.jpg 768w\" sizes=\"(max-width: 1024px) 100vw, 1024px\" \/><p id=\"caption-attachment-6421\" class=\"wp-caption-text\"><em>Assuntos dos trabalhos apresentados pelos alunos do curso de Jornalismo da UFSJ foram diversos: desde jornalismo cultural realizado em pra\u00e7as locais at\u00e9 estrat\u00e9gias utilizadas durante hor\u00e1rio eleitoral.<\/em><\/p><\/div>\n<p>&nbsp;<\/p>\n<p style=\"text-align: justify;\">Na \u00faltima semana, entre os dias 15 e 17 de outubro, a Faculdade de Comunica\u00e7\u00e3o da Universidade Federal de Juiz de Fora (Facom\/UFJF) sediou a 16\u00aa edi\u00e7\u00e3o do Encontro Regional de Comunica\u00e7\u00e3o (<a href=\"https:\/\/www.facebook.com\/erecomufjf\/\">Erecom<\/a>). O evento, cujo a programa\u00e7\u00e3o \u00e9 constitu\u00edda \u2013 principalmente \u2013 por apresenta\u00e7\u00f5es de trabalho de estudantes de gradua\u00e7\u00e3o e p\u00f3s-gradua\u00e7\u00e3o, neste ano, teve o tema \u201c1968: Lembrar e Pensar\u201d.<\/p>\n<p style=\"text-align: justify;\">Clara Fernandes, atualmente no 8\u00ba per\u00edodo de jornalismo na UFSJ, foi uma das estudantes que expuseram suas pesquisas acad\u00eamicas durante o Encontro. Ela apresentou o trabalho \u201cAn\u00e1lise do enquadramento noticioso sobre o posicionamento das mulheres presidenci\u00e1veis sobre a quest\u00e3o do aborto\u201d, que contou com a orienta\u00e7\u00e3o do Prof. Dr. Luiz Ademir Oliveira.<\/p>\n<p style=\"text-align: justify;\">Para Clara, \u201cacademicamente, <em>(participar do evento) <\/em>\u00e9 uma chance de estabelecermos uma troca essencial com alunos de outras institui\u00e7\u00f5es, de nos atualizarmos e vermos o que est\u00e1 sendo produzido em outros lugares, por comunicadores como n\u00f3s\u201d, diz.<\/p>\n<p style=\"text-align: justify;\">Jornalista formada pela UFSJ, Deborah Vieira, atualmente, \u00e9 mestranda em comunica\u00e7\u00e3o pelo Programa de P\u00f3s-Gradua\u00e7\u00e3o em Comunica\u00e7\u00e3o da Universidade Federal de Juiz de Fora (PPGCom\/UFJF) e atuou como uma das coordenadoras de grupos de trabalho (GTs) nesta edi\u00e7\u00e3o do Erecom. Segundo Deborah, \u201ca semana foi um momento de troca de saberes e debate, que possibilitou pensarmos no momento atual do nosso pa\u00eds e, a partir das discuss\u00f5es nos GTs e ao longo do evento, perceber o quanto a mem\u00f3ria frente aos processos dolorosos vividos ao longo da hist\u00f3ria do Brasil precisa ser resgatada e trabalhada \u2013 como a ditadura, escravid\u00e3o e o pr\u00f3prio processo de coloniza\u00e7\u00e3o\u201d.<\/p>\n<p style=\"text-align: justify;\">Al\u00e9m de exposi\u00e7\u00f5es de trabalhos cient\u00edficos, oferta de minicursos e apresenta\u00e7\u00f5es culturais, a programa\u00e7\u00e3o do evento integrou tamb\u00e9m a promo\u00e7\u00e3o de mesas-redondas com convidados \u2013 entre eles, a professora Dra. Filomena Bomfim. Filomena participou da mesa \u201cParadigmas te\u00f3ricos internacionais da Comunica\u00e7\u00e3o nos anos 1960\u201d e foi respons\u00e1vel por narrar, entre outros pontos, como o trabalho de Marshall McLuhan foi pioneiro na \u00e1rea de inter e multidisciplinaridade da comunica\u00e7\u00e3o com outras \u00e1reas.<\/p>\n<p>&nbsp;<\/p>\n<p style=\"text-align: right;\"><strong>Texto:<\/strong> Arthur Raposo Gomes<\/p>\n<p style=\"text-align: right;\"><strong>Foto<\/strong>: Cristina Junqueira<\/p>\n","protected":false},"excerpt":{"rendered":"<p>&nbsp; Na \u00faltima semana, entre os dias 15 e 17 de outubro, a Faculdade de Comunica\u00e7\u00e3o da Universidade Federal de Juiz de Fora (Facom\/UFJF) sediou a 16\u00aa edi\u00e7\u00e3o do Encontro Regional de Comunica\u00e7\u00e3o (Erecom). O evento, cujo a programa\u00e7\u00e3o \u00e9&#8230;<\/p>\n","protected":false},"author":3,"featured_media":0,"comment_status":"open","ping_status":"open","sticky":false,"template":"","format":"standard","meta":{"_monsterinsights_skip_tracking":false,"_monsterinsights_sitenote_active":false,"_monsterinsights_sitenote_note":"","_monsterinsights_sitenote_category":0},"categories":[6,12,28,73,74],"tags":[175,174,97,119,176,177,178,173,96],"yoast_head":"<!-- This site is optimized with the Yoast SEO plugin v20.6 - https:\/\/yoast.com\/wordpress\/plugins\/seo\/ -->\n<title>Corpo docente e discente do Jornalismo-UFSJ marcam presen\u00e7a no Erecom 2018 - Jornalismo UFSJ<\/title>\n<meta name=\"robots\" content=\"index, follow, max-snippet:-1, max-image-preview:large, max-video-preview:-1\" \/>\n<link rel=\"canonical\" href=\"https:\/\/jornalismo.ufsj.edu.br\/site\/alunos\/corpo-docente-e-discente-do-jornalismo-ufsj-marcam-presenca-no-erecom-2018\/\" \/>\n<meta property=\"og:locale\" content=\"pt_BR\" \/>\n<meta property=\"og:type\" content=\"article\" \/>\n<meta property=\"og:title\" content=\"Corpo docente e discente do Jornalismo-UFSJ marcam presen\u00e7a no Erecom 2018 - Jornalismo UFSJ\" \/>\n<meta property=\"og:description\" content=\"&nbsp; Na \u00faltima semana, entre os dias 15 e 17 de outubro, a Faculdade de Comunica\u00e7\u00e3o da Universidade Federal de Juiz de Fora (Facom\/UFJF) sediou a 16\u00aa edi\u00e7\u00e3o do Encontro Regional de Comunica\u00e7\u00e3o (Erecom). O evento, cujo a programa\u00e7\u00e3o \u00e9...\" \/>\n<meta property=\"og:url\" content=\"https:\/\/jornalismo.ufsj.edu.br\/site\/alunos\/corpo-docente-e-discente-do-jornalismo-ufsj-marcam-presenca-no-erecom-2018\/\" \/>\n<meta property=\"og:site_name\" content=\"Jornalismo UFSJ\" \/>\n<meta property=\"article:publisher\" content=\"https:\/\/www.facebook.com\/jornalismoufsj\/\" \/>\n<meta property=\"article:published_time\" content=\"2018-10-21T21:38:11+00:00\" \/>\n<meta property=\"article:modified_time\" content=\"2018-10-21T21:43:15+00:00\" \/>\n<meta property=\"og:image\" content=\"http:\/\/jornalismo.ufsj.edu.br\/wp-content\/uploads\/2018\/10\/Foto-21-10-2018-18-38-06-1024x576.jpg\" \/>\n<meta name=\"twitter:card\" content=\"summary_large_image\" \/>\n<meta name=\"twitter:creator\" content=\"@jornalismoufsj\" \/>\n<meta name=\"twitter:site\" content=\"@jornalismoufsj\" \/>\n<meta name=\"twitter:label1\" content=\"Escrito por\" \/>\n\t<meta name=\"twitter:data1\" content=\"\" \/>\n\t<meta name=\"twitter:label2\" content=\"Est. tempo de leitura\" \/>\n\t<meta name=\"twitter:data2\" content=\"2 minutos\" \/>\n<script type=\"application\/ld+json\" class=\"yoast-schema-graph\">{\"@context\":\"https:\/\/schema.org\",\"@graph\":[{\"@type\":\"WebPage\",\"@id\":\"https:\/\/jornalismo.ufsj.edu.br\/site\/alunos\/corpo-docente-e-discente-do-jornalismo-ufsj-marcam-presenca-no-erecom-2018\/\",\"url\":\"https:\/\/jornalismo.ufsj.edu.br\/site\/alunos\/corpo-docente-e-discente-do-jornalismo-ufsj-marcam-presenca-no-erecom-2018\/\",\"name\":\"Corpo docente e discente do Jornalismo-UFSJ marcam presen\u00e7a no Erecom 2018 - Jornalismo UFSJ\",\"isPartOf\":{\"@id\":\"http:\/\/jornalismo.ufsj.edu.br\/site\/#website\"},\"datePublished\":\"2018-10-21T21:38:11+00:00\",\"dateModified\":\"2018-10-21T21:43:15+00:00\",\"author\":{\"@id\":\"\"},\"breadcrumb\":{\"@id\":\"https:\/\/jornalismo.ufsj.edu.br\/site\/alunos\/corpo-docente-e-discente-do-jornalismo-ufsj-marcam-presenca-no-erecom-2018\/#breadcrumb\"},\"inLanguage\":\"pt-BR\",\"potentialAction\":[{\"@type\":\"ReadAction\",\"target\":[\"https:\/\/jornalismo.ufsj.edu.br\/site\/alunos\/corpo-docente-e-discente-do-jornalismo-ufsj-marcam-presenca-no-erecom-2018\/\"]}]},{\"@type\":\"BreadcrumbList\",\"@id\":\"https:\/\/jornalismo.ufsj.edu.br\/site\/alunos\/corpo-docente-e-discente-do-jornalismo-ufsj-marcam-presenca-no-erecom-2018\/#breadcrumb\",\"itemListElement\":[{\"@type\":\"ListItem\",\"position\":1,\"name\":\"In\u00edcio\",\"item\":\"http:\/\/jornalismo.ufsj.edu.br\/site\/\"},{\"@type\":\"ListItem\",\"position\":2,\"name\":\"Corpo docente e discente do Jornalismo-UFSJ marcam presen\u00e7a no Erecom 2018\"}]},{\"@type\":\"WebSite\",\"@id\":\"http:\/\/jornalismo.ufsj.edu.br\/site\/#website\",\"url\":\"http:\/\/jornalismo.ufsj.edu.br\/site\/\",\"name\":\"Jornalismo UFSJ\",\"description\":\"\",\"potentialAction\":[{\"@type\":\"SearchAction\",\"target\":{\"@type\":\"EntryPoint\",\"urlTemplate\":\"http:\/\/jornalismo.ufsj.edu.br\/site\/?s={search_term_string}\"},\"query-input\":\"required name=search_term_string\"}],\"inLanguage\":\"pt-BR\"},{\"@type\":\"Person\",\"@id\":\"\"}]}<\/script>\n<!-- \/ Yoast SEO plugin. -->","yoast_head_json":{"title":"Corpo docente e discente do Jornalismo-UFSJ marcam presen\u00e7a no Erecom 2018 - Jornalismo UFSJ","robots":{"index":"index","follow":"follow","max-snippet":"max-snippet:-1","max-image-preview":"max-image-preview:large","max-video-preview":"max-video-preview:-1"},"canonical":"https:\/\/jornalismo.ufsj.edu.br\/site\/alunos\/corpo-docente-e-discente-do-jornalismo-ufsj-marcam-presenca-no-erecom-2018\/","og_locale":"pt_BR","og_type":"article","og_title":"Corpo docente e discente do Jornalismo-UFSJ marcam presen\u00e7a no Erecom 2018 - Jornalismo UFSJ","og_description":"&nbsp; Na \u00faltima semana, entre os dias 15 e 17 de outubro, a Faculdade de Comunica\u00e7\u00e3o da Universidade Federal de Juiz de Fora (Facom\/UFJF) sediou a 16\u00aa edi\u00e7\u00e3o do Encontro Regional de Comunica\u00e7\u00e3o (Erecom). O evento, cujo a programa\u00e7\u00e3o \u00e9...","og_url":"https:\/\/jornalismo.ufsj.edu.br\/site\/alunos\/corpo-docente-e-discente-do-jornalismo-ufsj-marcam-presenca-no-erecom-2018\/","og_site_name":"Jornalismo UFSJ","article_publisher":"https:\/\/www.facebook.com\/jornalismoufsj\/","article_published_time":"2018-10-21T21:38:11+00:00","article_modified_time":"2018-10-21T21:43:15+00:00","og_image":[{"url":"http:\/\/jornalismo.ufsj.edu.br\/wp-content\/uploads\/2018\/10\/Foto-21-10-2018-18-38-06-1024x576.jpg"}],"twitter_card":"summary_large_image","twitter_creator":"@jornalismoufsj","twitter_site":"@jornalismoufsj","twitter_misc":{"Escrito por":"","Est. tempo de leitura":"2 minutos"},"schema":{"@context":"https:\/\/schema.org","@graph":[{"@type":"WebPage","@id":"https:\/\/jornalismo.ufsj.edu.br\/site\/alunos\/corpo-docente-e-discente-do-jornalismo-ufsj-marcam-presenca-no-erecom-2018\/","url":"https:\/\/jornalismo.ufsj.edu.br\/site\/alunos\/corpo-docente-e-discente-do-jornalismo-ufsj-marcam-presenca-no-erecom-2018\/","name":"Corpo docente e discente do Jornalismo-UFSJ marcam presen\u00e7a no Erecom 2018 - Jornalismo UFSJ","isPartOf":{"@id":"http:\/\/jornalismo.ufsj.edu.br\/site\/#website"},"datePublished":"2018-10-21T21:38:11+00:00","dateModified":"2018-10-21T21:43:15+00:00","author":{"@id":""},"breadcrumb":{"@id":"https:\/\/jornalismo.ufsj.edu.br\/site\/alunos\/corpo-docente-e-discente-do-jornalismo-ufsj-marcam-presenca-no-erecom-2018\/#breadcrumb"},"inLanguage":"pt-BR","potentialAction":[{"@type":"ReadAction","target":["https:\/\/jornalismo.ufsj.edu.br\/site\/alunos\/corpo-docente-e-discente-do-jornalismo-ufsj-marcam-presenca-no-erecom-2018\/"]}]},{"@type":"BreadcrumbList","@id":"https:\/\/jornalismo.ufsj.edu.br\/site\/alunos\/corpo-docente-e-discente-do-jornalismo-ufsj-marcam-presenca-no-erecom-2018\/#breadcrumb","itemListElement":[{"@type":"ListItem","position":1,"name":"In\u00edcio","item":"http:\/\/jornalismo.ufsj.edu.br\/site\/"},{"@type":"ListItem","position":2,"name":"Corpo docente e discente do Jornalismo-UFSJ marcam presen\u00e7a no Erecom 2018"}]},{"@type":"WebSite","@id":"http:\/\/jornalismo.ufsj.edu.br\/site\/#website","url":"http:\/\/jornalismo.ufsj.edu.br\/site\/","name":"Jornalismo UFSJ","description":"","potentialAction":[{"@type":"SearchAction","target":{"@type":"EntryPoint","urlTemplate":"http:\/\/jornalismo.ufsj.edu.br\/site\/?s={search_term_string}"},"query-input":"required name=search_term_string"}],"inLanguage":"pt-BR"},{"@type":"Person","@id":""}]}},"jetpack_featured_media_url":"","_links":{"self":[{"href":"http:\/\/jornalismo.ufsj.edu.br\/site\/wp-json\/wp\/v2\/posts\/6419"}],"collection":[{"href":"http:\/\/jornalismo.ufsj.edu.br\/site\/wp-json\/wp\/v2\/posts"}],"about":[{"href":"http:\/\/jornalismo.ufsj.edu.br\/site\/wp-json\/wp\/v2\/types\/post"}],"author":[{"embeddable":true,"href":"http:\/\/jornalismo.ufsj.edu.br\/site\/wp-json\/wp\/v2\/users\/3"}],"replies":[{"embeddable":true,"href":"http:\/\/jornalismo.ufsj.edu.br\/site\/wp-json\/wp\/v2\/comments?post=6419"}],"version-history":[{"count":2,"href":"http:\/\/jornalismo.ufsj.edu.br\/site\/wp-json\/wp\/v2\/posts\/6419\/revisions"}],"predecessor-version":[{"id":6423,"href":"http:\/\/jornalismo.ufsj.edu.br\/site\/wp-json\/wp\/v2\/posts\/6419\/revisions\/6423"}],"wp:attachment":[{"href":"http:\/\/jornalismo.ufsj.edu.br\/site\/wp-json\/wp\/v2\/media?parent=6419"}],"wp:term":[{"taxonomy":"category","embeddable":true,"href":"http:\/\/jornalismo.ufsj.edu.br\/site\/wp-json\/wp\/v2\/categories?post=6419"},{"taxonomy":"post_tag","embeddable":true,"href":"http:\/\/jornalismo.ufsj.edu.br\/site\/wp-json\/wp\/v2\/tags?post=6419"}],"curies":[{"name":"wp","href":"https:\/\/api.w.org\/{rel}","templated":true}]}}