{"id":6405,"date":"2018-10-13T20:25:30","date_gmt":"2018-10-13T23:25:30","guid":{"rendered":"http:\/\/jornalismo.ufsj.edu.br\/?p=6405"},"modified":"2018-10-14T01:57:55","modified_gmt":"2018-10-14T04:57:55","slug":"7-dicas-para-um-bom-curriculum-vitae","status":"publish","type":"post","link":"http:\/\/jornalismo.ufsj.edu.br\/site\/alunos\/7-dicas-para-um-bom-curriculum-vitae\/","title":{"rendered":"7 dicas para um bom curriculum vitae"},"content":{"rendered":"<p style=\"text-align: justify;\"><img loading=\"lazy\" class=\"wp-image-6406 alignright\" src=\"http:\/\/jornalismo.ufsj.edu.br\/wp-content\/uploads\/2018\/10\/CoolClips_vc013259.png\" alt=\"\" width=\"306\" height=\"293\" srcset=\"http:\/\/jornalismo.ufsj.edu.br\/site\/wp-content\/uploads\/2018\/10\/CoolClips_vc013259.png 476w, http:\/\/jornalismo.ufsj.edu.br\/site\/wp-content\/uploads\/2018\/10\/CoolClips_vc013259-300x287.png 300w\" sizes=\"(max-width: 306px) 100vw, 306px\" \/>Seja para conquistar um est\u00e1gio durante o per\u00edodo da faculdade, seja para conseguir uma vaga de emprego quando j\u00e1 formado, o <em>curriculum vitae<\/em> (CV) \u00e9 uma ferramenta de trabalho fundamental. Ele \u00e9 uma apresenta\u00e7\u00e3o da sua vida profissional e, por isso, deve primar por algumas quest\u00f5es.<\/p>\n<ul style=\"text-align: justify;\">\n<li>\n<h3>Dados pessoais, foto e objetivo<\/h3>\n<\/li>\n<\/ul>\n<p style=\"text-align: justify;\">O in\u00edcio do curr\u00edculo \u00e9 o espa\u00e7o destinado para dados pessoais, como: nome completo, e-mail, telefone de contato, cidade onde mora, idade e link de portf\u00f3lio.<\/p>\n<p style=\"text-align: justify;\">J\u00e1 a foto do candidato deve ser inserida no CV apenas se for solicitada pela empresa. Neste caso, escolha uma imagem simples, com boa luz e fundo neutro.<\/p>\n<p style=\"text-align: justify;\">Nesta parte, sugere-se ainda colocar o objetivo pretendido com o presente curr\u00edculo. Exemplos: \u201cConquistar vaga de est\u00e1gio\u201d; \u201caprimorar conhecimentos na \u00e1rea de comunica\u00e7\u00e3o digital\u201d; \u201cadquirir habilidades na \u00e1rea de editora\u00e7\u00e3o\u201d; \u201crealizar inser\u00e7\u00e3o no mercado de trabalho\u201d.<\/p>\n<ul style=\"text-align: justify;\">\n<li>\n<h3>Forma\u00e7\u00e3o acad\u00eamica<\/h3>\n<\/li>\n<\/ul>\n<p style=\"text-align: justify;\">De maneira resumida, cite seus cursos \u2013 t\u00e9cnicos, de gradua\u00e7\u00e3o e\/ou p\u00f3s-gradua\u00e7\u00e3o \u2013, do mais recente ao mais antigo, indicando o t\u00edtulo do curso, se j\u00e1 est\u00e1 conclu\u00eddo ou n\u00e3o, a institui\u00e7\u00e3o de ensino e o local, assim como demonstrado nos exemplos:<\/p>\n<p style=\"text-align: justify;\"><em>2015- em andamento: Gradua\u00e7\u00e3o em Jornalismo. Universidade Federal de S\u00e3o Jo\u00e3o del Rei (UFSJ). S\u00e3o Jo\u00e3o del Rei \u2013 MG;<\/em><\/p>\n<p style=\"text-align: justify;\"><em>2012-2014: Curso t\u00e9cnico em Secretariado. Institui\u00e7\u00e3o X. Cidade Y.<\/em><\/p>\n<ul style=\"text-align: justify;\">\n<li>\n<h3>Forma\u00e7\u00e3o complementar<\/h3>\n<\/li>\n<\/ul>\n<p style=\"text-align: justify;\">No t\u00f3pico seguinte, mencione os seus cursos de forma\u00e7\u00e3o complementar (n\u00e3o precisa ser todos! Apenas aqueles que considera ter sido importante para a sua forma\u00e7\u00e3o profissional). Aqui, entra aquela capacita\u00e7\u00e3o que voc\u00ea participou durante um final de semana, o curso de ingl\u00eas feito durante anos ou aquele outro curso online.<\/p>\n<p style=\"text-align: justify;\">Al\u00e9m do nome, carga hor\u00e1ria e institui\u00e7\u00e3o do curso, recomenda-se tamb\u00e9m dizer o ano de realiza\u00e7\u00e3o e a sua situa\u00e7\u00e3o (se est\u00e1 conclu\u00eddo ou em andamento).<\/p>\n<p style=\"text-align: justify;\">Exemplos:<\/p>\n<p style=\"text-align: justify;\"><em>2015: Capacita\u00e7\u00e3o de Gest\u00e3o de Redes Sociais (30h). Instituto A;<\/em><\/p>\n<p style=\"text-align: justify;\"><em>2014- em andamento: Curso de Ingl\u00eas. Escola W.<\/em><\/p>\n<ul style=\"text-align: justify;\">\n<li>\n<h3>Experi\u00eancias profissionais<\/h3>\n<\/li>\n<\/ul>\n<p style=\"text-align: justify;\">Foi monitor de alguma disciplina? Atuou em alguma empresa j\u00fanior? Participou de algum projeto de extens\u00e3o na faculdade? J\u00e1 teve oportunidade de fazer algum est\u00e1gio (remunerado ou n\u00e3o)? \u00c9 aqui que voc\u00ea vai descrever \u2013 brevemente \u2013 as suas experi\u00eancias profissionais. Sempre seguindo aquela mesma ordem: do mais recente ao mais antigo.<\/p>\n<p style=\"text-align: justify;\">Nessa parte, algumas informa\u00e7\u00f5es b\u00e1sicas precisam estar presentes, como nome da empresa, per\u00edodo trabalhado (ou se ainda trabalha l\u00e1), cargo exercido e principais atividades realizadas.<\/p>\n<p style=\"text-align: justify;\">Exemplos:<\/p>\n<p style=\"text-align: justify;\"><em>Mosaico Comunica\u00e7\u00e3o Jr: Junho\/2018-atualmente<\/em><\/p>\n<p style=\"text-align: justify;\"><em>Gerente de Marketing<\/em><\/p>\n<p style=\"text-align: justify;\"><em>Respons\u00e1vel por a\u00e7\u00f5es de comunica\u00e7\u00e3o interna e externa da empresa j\u00fanior do curso de Jornalismo\/UFSJ, al\u00e9m de atua\u00e7\u00e3o em diversos projetos relacionados com a \u00e1rea.<\/em><\/p>\n<p style=\"text-align: justify;\"><em>\u00a0<\/em><\/p>\n<p style=\"text-align: justify;\"><em>UFSJ \u2013 Universidade Federal de S\u00e3o Jo\u00e3o del-Rei: Abril\/2017-Dezembro\/2017<\/em><\/p>\n<p style=\"text-align: justify;\"><em>Estagi\u00e1rio de Assessoria de Comunica\u00e7\u00e3o<\/em><\/p>\n<p style=\"text-align: justify;\"><em>Entre as principais atividades realizadas, est\u00e3o a reda\u00e7\u00e3o de releases, montagem de clipping, sugest\u00e3o e produ\u00e7\u00e3o de pautas, produ\u00e7\u00e3o audiovisual e cobertura fotogr\u00e1fica.<\/em><\/p>\n<ul style=\"text-align: justify;\">\n<li>\n<h3>Outras informa\u00e7\u00f5es relevantes<\/h3>\n<\/li>\n<\/ul>\n<p style=\"text-align: justify;\">Participou de algum evento que julga importante para a sua qualifica\u00e7\u00e3o profissional? Tem alguma experi\u00eancia n\u00e3o listada na parte anterior? Possui facilidade em cargos que exigem lideran\u00e7a? Quais softwares voc\u00ea tem dom\u00ednio? Esse dom\u00ednio \u00e9 baixo, m\u00e9dio ou alto? Tem alguma restri\u00e7\u00e3o de hor\u00e1rio de trabalho? Entende da l\u00edngua espanhola, mas n\u00e3o fez curso instrucional? \u00c9 nessa parte que voc\u00ea vai colocar tudo isso (sem exageros).<\/p>\n<ul style=\"text-align: justify;\">\n<li>\n<h3>Cuidado com o portugu\u00eas<\/h3>\n<\/li>\n<\/ul>\n<p style=\"text-align: justify;\">Erros de portugu\u00eas (seja l\u00e1 qual for o tipo) d\u00e3o uma imagem negativa ao candidato no momento da sele\u00e7\u00e3o. Por isso, releia \u2013 ou pe\u00e7a para algu\u00e9m de confian\u00e7a revisar \u2013 o seu curr\u00edculo depois de pronto.<\/p>\n<ul style=\"text-align: justify;\">\n<li>\n<h3>Seja simples, objetivo e verdadeiro<\/h3>\n<\/li>\n<\/ul>\n<p style=\"text-align: justify;\">Aposte na simplicidade, objetividade e honestidade. Prefira uma fonte leg\u00edvel ao inv\u00e9s de uma cursiva e evite usar palavras dif\u00edceis para tentar parecer inteligente.<\/p>\n<p style=\"text-align: justify;\">N\u00e3o precisa fazer um curr\u00edculo longo demais, mas tamb\u00e9m n\u00e3o \u00e9 aconselhado montar um que seja pequeno demais. O CV deve ter o tamanho necess\u00e1rio para a quantidade de informa\u00e7\u00f5es contidas de maneira objetiva.<\/p>\n<p style=\"text-align: justify;\">E seja honesto sobre as suas habilidades! De nada adianta mentir no curr\u00edculo afirmando que tem dom\u00ednio avan\u00e7ado de um software se, em caso de uma prova pr\u00e1tica ainda durante o processo seletivo, voc\u00ea mal vai saber abrir o programa.<\/p>\n<p style=\"text-align: justify;\">\u00c9 l\u00f3gico que n\u00e3o existe um passo-a-passo certo para montar um CV perfeito e que seja padr\u00e3o para todas as vagas em todas as empresas. Cada recrutador vai se atentar a pontos desejados para aquela organiza\u00e7\u00e3o. Assim, o curr\u00edculo deve ser personalizado de acordo com o candidato e com a vaga pretendida.<\/p>\n<p style=\"text-align: justify;\">Os pontos principais j\u00e1 foram apresentados. Agora basta fazer o seu curr\u00edculo, prestar aten\u00e7\u00e3o nas sele\u00e7\u00f5es e ir em busca pela sua vaga de est\u00e1gio ou emprego.<\/p>\n<p style=\"text-align: left;\">Boa sorte!<\/p>\n<p style=\"text-align: right;\"><strong>Texto:<\/strong> Arthur Raposo Gomes<\/p>\n","protected":false},"excerpt":{"rendered":"<p>Seja para conquistar um est\u00e1gio durante o per\u00edodo da faculdade, seja para conseguir uma vaga de emprego quando j\u00e1 formado, o curriculum vitae (CV) \u00e9 uma ferramenta de trabalho fundamental. Ele \u00e9 uma apresenta\u00e7\u00e3o da sua vida profissional e, por&#8230;<\/p>\n","protected":false},"author":3,"featured_media":0,"comment_status":"open","ping_status":"open","sticky":false,"template":"","format":"standard","meta":{"_monsterinsights_skip_tracking":false,"_monsterinsights_sitenote_active":false,"_monsterinsights_sitenote_note":"","_monsterinsights_sitenote_category":0},"categories":[6,12,28],"tags":[166,169,163,167,168,165,164,170,97,172,171],"yoast_head":"<!-- This site is optimized with the Yoast SEO plugin v20.6 - https:\/\/yoast.com\/wordpress\/plugins\/seo\/ -->\n<title>7 dicas para um bom curriculum vitae - Jornalismo UFSJ<\/title>\n<meta name=\"robots\" content=\"index, follow, max-snippet:-1, max-image-preview:large, max-video-preview:-1\" \/>\n<link rel=\"canonical\" href=\"http:\/\/jornalismo.ufsj.edu.br\/site\/alunos\/7-dicas-para-um-bom-curriculum-vitae\/\" \/>\n<meta property=\"og:locale\" content=\"pt_BR\" \/>\n<meta property=\"og:type\" content=\"article\" \/>\n<meta property=\"og:title\" content=\"7 dicas para um bom curriculum vitae - Jornalismo UFSJ\" \/>\n<meta property=\"og:description\" content=\"Seja para conquistar um est\u00e1gio durante o per\u00edodo da faculdade, seja para conseguir uma vaga de emprego quando j\u00e1 formado, o curriculum vitae (CV) \u00e9 uma ferramenta de trabalho fundamental. Ele \u00e9 uma apresenta\u00e7\u00e3o da sua vida profissional e, por...\" \/>\n<meta property=\"og:url\" content=\"http:\/\/jornalismo.ufsj.edu.br\/site\/alunos\/7-dicas-para-um-bom-curriculum-vitae\/\" \/>\n<meta property=\"og:site_name\" content=\"Jornalismo UFSJ\" \/>\n<meta property=\"article:publisher\" content=\"https:\/\/www.facebook.com\/jornalismoufsj\/\" \/>\n<meta property=\"article:published_time\" content=\"2018-10-13T23:25:30+00:00\" \/>\n<meta property=\"article:modified_time\" content=\"2018-10-14T04:57:55+00:00\" \/>\n<meta property=\"og:image\" content=\"http:\/\/jornalismo.ufsj.edu.br\/wp-content\/uploads\/2018\/10\/CoolClips_vc013259.png\" \/>\n<meta name=\"twitter:card\" content=\"summary_large_image\" \/>\n<meta name=\"twitter:creator\" content=\"@jornalismoufsj\" \/>\n<meta name=\"twitter:site\" content=\"@jornalismoufsj\" \/>\n<meta name=\"twitter:label1\" content=\"Escrito por\" \/>\n\t<meta name=\"twitter:data1\" content=\"\" \/>\n\t<meta name=\"twitter:label2\" content=\"Est. tempo de leitura\" \/>\n\t<meta name=\"twitter:data2\" content=\"4 minutos\" \/>\n<script type=\"application\/ld+json\" class=\"yoast-schema-graph\">{\"@context\":\"https:\/\/schema.org\",\"@graph\":[{\"@type\":\"WebPage\",\"@id\":\"http:\/\/jornalismo.ufsj.edu.br\/site\/alunos\/7-dicas-para-um-bom-curriculum-vitae\/\",\"url\":\"http:\/\/jornalismo.ufsj.edu.br\/site\/alunos\/7-dicas-para-um-bom-curriculum-vitae\/\",\"name\":\"7 dicas para um bom curriculum vitae - Jornalismo UFSJ\",\"isPartOf\":{\"@id\":\"http:\/\/jornalismo.ufsj.edu.br\/site\/#website\"},\"datePublished\":\"2018-10-13T23:25:30+00:00\",\"dateModified\":\"2018-10-14T04:57:55+00:00\",\"author\":{\"@id\":\"\"},\"breadcrumb\":{\"@id\":\"http:\/\/jornalismo.ufsj.edu.br\/site\/alunos\/7-dicas-para-um-bom-curriculum-vitae\/#breadcrumb\"},\"inLanguage\":\"pt-BR\",\"potentialAction\":[{\"@type\":\"ReadAction\",\"target\":[\"http:\/\/jornalismo.ufsj.edu.br\/site\/alunos\/7-dicas-para-um-bom-curriculum-vitae\/\"]}]},{\"@type\":\"BreadcrumbList\",\"@id\":\"http:\/\/jornalismo.ufsj.edu.br\/site\/alunos\/7-dicas-para-um-bom-curriculum-vitae\/#breadcrumb\",\"itemListElement\":[{\"@type\":\"ListItem\",\"position\":1,\"name\":\"In\u00edcio\",\"item\":\"http:\/\/jornalismo.ufsj.edu.br\/site\/\"},{\"@type\":\"ListItem\",\"position\":2,\"name\":\"7 dicas para um bom curriculum vitae\"}]},{\"@type\":\"WebSite\",\"@id\":\"http:\/\/jornalismo.ufsj.edu.br\/site\/#website\",\"url\":\"http:\/\/jornalismo.ufsj.edu.br\/site\/\",\"name\":\"Jornalismo UFSJ\",\"description\":\"\",\"potentialAction\":[{\"@type\":\"SearchAction\",\"target\":{\"@type\":\"EntryPoint\",\"urlTemplate\":\"http:\/\/jornalismo.ufsj.edu.br\/site\/?s={search_term_string}\"},\"query-input\":\"required name=search_term_string\"}],\"inLanguage\":\"pt-BR\"},{\"@type\":\"Person\",\"@id\":\"\"}]}<\/script>\n<!-- \/ Yoast SEO plugin. -->","yoast_head_json":{"title":"7 dicas para um bom curriculum vitae - Jornalismo UFSJ","robots":{"index":"index","follow":"follow","max-snippet":"max-snippet:-1","max-image-preview":"max-image-preview:large","max-video-preview":"max-video-preview:-1"},"canonical":"http:\/\/jornalismo.ufsj.edu.br\/site\/alunos\/7-dicas-para-um-bom-curriculum-vitae\/","og_locale":"pt_BR","og_type":"article","og_title":"7 dicas para um bom curriculum vitae - Jornalismo UFSJ","og_description":"Seja para conquistar um est\u00e1gio durante o per\u00edodo da faculdade, seja para conseguir uma vaga de emprego quando j\u00e1 formado, o curriculum vitae (CV) \u00e9 uma ferramenta de trabalho fundamental. Ele \u00e9 uma apresenta\u00e7\u00e3o da sua vida profissional e, por...","og_url":"http:\/\/jornalismo.ufsj.edu.br\/site\/alunos\/7-dicas-para-um-bom-curriculum-vitae\/","og_site_name":"Jornalismo UFSJ","article_publisher":"https:\/\/www.facebook.com\/jornalismoufsj\/","article_published_time":"2018-10-13T23:25:30+00:00","article_modified_time":"2018-10-14T04:57:55+00:00","og_image":[{"url":"http:\/\/jornalismo.ufsj.edu.br\/wp-content\/uploads\/2018\/10\/CoolClips_vc013259.png"}],"twitter_card":"summary_large_image","twitter_creator":"@jornalismoufsj","twitter_site":"@jornalismoufsj","twitter_misc":{"Escrito por":"","Est. tempo de leitura":"4 minutos"},"schema":{"@context":"https:\/\/schema.org","@graph":[{"@type":"WebPage","@id":"http:\/\/jornalismo.ufsj.edu.br\/site\/alunos\/7-dicas-para-um-bom-curriculum-vitae\/","url":"http:\/\/jornalismo.ufsj.edu.br\/site\/alunos\/7-dicas-para-um-bom-curriculum-vitae\/","name":"7 dicas para um bom curriculum vitae - Jornalismo UFSJ","isPartOf":{"@id":"http:\/\/jornalismo.ufsj.edu.br\/site\/#website"},"datePublished":"2018-10-13T23:25:30+00:00","dateModified":"2018-10-14T04:57:55+00:00","author":{"@id":""},"breadcrumb":{"@id":"http:\/\/jornalismo.ufsj.edu.br\/site\/alunos\/7-dicas-para-um-bom-curriculum-vitae\/#breadcrumb"},"inLanguage":"pt-BR","potentialAction":[{"@type":"ReadAction","target":["http:\/\/jornalismo.ufsj.edu.br\/site\/alunos\/7-dicas-para-um-bom-curriculum-vitae\/"]}]},{"@type":"BreadcrumbList","@id":"http:\/\/jornalismo.ufsj.edu.br\/site\/alunos\/7-dicas-para-um-bom-curriculum-vitae\/#breadcrumb","itemListElement":[{"@type":"ListItem","position":1,"name":"In\u00edcio","item":"http:\/\/jornalismo.ufsj.edu.br\/site\/"},{"@type":"ListItem","position":2,"name":"7 dicas para um bom curriculum vitae"}]},{"@type":"WebSite","@id":"http:\/\/jornalismo.ufsj.edu.br\/site\/#website","url":"http:\/\/jornalismo.ufsj.edu.br\/site\/","name":"Jornalismo UFSJ","description":"","potentialAction":[{"@type":"SearchAction","target":{"@type":"EntryPoint","urlTemplate":"http:\/\/jornalismo.ufsj.edu.br\/site\/?s={search_term_string}"},"query-input":"required name=search_term_string"}],"inLanguage":"pt-BR"},{"@type":"Person","@id":""}]}},"jetpack_featured_media_url":"","_links":{"self":[{"href":"http:\/\/jornalismo.ufsj.edu.br\/site\/wp-json\/wp\/v2\/posts\/6405"}],"collection":[{"href":"http:\/\/jornalismo.ufsj.edu.br\/site\/wp-json\/wp\/v2\/posts"}],"about":[{"href":"http:\/\/jornalismo.ufsj.edu.br\/site\/wp-json\/wp\/v2\/types\/post"}],"author":[{"embeddable":true,"href":"http:\/\/jornalismo.ufsj.edu.br\/site\/wp-json\/wp\/v2\/users\/3"}],"replies":[{"embeddable":true,"href":"http:\/\/jornalismo.ufsj.edu.br\/site\/wp-json\/wp\/v2\/comments?post=6405"}],"version-history":[{"count":4,"href":"http:\/\/jornalismo.ufsj.edu.br\/site\/wp-json\/wp\/v2\/posts\/6405\/revisions"}],"predecessor-version":[{"id":6410,"href":"http:\/\/jornalismo.ufsj.edu.br\/site\/wp-json\/wp\/v2\/posts\/6405\/revisions\/6410"}],"wp:attachment":[{"href":"http:\/\/jornalismo.ufsj.edu.br\/site\/wp-json\/wp\/v2\/media?parent=6405"}],"wp:term":[{"taxonomy":"category","embeddable":true,"href":"http:\/\/jornalismo.ufsj.edu.br\/site\/wp-json\/wp\/v2\/categories?post=6405"},{"taxonomy":"post_tag","embeddable":true,"href":"http:\/\/jornalismo.ufsj.edu.br\/site\/wp-json\/wp\/v2\/tags?post=6405"}],"curies":[{"name":"wp","href":"https:\/\/api.w.org\/{rel}","templated":true}]}}