{"id":6396,"date":"2018-09-26T15:48:18","date_gmt":"2018-09-26T18:48:18","guid":{"rendered":"http:\/\/jornalismo.ufsj.edu.br\/?p=6396"},"modified":"2018-09-26T15:51:24","modified_gmt":"2018-09-26T18:51:24","slug":"disciplina-do-curso-de-jornalismo-realiza-atividade-fotografica-em-tiradentes","status":"publish","type":"post","link":"http:\/\/jornalismo.ufsj.edu.br\/site\/alunos\/disciplina-do-curso-de-jornalismo-realiza-atividade-fotografica-em-tiradentes\/","title":{"rendered":"Disciplina do curso de Jornalismo realiza atividade fotogr\u00e1fica em Tiradentes"},"content":{"rendered":"<p style=\"text-align: justify;\"><img loading=\"lazy\" class=\" wp-image-6397 alignright\" src=\"http:\/\/jornalismo.ufsj.edu.br\/wp-content\/uploads\/2018\/09\/WhatsApp-Image-2018-09-26-at-15.30.00-768x1024.jpeg\" alt=\"\" width=\"299\" height=\"398\" srcset=\"http:\/\/jornalismo.ufsj.edu.br\/site\/wp-content\/uploads\/2018\/09\/WhatsApp-Image-2018-09-26-at-15.30.00-768x1024.jpeg 768w, http:\/\/jornalismo.ufsj.edu.br\/site\/wp-content\/uploads\/2018\/09\/WhatsApp-Image-2018-09-26-at-15.30.00-225x300.jpeg 225w, http:\/\/jornalismo.ufsj.edu.br\/site\/wp-content\/uploads\/2018\/09\/WhatsApp-Image-2018-09-26-at-15.30.00.jpeg 780w\" sizes=\"(max-width: 299px) 100vw, 299px\" \/>No \u00faltimo s\u00e1bado (22), foi realizada a 4\u00aa edi\u00e7\u00e3o do Cartografias de Primavera &#8211; Explora\u00e7\u00f5es Fotogr\u00e1ficas. O passeio \u00e9 organizado pela professora de Fotojornalismo, K\u00e1tia Lombardi, com o objetivo de explorar a regi\u00e3o do Campo das Vertentes, al\u00e9m de possibilitar a confraterniza\u00e7\u00e3o entre estudantes, professores e comunidade. Neste ano, a atividade ocorreu na cidade de Tiradentes e contou com a participa\u00e7\u00e3o de cerca de 30 pessoas.<\/p>\n<p style=\"text-align: justify;\">O passeio \u00e9 destinado tanto para os alunos inscritos na disciplina, quanto para os demais estudantes da UFSJ e pessoas da comunidade interessadas em fotografia. De acordo com a organizadora, o passeio surgiu de uma demanda da disciplina de Linguagem Fotogr\u00e1fica (curr\u00edculo antigo) \u2013 devido o curso ser noturno, foi necess\u00e1rio fazer uma atividade diurna e fora da sala de aula, levando em considera\u00e7\u00e3o que para aprender a fotografar, \u00e9 preciso pr\u00e1tica.<\/p>\n<p style=\"text-align: justify;\">A edi\u00e7\u00e3o deste ano procurou mostrar Tiradentes fora da rota tur\u00edstica, mostrando lugares que s\u00e3o pouco conhecidos, ou passam despercebidos. Os participantes puderam usar qualquer tipo de equipamento fotogr\u00e1fico. O evento n\u00e3o requer dom\u00ednio t\u00e9cnico e c\u00e2meras profissionais. Para K\u00e1tia, \u201co importante \u00e9 a criatividade e a sensibilidade do olhar de cada um. \u00c9 uma atividade mais livre, voltada para o descondicionamento do olhar. A ideia era muito mais prestar aten\u00e7\u00e3o no ambiente que nos circunda, olhar a luz, a composi\u00e7\u00e3o, o momento certo de apertar o disparador\u201d, afirmou.<\/p>\n<p style=\"text-align: justify;\">Nas edi\u00e7\u00f5es anteriores foram exploradas a Trilha do Carteiro (2015), parte hist\u00f3rica de Tiradentes (2016) e a Cachoeira do Mangue (2017), contando com o apoio do t\u00e9cnico e dos monitores do Laborat\u00f3rio de Fotografia, o Labfoto. As fotografias do passeio participar\u00e3o de um concurso. Na pr\u00f3xima semana as fotos ser\u00e3o projetadas no corredor do pr\u00e9dio do curso, durante o intervalo das aulas, momento em que os presentes ser\u00e3o convidados a votar na melhor imagem. Haver\u00e1 premia\u00e7\u00e3o para os tr\u00eas primeiros colocados e publica\u00e7\u00e3o no jornal-laborat\u00f3rio, Ora pro Nobis. Desta forma, \u00e9 poss\u00edvel conectar o Cartografias de Primavera com outros projetos do curso de Comunica\u00e7\u00e3o Social &#8211; Jornalismo.<\/p>\n<p>&nbsp;<\/p>\n<p style=\"text-align: right;\"><strong>Texto e foto:<\/strong> Carla Marques<\/p>\n<p style=\"text-align: right;\"><strong>Edi\u00e7\u00e3o:<\/strong> Arthur Raposo Gomes<\/p>\n","protected":false},"excerpt":{"rendered":"<p>No \u00faltimo s\u00e1bado (22), foi realizada a 4\u00aa edi\u00e7\u00e3o do Cartografias de Primavera &#8211; Explora\u00e7\u00f5es Fotogr\u00e1ficas. O passeio \u00e9 organizado pela professora de Fotojornalismo, K\u00e1tia Lombardi, com o objetivo de explorar a regi\u00e3o do Campo das Vertentes, al\u00e9m de possibilitar&#8230;<\/p>\n","protected":false},"author":3,"featured_media":0,"comment_status":"open","ping_status":"open","sticky":false,"template":"","format":"standard","meta":{"_monsterinsights_skip_tracking":false,"_monsterinsights_sitenote_active":false,"_monsterinsights_sitenote_note":"","_monsterinsights_sitenote_category":0},"categories":[6,12],"tags":[162,160,161,97,119,112,96],"yoast_head":"<!-- This site is optimized with the Yoast SEO plugin v20.6 - https:\/\/yoast.com\/wordpress\/plugins\/seo\/ -->\n<title>Disciplina do curso de Jornalismo realiza atividade fotogr\u00e1fica em Tiradentes - Jornalismo UFSJ<\/title>\n<meta name=\"robots\" content=\"index, follow, max-snippet:-1, max-image-preview:large, max-video-preview:-1\" \/>\n<link rel=\"canonical\" href=\"http:\/\/jornalismo.ufsj.edu.br\/site\/alunos\/disciplina-do-curso-de-jornalismo-realiza-atividade-fotografica-em-tiradentes\/\" \/>\n<meta property=\"og:locale\" content=\"pt_BR\" \/>\n<meta property=\"og:type\" content=\"article\" \/>\n<meta property=\"og:title\" content=\"Disciplina do curso de Jornalismo realiza atividade fotogr\u00e1fica em Tiradentes - Jornalismo UFSJ\" \/>\n<meta property=\"og:description\" content=\"No \u00faltimo s\u00e1bado (22), foi realizada a 4\u00aa edi\u00e7\u00e3o do Cartografias de Primavera &#8211; Explora\u00e7\u00f5es Fotogr\u00e1ficas. O passeio \u00e9 organizado pela professora de Fotojornalismo, K\u00e1tia Lombardi, com o objetivo de explorar a regi\u00e3o do Campo das Vertentes, al\u00e9m de possibilitar...\" \/>\n<meta property=\"og:url\" content=\"http:\/\/jornalismo.ufsj.edu.br\/site\/alunos\/disciplina-do-curso-de-jornalismo-realiza-atividade-fotografica-em-tiradentes\/\" \/>\n<meta property=\"og:site_name\" content=\"Jornalismo UFSJ\" \/>\n<meta property=\"article:publisher\" content=\"https:\/\/www.facebook.com\/jornalismoufsj\/\" \/>\n<meta property=\"article:published_time\" content=\"2018-09-26T18:48:18+00:00\" \/>\n<meta property=\"article:modified_time\" content=\"2018-09-26T18:51:24+00:00\" \/>\n<meta property=\"og:image\" content=\"http:\/\/jornalismo.ufsj.edu.br\/wp-content\/uploads\/2018\/09\/WhatsApp-Image-2018-09-26-at-15.30.00-768x1024.jpeg\" \/>\n<meta name=\"twitter:card\" content=\"summary_large_image\" \/>\n<meta name=\"twitter:creator\" content=\"@jornalismoufsj\" \/>\n<meta name=\"twitter:site\" content=\"@jornalismoufsj\" \/>\n<meta name=\"twitter:label1\" content=\"Escrito por\" \/>\n\t<meta name=\"twitter:data1\" content=\"\" \/>\n\t<meta name=\"twitter:label2\" content=\"Est. tempo de leitura\" \/>\n\t<meta name=\"twitter:data2\" content=\"2 minutos\" \/>\n<script type=\"application\/ld+json\" class=\"yoast-schema-graph\">{\"@context\":\"https:\/\/schema.org\",\"@graph\":[{\"@type\":\"WebPage\",\"@id\":\"http:\/\/jornalismo.ufsj.edu.br\/site\/alunos\/disciplina-do-curso-de-jornalismo-realiza-atividade-fotografica-em-tiradentes\/\",\"url\":\"http:\/\/jornalismo.ufsj.edu.br\/site\/alunos\/disciplina-do-curso-de-jornalismo-realiza-atividade-fotografica-em-tiradentes\/\",\"name\":\"Disciplina do curso de Jornalismo realiza atividade fotogr\u00e1fica em Tiradentes - Jornalismo UFSJ\",\"isPartOf\":{\"@id\":\"http:\/\/jornalismo.ufsj.edu.br\/site\/#website\"},\"datePublished\":\"2018-09-26T18:48:18+00:00\",\"dateModified\":\"2018-09-26T18:51:24+00:00\",\"author\":{\"@id\":\"\"},\"breadcrumb\":{\"@id\":\"http:\/\/jornalismo.ufsj.edu.br\/site\/alunos\/disciplina-do-curso-de-jornalismo-realiza-atividade-fotografica-em-tiradentes\/#breadcrumb\"},\"inLanguage\":\"pt-BR\",\"potentialAction\":[{\"@type\":\"ReadAction\",\"target\":[\"http:\/\/jornalismo.ufsj.edu.br\/site\/alunos\/disciplina-do-curso-de-jornalismo-realiza-atividade-fotografica-em-tiradentes\/\"]}]},{\"@type\":\"BreadcrumbList\",\"@id\":\"http:\/\/jornalismo.ufsj.edu.br\/site\/alunos\/disciplina-do-curso-de-jornalismo-realiza-atividade-fotografica-em-tiradentes\/#breadcrumb\",\"itemListElement\":[{\"@type\":\"ListItem\",\"position\":1,\"name\":\"In\u00edcio\",\"item\":\"http:\/\/jornalismo.ufsj.edu.br\/site\/\"},{\"@type\":\"ListItem\",\"position\":2,\"name\":\"Disciplina do curso de Jornalismo realiza atividade fotogr\u00e1fica em Tiradentes\"}]},{\"@type\":\"WebSite\",\"@id\":\"http:\/\/jornalismo.ufsj.edu.br\/site\/#website\",\"url\":\"http:\/\/jornalismo.ufsj.edu.br\/site\/\",\"name\":\"Jornalismo UFSJ\",\"description\":\"\",\"potentialAction\":[{\"@type\":\"SearchAction\",\"target\":{\"@type\":\"EntryPoint\",\"urlTemplate\":\"http:\/\/jornalismo.ufsj.edu.br\/site\/?s={search_term_string}\"},\"query-input\":\"required name=search_term_string\"}],\"inLanguage\":\"pt-BR\"},{\"@type\":\"Person\",\"@id\":\"\"}]}<\/script>\n<!-- \/ Yoast SEO plugin. -->","yoast_head_json":{"title":"Disciplina do curso de Jornalismo realiza atividade fotogr\u00e1fica em Tiradentes - Jornalismo UFSJ","robots":{"index":"index","follow":"follow","max-snippet":"max-snippet:-1","max-image-preview":"max-image-preview:large","max-video-preview":"max-video-preview:-1"},"canonical":"http:\/\/jornalismo.ufsj.edu.br\/site\/alunos\/disciplina-do-curso-de-jornalismo-realiza-atividade-fotografica-em-tiradentes\/","og_locale":"pt_BR","og_type":"article","og_title":"Disciplina do curso de Jornalismo realiza atividade fotogr\u00e1fica em Tiradentes - Jornalismo UFSJ","og_description":"No \u00faltimo s\u00e1bado (22), foi realizada a 4\u00aa edi\u00e7\u00e3o do Cartografias de Primavera &#8211; Explora\u00e7\u00f5es Fotogr\u00e1ficas. O passeio \u00e9 organizado pela professora de Fotojornalismo, K\u00e1tia Lombardi, com o objetivo de explorar a regi\u00e3o do Campo das Vertentes, al\u00e9m de possibilitar...","og_url":"http:\/\/jornalismo.ufsj.edu.br\/site\/alunos\/disciplina-do-curso-de-jornalismo-realiza-atividade-fotografica-em-tiradentes\/","og_site_name":"Jornalismo UFSJ","article_publisher":"https:\/\/www.facebook.com\/jornalismoufsj\/","article_published_time":"2018-09-26T18:48:18+00:00","article_modified_time":"2018-09-26T18:51:24+00:00","og_image":[{"url":"http:\/\/jornalismo.ufsj.edu.br\/wp-content\/uploads\/2018\/09\/WhatsApp-Image-2018-09-26-at-15.30.00-768x1024.jpeg"}],"twitter_card":"summary_large_image","twitter_creator":"@jornalismoufsj","twitter_site":"@jornalismoufsj","twitter_misc":{"Escrito por":"","Est. tempo de leitura":"2 minutos"},"schema":{"@context":"https:\/\/schema.org","@graph":[{"@type":"WebPage","@id":"http:\/\/jornalismo.ufsj.edu.br\/site\/alunos\/disciplina-do-curso-de-jornalismo-realiza-atividade-fotografica-em-tiradentes\/","url":"http:\/\/jornalismo.ufsj.edu.br\/site\/alunos\/disciplina-do-curso-de-jornalismo-realiza-atividade-fotografica-em-tiradentes\/","name":"Disciplina do curso de Jornalismo realiza atividade fotogr\u00e1fica em Tiradentes - Jornalismo UFSJ","isPartOf":{"@id":"http:\/\/jornalismo.ufsj.edu.br\/site\/#website"},"datePublished":"2018-09-26T18:48:18+00:00","dateModified":"2018-09-26T18:51:24+00:00","author":{"@id":""},"breadcrumb":{"@id":"http:\/\/jornalismo.ufsj.edu.br\/site\/alunos\/disciplina-do-curso-de-jornalismo-realiza-atividade-fotografica-em-tiradentes\/#breadcrumb"},"inLanguage":"pt-BR","potentialAction":[{"@type":"ReadAction","target":["http:\/\/jornalismo.ufsj.edu.br\/site\/alunos\/disciplina-do-curso-de-jornalismo-realiza-atividade-fotografica-em-tiradentes\/"]}]},{"@type":"BreadcrumbList","@id":"http:\/\/jornalismo.ufsj.edu.br\/site\/alunos\/disciplina-do-curso-de-jornalismo-realiza-atividade-fotografica-em-tiradentes\/#breadcrumb","itemListElement":[{"@type":"ListItem","position":1,"name":"In\u00edcio","item":"http:\/\/jornalismo.ufsj.edu.br\/site\/"},{"@type":"ListItem","position":2,"name":"Disciplina do curso de Jornalismo realiza atividade fotogr\u00e1fica em Tiradentes"}]},{"@type":"WebSite","@id":"http:\/\/jornalismo.ufsj.edu.br\/site\/#website","url":"http:\/\/jornalismo.ufsj.edu.br\/site\/","name":"Jornalismo UFSJ","description":"","potentialAction":[{"@type":"SearchAction","target":{"@type":"EntryPoint","urlTemplate":"http:\/\/jornalismo.ufsj.edu.br\/site\/?s={search_term_string}"},"query-input":"required name=search_term_string"}],"inLanguage":"pt-BR"},{"@type":"Person","@id":""}]}},"jetpack_featured_media_url":"","_links":{"self":[{"href":"http:\/\/jornalismo.ufsj.edu.br\/site\/wp-json\/wp\/v2\/posts\/6396"}],"collection":[{"href":"http:\/\/jornalismo.ufsj.edu.br\/site\/wp-json\/wp\/v2\/posts"}],"about":[{"href":"http:\/\/jornalismo.ufsj.edu.br\/site\/wp-json\/wp\/v2\/types\/post"}],"author":[{"embeddable":true,"href":"http:\/\/jornalismo.ufsj.edu.br\/site\/wp-json\/wp\/v2\/users\/3"}],"replies":[{"embeddable":true,"href":"http:\/\/jornalismo.ufsj.edu.br\/site\/wp-json\/wp\/v2\/comments?post=6396"}],"version-history":[{"count":2,"href":"http:\/\/jornalismo.ufsj.edu.br\/site\/wp-json\/wp\/v2\/posts\/6396\/revisions"}],"predecessor-version":[{"id":6399,"href":"http:\/\/jornalismo.ufsj.edu.br\/site\/wp-json\/wp\/v2\/posts\/6396\/revisions\/6399"}],"wp:attachment":[{"href":"http:\/\/jornalismo.ufsj.edu.br\/site\/wp-json\/wp\/v2\/media?parent=6396"}],"wp:term":[{"taxonomy":"category","embeddable":true,"href":"http:\/\/jornalismo.ufsj.edu.br\/site\/wp-json\/wp\/v2\/categories?post=6396"},{"taxonomy":"post_tag","embeddable":true,"href":"http:\/\/jornalismo.ufsj.edu.br\/site\/wp-json\/wp\/v2\/tags?post=6396"}],"curies":[{"name":"wp","href":"https:\/\/api.w.org\/{rel}","templated":true}]}}