{"id":5838,"date":"2016-10-28T18:33:10","date_gmt":"2016-10-28T18:33:10","guid":{"rendered":"http:\/\/jornalismo.ufsj.edu.br\/?p=5838"},"modified":"2017-05-01T15:38:54","modified_gmt":"2017-05-01T15:38:54","slug":"projeto-corredor-cultural-realiza-primeira-oficina","status":"publish","type":"post","link":"http:\/\/jornalismo.ufsj.edu.br\/site\/alunos\/projeto-corredor-cultural-realiza-primeira-oficina\/","title":{"rendered":"Projeto Corredor Cultural realiza primeira oficina"},"content":{"rendered":"<p><img loading=\"lazy\" class=\" wp-image-5849 aligncenter\" src=\"http:\/\/jornalismo.ufsj.edu.br\/wp-content\/uploads\/2016\/10\/capacitac3a7c3a3o-corredor-cultural.jpg\" alt=\"capacitacao-corredor-cultural\" width=\"474\" height=\"316\" srcset=\"http:\/\/jornalismo.ufsj.edu.br\/site\/wp-content\/uploads\/2016\/10\/capacitac3a7c3a3o-corredor-cultural.jpg 5184w, http:\/\/jornalismo.ufsj.edu.br\/site\/wp-content\/uploads\/2016\/10\/capacitac3a7c3a3o-corredor-cultural-300x200.jpg 300w, http:\/\/jornalismo.ufsj.edu.br\/site\/wp-content\/uploads\/2016\/10\/capacitac3a7c3a3o-corredor-cultural-768x512.jpg 768w, http:\/\/jornalismo.ufsj.edu.br\/site\/wp-content\/uploads\/2016\/10\/capacitac3a7c3a3o-corredor-cultural-1024x683.jpg 1024w\" sizes=\"(max-width: 474px) 100vw, 474px\" \/><\/p>\n<p>O Centro Cultural da UFSJ recebeu entre os dias 26 e 27 de outubro, a primeira oficina de capacita\u00e7\u00e3o de produ\u00e7\u00e3o cultural do Projeto Corredor Cultural, ministrada pelo Produtor Cultural da UNIFAL, Ivanei Salgado, e pelo\u00a0membro da Coordenadoria de Desenvolvimento Cultural da UNICAMP, F\u00e1bio Cerqueira. A oficina promoveu a integra\u00e7\u00e3o entre bolsistas e Servidores das Institui\u00e7\u00f5es de Ensino Superior (IES) participantes do projeto.<\/p>\n<p>O Corredor Cultural \u00e9 um projeto de extens\u00e3o do F\u00f3rum de Pr\u00f3- Reitores de Extens\u00e3o das Institui\u00e7\u00f5es P\u00fablicas de Educa\u00e7\u00e3o Superior Brasileiras (FORPROEX) eixo Sudeste,\u00a0que proporciona o interc\u00e2mbio cultural e a circula\u00e7\u00e3o das manifesta\u00e7\u00f5es art\u00edsticas desenvolvidas por docentes, t\u00e9cnicos e discentes entre as Institui\u00e7\u00f5es. De acordo com Ivanei&#8221;O formato do Projeto Corredor realmente precisa trabalhar a forma\u00e7\u00e3o das pessoas que est\u00e3o envolvidas. Porque o Projeto Corredor n\u00e3o \u00e9 tratar a cultura apenas como um evento, mas sim trabalhar a cultura na dimens\u00e3o da extens\u00e3o universit\u00e1ria. Buscando que a cultura seja de fato transformadora e multiplicadora&#8221;.<\/p>\n<div dir=\"ltr\">\n<div class=\"x_gmail_quote\">\n<div dir=\"ltr\">\n<div>\n<div class=\"x_m_4088489751489156281m_-9070397298717563630gmail_signature\">\n<div dir=\"ltr\"><\/div>\n<div dir=\"ltr\">Para conhecer mais sobre o projeto confira o <a href=\"http:\/\/www.corredorcultural.preac.unicamp.br\/\" target=\"_blank\" rel=\"noopener noreferrer\">site<\/a>\u00a0e a p\u00e1gina no <a href=\"https:\/\/www.facebook.com\/corredorculturalsudeste\/?fref=ts\" target=\"_blank\" rel=\"noopener noreferrer\">facebook<\/a>\u00a0.<\/div>\n<div dir=\"ltr\"><\/div>\n<\/div>\n<\/div>\n<div dir=\"ltr\">\n\n\t\t\t<div id='gallery-5838-1' class='gallery gallery-5838'>\n\t\t\t\t<div class='gallery-row gallery-col-3 gallery-clear'>\n\t\t\t\t\t<figure class='gallery-item col-3'>\n\t\t\t\t\t\t<div class='gallery-icon '><a title=\"oficina-centro-cultural\" href='http:\/\/jornalismo.ufsj.edu.br\/site\/oficina-centro-cultural\/'><img width=\"150\" height=\"150\" src=\"http:\/\/jornalismo.ufsj.edu.br\/site\/wp-content\/uploads\/2016\/10\/oficina-centro-cultural-150x150.jpg\" class=\"attachment-thumbnail size-thumbnail\" alt=\"\" loading=\"lazy\" \/><\/a><\/div>\n\t\t\t\t\t<\/figure>\n\t\t\t\t\t<figure class='gallery-item col-3'>\n\t\t\t\t\t\t<div class='gallery-icon '><a title=\"corredor-cultural\" href='http:\/\/jornalismo.ufsj.edu.br\/site\/corredor-cultural\/'><img width=\"150\" height=\"150\" src=\"http:\/\/jornalismo.ufsj.edu.br\/site\/wp-content\/uploads\/2016\/10\/corredor-cultural-150x150.jpg\" class=\"attachment-thumbnail size-thumbnail\" alt=\"\" loading=\"lazy\" \/><\/a><\/div>\n\t\t\t\t\t<\/figure>\n\t\t\t<\/div>\n\t\t\t<\/div><!-- .gallery -->\n\n<\/div>\n<div>\n<div class=\"x_m_4088489751489156281m_-9070397298717563630gmail_signature\">\n<div dir=\"ltr\">\n<div><\/div>\n<div style=\"text-align: right;\">Texto: Tha\u00eds Andressa e Rebeca Oliveira<\/div>\n<div style=\"text-align: right;\">Imagens: Tha\u00eds Andressa<\/div>\n<div style=\"text-align: right;\">Revis\u00e3o: Julia Benatti<\/div>\n<\/div>\n<\/div>\n<\/div>\n<\/div>\n<\/div>\n<\/div>\n","protected":false},"excerpt":{"rendered":"<p>O Centro Cultural da UFSJ recebeu entre os dias 26 e 27 de outubro, a primeira oficina de capacita\u00e7\u00e3o de produ\u00e7\u00e3o cultural do Projeto Corredor Cultural, ministrada pelo Produtor Cultural da UNIFAL, Ivanei Salgado, e pelo\u00a0membro da Coordenadoria de Desenvolvimento&#8230;<\/p>\n","protected":false},"author":3,"featured_media":5849,"comment_status":"open","ping_status":"open","sticky":false,"template":"","format":"standard","meta":{"_monsterinsights_skip_tracking":false,"_monsterinsights_sitenote_active":false,"_monsterinsights_sitenote_note":"","_monsterinsights_sitenote_category":0},"categories":[6,56,70],"tags":[],"yoast_head":"<!-- This site is optimized with the Yoast SEO plugin v20.6 - https:\/\/yoast.com\/wordpress\/plugins\/seo\/ -->\n<title>Projeto Corredor Cultural realiza primeira oficina - Jornalismo UFSJ<\/title>\n<meta name=\"robots\" content=\"index, follow, max-snippet:-1, max-image-preview:large, max-video-preview:-1\" \/>\n<link rel=\"canonical\" href=\"http:\/\/anu.ufsj.edu.br\/site\/alunos\/projeto-corredor-cultural-realiza-primeira-oficina\/\" \/>\n<meta property=\"og:locale\" content=\"pt_BR\" \/>\n<meta property=\"og:type\" content=\"article\" \/>\n<meta property=\"og:title\" content=\"Projeto Corredor Cultural realiza primeira oficina - Jornalismo UFSJ\" \/>\n<meta property=\"og:description\" content=\"O Centro Cultural da UFSJ recebeu entre os dias 26 e 27 de outubro, a primeira oficina de capacita\u00e7\u00e3o de produ\u00e7\u00e3o cultural do Projeto Corredor Cultural, ministrada pelo Produtor Cultural da UNIFAL, Ivanei Salgado, e pelo\u00a0membro da Coordenadoria de Desenvolvimento...\" \/>\n<meta property=\"og:url\" content=\"http:\/\/anu.ufsj.edu.br\/site\/alunos\/projeto-corredor-cultural-realiza-primeira-oficina\/\" \/>\n<meta property=\"og:site_name\" content=\"Jornalismo UFSJ\" \/>\n<meta property=\"article:publisher\" content=\"https:\/\/www.facebook.com\/jornalismoufsj\/\" \/>\n<meta property=\"article:published_time\" content=\"2016-10-28T18:33:10+00:00\" \/>\n<meta property=\"article:modified_time\" content=\"2017-05-01T15:38:54+00:00\" \/>\n<meta property=\"og:image\" content=\"http:\/\/anu.ufsj.edu.br\/site\/wp-content\/uploads\/2016\/10\/capacitac3a7c3a3o-corredor-cultural-1024x683.jpg\" \/>\n\t<meta property=\"og:image:width\" content=\"1024\" \/>\n\t<meta property=\"og:image:height\" content=\"683\" \/>\n\t<meta property=\"og:image:type\" content=\"image\/jpeg\" \/>\n<meta name=\"twitter:card\" content=\"summary_large_image\" \/>\n<meta name=\"twitter:creator\" content=\"@jornalismoufsj\" \/>\n<meta name=\"twitter:site\" content=\"@jornalismoufsj\" \/>\n<meta name=\"twitter:label1\" content=\"Escrito por\" \/>\n\t<meta name=\"twitter:data1\" content=\"\" \/>\n\t<meta name=\"twitter:label2\" content=\"Est. tempo de leitura\" \/>\n\t<meta name=\"twitter:data2\" content=\"1 minuto\" \/>\n<script type=\"application\/ld+json\" class=\"yoast-schema-graph\">{\"@context\":\"https:\/\/schema.org\",\"@graph\":[{\"@type\":\"WebPage\",\"@id\":\"http:\/\/anu.ufsj.edu.br\/site\/alunos\/projeto-corredor-cultural-realiza-primeira-oficina\/\",\"url\":\"http:\/\/anu.ufsj.edu.br\/site\/alunos\/projeto-corredor-cultural-realiza-primeira-oficina\/\",\"name\":\"Projeto Corredor Cultural realiza primeira oficina - Jornalismo UFSJ\",\"isPartOf\":{\"@id\":\"http:\/\/jornalismo.ufsj.edu.br\/site\/#website\"},\"datePublished\":\"2016-10-28T18:33:10+00:00\",\"dateModified\":\"2017-05-01T15:38:54+00:00\",\"author\":{\"@id\":\"\"},\"breadcrumb\":{\"@id\":\"http:\/\/anu.ufsj.edu.br\/site\/alunos\/projeto-corredor-cultural-realiza-primeira-oficina\/#breadcrumb\"},\"inLanguage\":\"pt-BR\",\"potentialAction\":[{\"@type\":\"ReadAction\",\"target\":[\"http:\/\/anu.ufsj.edu.br\/site\/alunos\/projeto-corredor-cultural-realiza-primeira-oficina\/\"]}]},{\"@type\":\"BreadcrumbList\",\"@id\":\"http:\/\/anu.ufsj.edu.br\/site\/alunos\/projeto-corredor-cultural-realiza-primeira-oficina\/#breadcrumb\",\"itemListElement\":[{\"@type\":\"ListItem\",\"position\":1,\"name\":\"In\u00edcio\",\"item\":\"http:\/\/jornalismo.ufsj.edu.br\/site\/\"},{\"@type\":\"ListItem\",\"position\":2,\"name\":\"Projeto Corredor Cultural realiza primeira oficina\"}]},{\"@type\":\"WebSite\",\"@id\":\"http:\/\/jornalismo.ufsj.edu.br\/site\/#website\",\"url\":\"http:\/\/jornalismo.ufsj.edu.br\/site\/\",\"name\":\"Jornalismo UFSJ\",\"description\":\"\",\"potentialAction\":[{\"@type\":\"SearchAction\",\"target\":{\"@type\":\"EntryPoint\",\"urlTemplate\":\"http:\/\/jornalismo.ufsj.edu.br\/site\/?s={search_term_string}\"},\"query-input\":\"required name=search_term_string\"}],\"inLanguage\":\"pt-BR\"},{\"@type\":\"Person\",\"@id\":\"\"}]}<\/script>\n<!-- \/ Yoast SEO plugin. -->","yoast_head_json":{"title":"Projeto Corredor Cultural realiza primeira oficina - Jornalismo UFSJ","robots":{"index":"index","follow":"follow","max-snippet":"max-snippet:-1","max-image-preview":"max-image-preview:large","max-video-preview":"max-video-preview:-1"},"canonical":"http:\/\/anu.ufsj.edu.br\/site\/alunos\/projeto-corredor-cultural-realiza-primeira-oficina\/","og_locale":"pt_BR","og_type":"article","og_title":"Projeto Corredor Cultural realiza primeira oficina - Jornalismo UFSJ","og_description":"O Centro Cultural da UFSJ recebeu entre os dias 26 e 27 de outubro, a primeira oficina de capacita\u00e7\u00e3o de produ\u00e7\u00e3o cultural do Projeto Corredor Cultural, ministrada pelo Produtor Cultural da UNIFAL, Ivanei Salgado, e pelo\u00a0membro da Coordenadoria de Desenvolvimento...","og_url":"http:\/\/anu.ufsj.edu.br\/site\/alunos\/projeto-corredor-cultural-realiza-primeira-oficina\/","og_site_name":"Jornalismo UFSJ","article_publisher":"https:\/\/www.facebook.com\/jornalismoufsj\/","article_published_time":"2016-10-28T18:33:10+00:00","article_modified_time":"2017-05-01T15:38:54+00:00","og_image":[{"width":1024,"height":683,"url":"http:\/\/anu.ufsj.edu.br\/site\/wp-content\/uploads\/2016\/10\/capacitac3a7c3a3o-corredor-cultural-1024x683.jpg","type":"image\/jpeg"}],"twitter_card":"summary_large_image","twitter_creator":"@jornalismoufsj","twitter_site":"@jornalismoufsj","twitter_misc":{"Escrito por":"","Est. tempo de leitura":"1 minuto"},"schema":{"@context":"https:\/\/schema.org","@graph":[{"@type":"WebPage","@id":"http:\/\/anu.ufsj.edu.br\/site\/alunos\/projeto-corredor-cultural-realiza-primeira-oficina\/","url":"http:\/\/anu.ufsj.edu.br\/site\/alunos\/projeto-corredor-cultural-realiza-primeira-oficina\/","name":"Projeto Corredor Cultural realiza primeira oficina - Jornalismo UFSJ","isPartOf":{"@id":"http:\/\/jornalismo.ufsj.edu.br\/site\/#website"},"datePublished":"2016-10-28T18:33:10+00:00","dateModified":"2017-05-01T15:38:54+00:00","author":{"@id":""},"breadcrumb":{"@id":"http:\/\/anu.ufsj.edu.br\/site\/alunos\/projeto-corredor-cultural-realiza-primeira-oficina\/#breadcrumb"},"inLanguage":"pt-BR","potentialAction":[{"@type":"ReadAction","target":["http:\/\/anu.ufsj.edu.br\/site\/alunos\/projeto-corredor-cultural-realiza-primeira-oficina\/"]}]},{"@type":"BreadcrumbList","@id":"http:\/\/anu.ufsj.edu.br\/site\/alunos\/projeto-corredor-cultural-realiza-primeira-oficina\/#breadcrumb","itemListElement":[{"@type":"ListItem","position":1,"name":"In\u00edcio","item":"http:\/\/jornalismo.ufsj.edu.br\/site\/"},{"@type":"ListItem","position":2,"name":"Projeto Corredor Cultural realiza primeira oficina"}]},{"@type":"WebSite","@id":"http:\/\/jornalismo.ufsj.edu.br\/site\/#website","url":"http:\/\/jornalismo.ufsj.edu.br\/site\/","name":"Jornalismo UFSJ","description":"","potentialAction":[{"@type":"SearchAction","target":{"@type":"EntryPoint","urlTemplate":"http:\/\/jornalismo.ufsj.edu.br\/site\/?s={search_term_string}"},"query-input":"required name=search_term_string"}],"inLanguage":"pt-BR"},{"@type":"Person","@id":""}]}},"jetpack_featured_media_url":"http:\/\/jornalismo.ufsj.edu.br\/site\/wp-content\/uploads\/2016\/10\/capacitac3a7c3a3o-corredor-cultural.jpg","_links":{"self":[{"href":"http:\/\/jornalismo.ufsj.edu.br\/site\/wp-json\/wp\/v2\/posts\/5838"}],"collection":[{"href":"http:\/\/jornalismo.ufsj.edu.br\/site\/wp-json\/wp\/v2\/posts"}],"about":[{"href":"http:\/\/jornalismo.ufsj.edu.br\/site\/wp-json\/wp\/v2\/types\/post"}],"author":[{"embeddable":true,"href":"http:\/\/jornalismo.ufsj.edu.br\/site\/wp-json\/wp\/v2\/users\/3"}],"replies":[{"embeddable":true,"href":"http:\/\/jornalismo.ufsj.edu.br\/site\/wp-json\/wp\/v2\/comments?post=5838"}],"version-history":[{"count":2,"href":"http:\/\/jornalismo.ufsj.edu.br\/site\/wp-json\/wp\/v2\/posts\/5838\/revisions"}],"predecessor-version":[{"id":6061,"href":"http:\/\/jornalismo.ufsj.edu.br\/site\/wp-json\/wp\/v2\/posts\/5838\/revisions\/6061"}],"wp:featuredmedia":[{"embeddable":true,"href":"http:\/\/jornalismo.ufsj.edu.br\/site\/wp-json\/wp\/v2\/media\/5849"}],"wp:attachment":[{"href":"http:\/\/jornalismo.ufsj.edu.br\/site\/wp-json\/wp\/v2\/media?parent=5838"}],"wp:term":[{"taxonomy":"category","embeddable":true,"href":"http:\/\/jornalismo.ufsj.edu.br\/site\/wp-json\/wp\/v2\/categories?post=5838"},{"taxonomy":"post_tag","embeddable":true,"href":"http:\/\/jornalismo.ufsj.edu.br\/site\/wp-json\/wp\/v2\/tags?post=5838"}],"curies":[{"name":"wp","href":"https:\/\/api.w.org\/{rel}","templated":true}]}}