{"id":5820,"date":"2016-10-26T19:11:12","date_gmt":"2016-10-26T19:11:12","guid":{"rendered":"http:\/\/jornalismo.ufsj.edu.br\/?p=5820"},"modified":"2016-10-26T19:11:12","modified_gmt":"2016-10-26T19:11:12","slug":"ocupa-ufsj-o-que-temos-a-ver-com-isso","status":"publish","type":"post","link":"http:\/\/jornalismo.ufsj.edu.br\/site\/alunos\/ocupa-ufsj-o-que-temos-a-ver-com-isso\/","title":{"rendered":"Ocupa UFSJ: O que temos a ver com isso?"},"content":{"rendered":"<p><img loading=\"lazy\" class=\"  wp-image-5828 aligncenter\" src=\"http:\/\/jornalismo.ufsj.edu.br\/wp-content\/uploads\/2016\/10\/alunos4.jpg\" alt=\"alunos4\" width=\"500\" height=\"333\" srcset=\"http:\/\/jornalismo.ufsj.edu.br\/site\/wp-content\/uploads\/2016\/10\/alunos4.jpg 960w, http:\/\/jornalismo.ufsj.edu.br\/site\/wp-content\/uploads\/2016\/10\/alunos4-300x200.jpg 300w, http:\/\/jornalismo.ufsj.edu.br\/site\/wp-content\/uploads\/2016\/10\/alunos4-768x512.jpg 768w\" sizes=\"(max-width: 500px) 100vw, 500px\" \/><\/p>\n<p>Colch\u00f5es, barracas, movimenta\u00e7\u00e3o constante. O corredor entre a Reitoria e a Assessoria de Comunica\u00e7\u00e3o da UFSJ tornou-se desde ontem, 24, o centro de reuni\u00e3o dos alunos que militam contra a aprova\u00e7\u00e3o da Proposta de Emenda Constitucional (PEC) 241. A Emenda prev\u00ea, em nome de um ajuste fiscal, o congelamento de investimentos governamentais em \u00e1reas como Educa\u00e7\u00e3o e Sa\u00fade, o que pode significar piora no quadro de servi\u00e7os p\u00fablicos essenciais pelas pr\u00f3ximas duas d\u00e9cadas.<\/p>\n<p>A iniciativa de ocupa\u00e7\u00e3o dos estudantes deu-se pouco depois da assembleia dos t\u00e9cnicos administrativos, que aprovaram greve por tempo determinado a partir desta segunda-feira, 24, at\u00e9 a vota\u00e7\u00e3o da PEC em segundo turno, no Senado. A decis\u00e3o dos professores, por enquanto, foi o indicativo de greve a partir do dia 9 de novembro.<\/p>\n<p>O movimento dos alunos, \u201cOcupa UFSJ\u201d se distribui pelas salas que hoje est\u00e3o divididas entre funcion\u00e1rios que n\u00e3o entraram em greve e estudantes, organizados em cinco grupos de trabalho (GTs): Seguran\u00e7a, Estrutura, Sa\u00fade, Planejamento e Comunica\u00e7\u00e3o. O n\u00famero de\u00a0estudantes alojados cresce a cada dia. A mobiliza\u00e7\u00e3o vai al\u00e9m da vota\u00e7\u00e3o da PEC, incluindo pautas como a reforma no ensino m\u00e9dio, o corte nas bolsas do CNPq (Conselho Nacional de Desenvolvimento Cient\u00edfico e Tecnol\u00f3gico) e pautas locais, al\u00e9m do apoio a todas as ocupa\u00e7\u00f5es estudantis que se espalham com for\u00e7a pelo pa\u00eds.<\/p>\n<p>A tarefa de realizar o di\u00e1logo entre tantas vertentes fica a cargo do GT de Comunica\u00e7\u00e3o. Cerca de 10 membros entre eles, estudantes de Comunica\u00e7\u00e3o e outros cursos da UFSJ, buscam realizar um trabalho did\u00e1tico. A Assessoria de Comunica\u00e7\u00e3o do Ocupa UFSJ criou uma pagina no <a href=\"https:\/\/www.facebook.com\/OcupaUFSJ\/\" target=\"_blank\">facebook <\/a>\u00a0para divulgar not\u00edcias e dar transpar\u00eancia a todo o processo, ressaltando que todas as demandas est\u00e3o sendo discutidas em assembleia. \u201cSe a gente quer uma democracia nacional a gente tem que come\u00e7ar a democracia dentro da ocupa\u00e7\u00e3o\u201d, explica a Assessoria.<\/p>\n<p><strong>Promovendo di\u00e1logos<\/strong><\/p>\n<p>V\u00e1rias atividades l\u00fadicas e art\u00edsticas t\u00eam acontecido no p\u00e1tio do campus Santo Ant\u00f4nio ao longo do dia. Os eventos s\u00e3o abertos \u00e0 participa\u00e7\u00e3o de estudantes e \u00e0 comunidade e s\u00e3o bem-vindos todos os que ainda t\u00eam d\u00favidas sobre a PEC ou sobre a ocupa\u00e7\u00e3o. De acordo com a Assessoria de Comunica\u00e7\u00e3o do movimento, o tema tem sido tratado na m\u00eddia com um direcionamento e a inten\u00e7\u00e3o das m\u00eddias alternativas \u00e9 mostrar outros \u00e2ngulos, esclarecer e de certa forma \u201ctraduzir\u201d para o p\u00fablico o conte\u00fado da PEC.<\/p>\n<p>A viv\u00eancia na ocupa\u00e7\u00e3o e em suas atividades proporciona, ainda, a estudantes, professores, t\u00e9cnicos e comunidade um exerc\u00edcio conjunto de cidadania, em prol de um bem coletivo. Para al\u00e9m do posicionamento pol\u00edtico-partid\u00e1rio, o momento pede di\u00e1logo e esclarecimento, demandas nas quais o comunicador tem import\u00e2ncia vital.<\/p>\n<p>&nbsp;<\/p>\n\n\t\t\t<div id='gallery-5820-1' class='gallery gallery-5820'>\n\t\t\t\t<div class='gallery-row gallery-col-3 gallery-clear'>\n\t\t\t\t\t<figure class='gallery-item col-3'>\n\t\t\t\t\t\t<div class='gallery-icon '><a title=\"alunos\" href='http:\/\/jornalismo.ufsj.edu.br\/site\/alunos-2\/'><img width=\"150\" height=\"150\" src=\"http:\/\/jornalismo.ufsj.edu.br\/site\/wp-content\/uploads\/2016\/10\/alunos-150x150.jpg\" class=\"attachment-thumbnail size-thumbnail\" alt=\"\" loading=\"lazy\" \/><\/a><\/div>\n\t\t\t\t\t<\/figure>\n\t\t\t\t\t<figure class='gallery-item col-3'>\n\t\t\t\t\t\t<div class='gallery-icon '><a title=\"alunos2\" href='http:\/\/jornalismo.ufsj.edu.br\/site\/alunos2\/'><img width=\"150\" height=\"150\" src=\"http:\/\/jornalismo.ufsj.edu.br\/site\/wp-content\/uploads\/2016\/10\/alunos2-150x150.jpg\" class=\"attachment-thumbnail size-thumbnail\" alt=\"\" loading=\"lazy\" \/><\/a><\/div>\n\t\t\t\t\t<\/figure>\n\t\t\t\t\t<figure class='gallery-item col-3'>\n\t\t\t\t\t\t<div class='gallery-icon '><a title=\"alunos3\" href='http:\/\/jornalismo.ufsj.edu.br\/site\/alunos3\/'><img width=\"150\" height=\"150\" src=\"http:\/\/jornalismo.ufsj.edu.br\/site\/wp-content\/uploads\/2016\/10\/alunos3-150x150.jpg\" class=\"attachment-thumbnail size-thumbnail\" alt=\"\" loading=\"lazy\" \/><\/a><\/div>\n\t\t\t\t\t<\/figure>\n\t\t\t\t<\/div>\n\t\t\t\t<div class='gallery-row gallery-col-3 gallery-clear'>\n\t\t\t\t\t<figure class='gallery-item col-3'>\n\t\t\t\t\t\t<div class='gallery-icon '><a title=\"alunos4\" href='http:\/\/jornalismo.ufsj.edu.br\/site\/alunos4\/'><img width=\"150\" height=\"150\" src=\"http:\/\/jornalismo.ufsj.edu.br\/site\/wp-content\/uploads\/2016\/10\/alunos4-150x150.jpg\" class=\"attachment-thumbnail size-thumbnail\" alt=\"\" loading=\"lazy\" \/><\/a><\/div>\n\t\t\t\t\t<\/figure>\n\t\t\t\t\t<figure class='gallery-item col-3'>\n\t\t\t\t\t\t<div class='gallery-icon '><a title=\"alunos5\" href='http:\/\/jornalismo.ufsj.edu.br\/site\/alunos5\/'><img width=\"150\" height=\"150\" src=\"http:\/\/jornalismo.ufsj.edu.br\/site\/wp-content\/uploads\/2016\/10\/alunos5-150x150.jpg\" class=\"attachment-thumbnail size-thumbnail\" alt=\"\" loading=\"lazy\" \/><\/a><\/div>\n\t\t\t\t\t<\/figure>\n\t\t\t<\/div>\n\t\t\t<\/div><!-- .gallery -->\n\n<p>&nbsp;<\/p>\n<p style=\"text-align:right;\">Texto: Dani da Gama<\/p>\n<p style=\"text-align:right;\">Revis\u00e3o: Julia Benatti<\/p>\n<p style=\"text-align:right;\">Imagens cedidas pelo Ocupa UFSJ<\/p>\n","protected":false},"excerpt":{"rendered":"<p>Colch\u00f5es, barracas, movimenta\u00e7\u00e3o constante. O corredor entre a Reitoria e a Assessoria de Comunica\u00e7\u00e3o da UFSJ tornou-se desde ontem, 24, o centro de reuni\u00e3o dos alunos que militam contra a aprova\u00e7\u00e3o da Proposta de Emenda Constitucional (PEC) 241. A Emenda&#8230;<\/p>\n","protected":false},"author":3,"featured_media":5829,"comment_status":"open","ping_status":"open","sticky":false,"template":"","format":"standard","meta":{"_monsterinsights_skip_tracking":false,"_monsterinsights_sitenote_active":false,"_monsterinsights_sitenote_note":"","_monsterinsights_sitenote_category":0},"categories":[6,34,70,73,74],"tags":[],"yoast_head":"<!-- This site is optimized with the Yoast SEO plugin v20.6 - https:\/\/yoast.com\/wordpress\/plugins\/seo\/ -->\n<title>Ocupa UFSJ: O que temos a ver com isso? - Jornalismo UFSJ<\/title>\n<meta name=\"robots\" content=\"index, follow, max-snippet:-1, max-image-preview:large, max-video-preview:-1\" \/>\n<link rel=\"canonical\" href=\"http:\/\/jornalismo.ufsj.edu.br\/site\/alunos\/ocupa-ufsj-o-que-temos-a-ver-com-isso\/\" \/>\n<meta property=\"og:locale\" content=\"pt_BR\" \/>\n<meta property=\"og:type\" content=\"article\" \/>\n<meta property=\"og:title\" content=\"Ocupa UFSJ: O que temos a ver com isso? - Jornalismo UFSJ\" \/>\n<meta property=\"og:description\" content=\"Colch\u00f5es, barracas, movimenta\u00e7\u00e3o constante. O corredor entre a Reitoria e a Assessoria de Comunica\u00e7\u00e3o da UFSJ tornou-se desde ontem, 24, o centro de reuni\u00e3o dos alunos que militam contra a aprova\u00e7\u00e3o da Proposta de Emenda Constitucional (PEC) 241. A Emenda...\" \/>\n<meta property=\"og:url\" content=\"http:\/\/jornalismo.ufsj.edu.br\/site\/alunos\/ocupa-ufsj-o-que-temos-a-ver-com-isso\/\" \/>\n<meta property=\"og:site_name\" content=\"Jornalismo UFSJ\" \/>\n<meta property=\"article:publisher\" content=\"https:\/\/www.facebook.com\/jornalismoufsj\/\" \/>\n<meta property=\"article:published_time\" content=\"2016-10-26T19:11:12+00:00\" \/>\n<meta property=\"og:image\" content=\"http:\/\/jornalismo.ufsj.edu.br\/site\/wp-content\/uploads\/2016\/10\/alunos5.jpg\" \/>\n\t<meta property=\"og:image:width\" content=\"960\" \/>\n\t<meta property=\"og:image:height\" content=\"640\" \/>\n\t<meta property=\"og:image:type\" content=\"image\/jpeg\" \/>\n<meta name=\"twitter:card\" content=\"summary_large_image\" \/>\n<meta name=\"twitter:creator\" content=\"@jornalismoufsj\" \/>\n<meta name=\"twitter:site\" content=\"@jornalismoufsj\" \/>\n<meta name=\"twitter:label1\" content=\"Escrito por\" \/>\n\t<meta name=\"twitter:data1\" content=\"\" \/>\n\t<meta name=\"twitter:label2\" content=\"Est. tempo de leitura\" \/>\n\t<meta name=\"twitter:data2\" content=\"3 minutos\" \/>\n<script type=\"application\/ld+json\" class=\"yoast-schema-graph\">{\"@context\":\"https:\/\/schema.org\",\"@graph\":[{\"@type\":\"WebPage\",\"@id\":\"http:\/\/jornalismo.ufsj.edu.br\/site\/alunos\/ocupa-ufsj-o-que-temos-a-ver-com-isso\/\",\"url\":\"http:\/\/jornalismo.ufsj.edu.br\/site\/alunos\/ocupa-ufsj-o-que-temos-a-ver-com-isso\/\",\"name\":\"Ocupa UFSJ: O que temos a ver com isso? - Jornalismo UFSJ\",\"isPartOf\":{\"@id\":\"http:\/\/jornalismo.ufsj.edu.br\/site\/#website\"},\"datePublished\":\"2016-10-26T19:11:12+00:00\",\"dateModified\":\"2016-10-26T19:11:12+00:00\",\"author\":{\"@id\":\"\"},\"breadcrumb\":{\"@id\":\"http:\/\/jornalismo.ufsj.edu.br\/site\/alunos\/ocupa-ufsj-o-que-temos-a-ver-com-isso\/#breadcrumb\"},\"inLanguage\":\"pt-BR\",\"potentialAction\":[{\"@type\":\"ReadAction\",\"target\":[\"http:\/\/jornalismo.ufsj.edu.br\/site\/alunos\/ocupa-ufsj-o-que-temos-a-ver-com-isso\/\"]}]},{\"@type\":\"BreadcrumbList\",\"@id\":\"http:\/\/jornalismo.ufsj.edu.br\/site\/alunos\/ocupa-ufsj-o-que-temos-a-ver-com-isso\/#breadcrumb\",\"itemListElement\":[{\"@type\":\"ListItem\",\"position\":1,\"name\":\"In\u00edcio\",\"item\":\"http:\/\/jornalismo.ufsj.edu.br\/site\/\"},{\"@type\":\"ListItem\",\"position\":2,\"name\":\"Ocupa UFSJ: O que temos a ver com isso?\"}]},{\"@type\":\"WebSite\",\"@id\":\"http:\/\/jornalismo.ufsj.edu.br\/site\/#website\",\"url\":\"http:\/\/jornalismo.ufsj.edu.br\/site\/\",\"name\":\"Jornalismo UFSJ\",\"description\":\"\",\"potentialAction\":[{\"@type\":\"SearchAction\",\"target\":{\"@type\":\"EntryPoint\",\"urlTemplate\":\"http:\/\/jornalismo.ufsj.edu.br\/site\/?s={search_term_string}\"},\"query-input\":\"required name=search_term_string\"}],\"inLanguage\":\"pt-BR\"},{\"@type\":\"Person\",\"@id\":\"\"}]}<\/script>\n<!-- \/ Yoast SEO plugin. -->","yoast_head_json":{"title":"Ocupa UFSJ: O que temos a ver com isso? - Jornalismo UFSJ","robots":{"index":"index","follow":"follow","max-snippet":"max-snippet:-1","max-image-preview":"max-image-preview:large","max-video-preview":"max-video-preview:-1"},"canonical":"http:\/\/jornalismo.ufsj.edu.br\/site\/alunos\/ocupa-ufsj-o-que-temos-a-ver-com-isso\/","og_locale":"pt_BR","og_type":"article","og_title":"Ocupa UFSJ: O que temos a ver com isso? - Jornalismo UFSJ","og_description":"Colch\u00f5es, barracas, movimenta\u00e7\u00e3o constante. O corredor entre a Reitoria e a Assessoria de Comunica\u00e7\u00e3o da UFSJ tornou-se desde ontem, 24, o centro de reuni\u00e3o dos alunos que militam contra a aprova\u00e7\u00e3o da Proposta de Emenda Constitucional (PEC) 241. A Emenda...","og_url":"http:\/\/jornalismo.ufsj.edu.br\/site\/alunos\/ocupa-ufsj-o-que-temos-a-ver-com-isso\/","og_site_name":"Jornalismo UFSJ","article_publisher":"https:\/\/www.facebook.com\/jornalismoufsj\/","article_published_time":"2016-10-26T19:11:12+00:00","og_image":[{"width":960,"height":640,"url":"http:\/\/jornalismo.ufsj.edu.br\/site\/wp-content\/uploads\/2016\/10\/alunos5.jpg","type":"image\/jpeg"}],"twitter_card":"summary_large_image","twitter_creator":"@jornalismoufsj","twitter_site":"@jornalismoufsj","twitter_misc":{"Escrito por":"","Est. tempo de leitura":"3 minutos"},"schema":{"@context":"https:\/\/schema.org","@graph":[{"@type":"WebPage","@id":"http:\/\/jornalismo.ufsj.edu.br\/site\/alunos\/ocupa-ufsj-o-que-temos-a-ver-com-isso\/","url":"http:\/\/jornalismo.ufsj.edu.br\/site\/alunos\/ocupa-ufsj-o-que-temos-a-ver-com-isso\/","name":"Ocupa UFSJ: O que temos a ver com isso? - Jornalismo UFSJ","isPartOf":{"@id":"http:\/\/jornalismo.ufsj.edu.br\/site\/#website"},"datePublished":"2016-10-26T19:11:12+00:00","dateModified":"2016-10-26T19:11:12+00:00","author":{"@id":""},"breadcrumb":{"@id":"http:\/\/jornalismo.ufsj.edu.br\/site\/alunos\/ocupa-ufsj-o-que-temos-a-ver-com-isso\/#breadcrumb"},"inLanguage":"pt-BR","potentialAction":[{"@type":"ReadAction","target":["http:\/\/jornalismo.ufsj.edu.br\/site\/alunos\/ocupa-ufsj-o-que-temos-a-ver-com-isso\/"]}]},{"@type":"BreadcrumbList","@id":"http:\/\/jornalismo.ufsj.edu.br\/site\/alunos\/ocupa-ufsj-o-que-temos-a-ver-com-isso\/#breadcrumb","itemListElement":[{"@type":"ListItem","position":1,"name":"In\u00edcio","item":"http:\/\/jornalismo.ufsj.edu.br\/site\/"},{"@type":"ListItem","position":2,"name":"Ocupa UFSJ: O que temos a ver com isso?"}]},{"@type":"WebSite","@id":"http:\/\/jornalismo.ufsj.edu.br\/site\/#website","url":"http:\/\/jornalismo.ufsj.edu.br\/site\/","name":"Jornalismo UFSJ","description":"","potentialAction":[{"@type":"SearchAction","target":{"@type":"EntryPoint","urlTemplate":"http:\/\/jornalismo.ufsj.edu.br\/site\/?s={search_term_string}"},"query-input":"required name=search_term_string"}],"inLanguage":"pt-BR"},{"@type":"Person","@id":""}]}},"jetpack_featured_media_url":"http:\/\/jornalismo.ufsj.edu.br\/site\/wp-content\/uploads\/2016\/10\/alunos5.jpg","_links":{"self":[{"href":"http:\/\/jornalismo.ufsj.edu.br\/site\/wp-json\/wp\/v2\/posts\/5820"}],"collection":[{"href":"http:\/\/jornalismo.ufsj.edu.br\/site\/wp-json\/wp\/v2\/posts"}],"about":[{"href":"http:\/\/jornalismo.ufsj.edu.br\/site\/wp-json\/wp\/v2\/types\/post"}],"author":[{"embeddable":true,"href":"http:\/\/jornalismo.ufsj.edu.br\/site\/wp-json\/wp\/v2\/users\/3"}],"replies":[{"embeddable":true,"href":"http:\/\/jornalismo.ufsj.edu.br\/site\/wp-json\/wp\/v2\/comments?post=5820"}],"version-history":[{"count":0,"href":"http:\/\/jornalismo.ufsj.edu.br\/site\/wp-json\/wp\/v2\/posts\/5820\/revisions"}],"wp:featuredmedia":[{"embeddable":true,"href":"http:\/\/jornalismo.ufsj.edu.br\/site\/wp-json\/wp\/v2\/media\/5829"}],"wp:attachment":[{"href":"http:\/\/jornalismo.ufsj.edu.br\/site\/wp-json\/wp\/v2\/media?parent=5820"}],"wp:term":[{"taxonomy":"category","embeddable":true,"href":"http:\/\/jornalismo.ufsj.edu.br\/site\/wp-json\/wp\/v2\/categories?post=5820"},{"taxonomy":"post_tag","embeddable":true,"href":"http:\/\/jornalismo.ufsj.edu.br\/site\/wp-json\/wp\/v2\/tags?post=5820"}],"curies":[{"name":"wp","href":"https:\/\/api.w.org\/{rel}","templated":true}]}}