{"id":5691,"date":"2016-10-10T14:48:48","date_gmt":"2016-10-10T14:48:48","guid":{"rendered":"http:\/\/jornalismo.ufsj.edu.br\/?p=5691"},"modified":"2016-10-10T14:48:48","modified_gmt":"2016-10-10T14:48:48","slug":"momento-de-luta","status":"publish","type":"post","link":"http:\/\/jornalismo.ufsj.edu.br\/site\/alunos\/momento-de-luta\/","title":{"rendered":"Momento de luta"},"content":{"rendered":"<p>&nbsp;<\/p>\n<p><img loading=\"lazy\" class=\"  wp-image-5728 aligncenter\" src=\"http:\/\/jornalismo.ufsj.edu.br\/wp-content\/uploads\/2016\/10\/13118931_522582457926234_61690768769030454_n.jpg\" alt=\"13118931_522582457926234_61690768769030454_n\" width=\"403\" height=\"267\" srcset=\"http:\/\/jornalismo.ufsj.edu.br\/site\/wp-content\/uploads\/2016\/10\/13118931_522582457926234_61690768769030454_n.jpg 720w, http:\/\/jornalismo.ufsj.edu.br\/site\/wp-content\/uploads\/2016\/10\/13118931_522582457926234_61690768769030454_n-300x199.jpg 300w\" sizes=\"(max-width: 403px) 100vw, 403px\" \/><\/p>\n<p>Engana-se quem pensa que os jovens universit\u00e1rios s\u00f3 querem saber de festas ou bebidas. H\u00e1 muito mais na for\u00e7a juvenil: h\u00e1 a luta. Os universit\u00e1rios est\u00e3o cada vez mais adotando a milit\u00e2ncia pol\u00edtica e social como uma forma de lutar por seus direitos, principalmente no atual cen\u00e1rio brasileiro. Com isso, muitos coletivos s\u00e3o criados dentro e fora da universidade e, com o apoio do jovem estudante, ganham mais for\u00e7a e a\u00e7\u00e3o.<\/p>\n<p>Cheyene Vieira de 19 anos, estudante de jornalismo, viu no movimento social uma forma de a\u00e7\u00e3o efetiva contra os descasos do governo. Ela participa do Coletivo Quilombo, da Frente Brasil Popular e do rec\u00e9m-criado UFSJ Pela Democracia. Ambos surgiram com o objetivo de levantar pautas e combater pelos os direitos que foram negados \u00e0s minorias e institui\u00e7\u00f5es.<\/p>\n<p><img loading=\"lazy\" class=\"  wp-image-5729 aligncenter\" src=\"http:\/\/jornalismo.ufsj.edu.br\/wp-content\/uploads\/2016\/10\/14192017_774681086007005_5123183748183018116_n.jpg\" alt=\"14192017_774681086007005_5123183748183018116_n\" width=\"407\" height=\"229\" srcset=\"http:\/\/jornalismo.ufsj.edu.br\/site\/wp-content\/uploads\/2016\/10\/14192017_774681086007005_5123183748183018116_n.jpg 960w, http:\/\/jornalismo.ufsj.edu.br\/site\/wp-content\/uploads\/2016\/10\/14192017_774681086007005_5123183748183018116_n-300x169.jpg 300w, http:\/\/jornalismo.ufsj.edu.br\/site\/wp-content\/uploads\/2016\/10\/14192017_774681086007005_5123183748183018116_n-768x432.jpg 768w\" sizes=\"(max-width: 407px) 100vw, 407px\" \/><\/p>\n<p>A estudante acredita nas\u00a0mudan\u00e7as que os jovens brasileiros podem causar &#8220;A juventude \u00e9 o sangue novo dentro do movimento. \u00c9 ela que tem energia para estar l\u00e1, sem ela \u00e9 muito dif\u00edcil continuar&#8221;. Apesar de ter come\u00e7ado a milit\u00e2ncia no Coletivo Quilombo h\u00e1 apenas um pouco mais de um ano, Cheyene sempre esteve \u00e0 frente das lutas como, por exemplo, nos movimentos feministas. No entanto, ela conta que o contato com esse tipo de coletivo se intensificou quando veio para S\u00e3o Jo\u00e3o del-Rei &#8220;A cidade que eu morava era muito pequena, n\u00e3o tinha um movimento social consolidado&#8221;.<\/p>\n<p>Felipe Janu\u00e1rio, 23, tamb\u00e9m estudante de jornalismo, participa, al\u00e9m do Coletivo Quilombo, do Contra Corrente que est\u00e1 em processo de consolida\u00e7\u00e3o e que surge como uma iniciativa de comunica\u00e7\u00e3o da Frente Brasil Popular. Ele j\u00e1 atuava dentro do movimento estudantil da UNIFAL onde estudava antes de entrar para a UFSJ.\u00a0 Foi, no entanto, participando do Coletivo Quilombo que ele realmente se viu como militante. Para Felipe, a comunica\u00e7\u00e3o \u00e9 essencial nesse processo de luta por direitos, \u00e9 atrav\u00e9s dela que se tem a ideia do que est\u00e1 acontecendo e a partir disso formar uma opini\u00e3o. &#8220;Eu costumo dizer a frase do Rep\u00f3rter Esso: &#8216;n\u00f3s somos testemunhas da hist\u00f3ria&#8217;, mas n\u00e3o s\u00f3 isso, a comunica\u00e7\u00e3o\u00a0 n\u00e3o \u00e9 a apenas para divulgar, mas para dar for\u00e7a&#8221;, comenta.<\/p>\n<div id=\"attachment_5727\" style=\"width: 293px\" class=\"wp-caption aligncenter\"><img aria-describedby=\"caption-attachment-5727\" loading=\"lazy\" class=\"  wp-image-5727 aligncenter\" src=\"http:\/\/jornalismo.ufsj.edu.br\/wp-content\/uploads\/2016\/10\/12993494_1085867941436243_4964628799216043458_n.jpg\" alt=\"12993494_1085867941436243_4964628799216043458_n\" width=\"283\" height=\"283\" srcset=\"http:\/\/jornalismo.ufsj.edu.br\/site\/wp-content\/uploads\/2016\/10\/12993494_1085867941436243_4964628799216043458_n.jpg 960w, http:\/\/jornalismo.ufsj.edu.br\/site\/wp-content\/uploads\/2016\/10\/12993494_1085867941436243_4964628799216043458_n-150x150.jpg 150w, http:\/\/jornalismo.ufsj.edu.br\/site\/wp-content\/uploads\/2016\/10\/12993494_1085867941436243_4964628799216043458_n-300x300.jpg 300w, http:\/\/jornalismo.ufsj.edu.br\/site\/wp-content\/uploads\/2016\/10\/12993494_1085867941436243_4964628799216043458_n-768x768.jpg 768w\" sizes=\"(max-width: 283px) 100vw, 283px\" \/><p id=\"caption-attachment-5727\" class=\"wp-caption-text\">Cheyene e Felipe<\/p><\/div>\n<p>Para Cheyene e Felipe, como para v\u00e1rios militantes, a discuss\u00e3o pol\u00edtica \u00e9 extremamente necess\u00e1ria em sala de aula. &#8220;A gente nunca \u00e9 neutro, nunca \u00e9 apartid\u00e1rio. Quando a gente n\u00e3o toma um partido; quando a gente n\u00e3o ocupa um espa\u00e7o, algu\u00e9m est\u00e1 ocupando!&#8221; defende Cheyene. \u00c9 por isso defendem que a luta deles dentro da universidade \u00e9 t\u00e3o necess\u00e1ria.<\/p>\n<p>Os movimentos sociais s\u00e3o subsidiados, muitas vezes, nas vendas de objetos criados pelos pr\u00f3prios participantes e de festas promovidas para arrecadar fundos. Alguns sindicatos ou partidos os ajudam, mas nem sempre isso ocorre. Ainda assim, h\u00e1 emo\u00e7\u00e3o em poder participar efetivamente da hist\u00f3ria do Brasil. Cheyene conta que uma das hist\u00f3rias mais arrepiantes da sua vida como militante foi o encontro em um congresso onde v\u00e1rios ativistas da mesma causa se reuniram: &#8220;A galera vai chegando, vai todo mundo se encontrando gente que n\u00e3o se v\u00ea h\u00e1 anos. Eu acho que \u00e9 um momento de uni\u00e3o&#8221;.<br \/>\nAs reuni\u00f5es dos coletivos n\u00e3o possuem data e hor\u00e1rio fixo. Isso \u00e9 sempre decidido a cada reuni\u00e3o. Para mais informa\u00e7\u00f5es sobre o <a href=\"https:\/\/www.facebook.com\/quilombosjdr\/?fref=ts\" target=\"_blank\">Coletivo Quilombo<\/a> e da<a href=\"https:\/\/www.facebook.com\/FrenteBrasilPopularSJDR\/?fref=ts\" target=\"_blank\"> Frente Brasil Popular<\/a>.<\/p>\n<p>&nbsp;<\/p>\n<p style=\"text-align:right;\">Texto: Beatriz Estima<\/p>\n<p style=\"text-align:right;\">Revis\u00e3o: Julia Benatti<\/p>\n<p style=\"text-align:right;\">Imagens: Arquivo Pessoal<\/p>\n","protected":false},"excerpt":{"rendered":"<p>&nbsp; Engana-se quem pensa que os jovens universit\u00e1rios s\u00f3 querem saber de festas ou bebidas. H\u00e1 muito mais na for\u00e7a juvenil: h\u00e1 a luta. Os universit\u00e1rios est\u00e3o cada vez mais adotando a milit\u00e2ncia pol\u00edtica e social como uma forma de&#8230;<\/p>\n","protected":false},"author":3,"featured_media":5728,"comment_status":"open","ping_status":"open","sticky":false,"template":"","format":"standard","meta":{"_monsterinsights_skip_tracking":false,"_monsterinsights_sitenote_active":false,"_monsterinsights_sitenote_note":"","_monsterinsights_sitenote_category":0},"categories":[6,11,62,70],"tags":[],"yoast_head":"<!-- This site is optimized with the Yoast SEO plugin v20.6 - https:\/\/yoast.com\/wordpress\/plugins\/seo\/ -->\n<title>Momento de luta - Jornalismo UFSJ<\/title>\n<meta name=\"robots\" content=\"index, follow, max-snippet:-1, max-image-preview:large, max-video-preview:-1\" \/>\n<link rel=\"canonical\" href=\"http:\/\/jornalismo.ufsj.edu.br\/site\/alunos\/momento-de-luta\/\" \/>\n<meta property=\"og:locale\" content=\"pt_BR\" \/>\n<meta property=\"og:type\" content=\"article\" \/>\n<meta property=\"og:title\" content=\"Momento de luta - Jornalismo UFSJ\" \/>\n<meta property=\"og:description\" content=\"&nbsp; Engana-se quem pensa que os jovens universit\u00e1rios s\u00f3 querem saber de festas ou bebidas. H\u00e1 muito mais na for\u00e7a juvenil: h\u00e1 a luta. Os universit\u00e1rios est\u00e3o cada vez mais adotando a milit\u00e2ncia pol\u00edtica e social como uma forma de...\" \/>\n<meta property=\"og:url\" content=\"http:\/\/jornalismo.ufsj.edu.br\/site\/alunos\/momento-de-luta\/\" \/>\n<meta property=\"og:site_name\" content=\"Jornalismo UFSJ\" \/>\n<meta property=\"article:publisher\" content=\"https:\/\/www.facebook.com\/jornalismoufsj\/\" \/>\n<meta property=\"article:published_time\" content=\"2016-10-10T14:48:48+00:00\" \/>\n<meta property=\"og:image\" content=\"http:\/\/jornalismo.ufsj.edu.br\/site\/wp-content\/uploads\/2016\/10\/13118931_522582457926234_61690768769030454_n.jpg\" \/>\n\t<meta property=\"og:image:width\" content=\"720\" \/>\n\t<meta property=\"og:image:height\" content=\"478\" \/>\n\t<meta property=\"og:image:type\" content=\"image\/jpeg\" \/>\n<meta name=\"twitter:card\" content=\"summary_large_image\" \/>\n<meta name=\"twitter:creator\" content=\"@jornalismoufsj\" \/>\n<meta name=\"twitter:site\" content=\"@jornalismoufsj\" \/>\n<meta name=\"twitter:label1\" content=\"Escrito por\" \/>\n\t<meta name=\"twitter:data1\" content=\"\" \/>\n\t<meta name=\"twitter:label2\" content=\"Est. tempo de leitura\" \/>\n\t<meta name=\"twitter:data2\" content=\"3 minutos\" \/>\n<script type=\"application\/ld+json\" class=\"yoast-schema-graph\">{\"@context\":\"https:\/\/schema.org\",\"@graph\":[{\"@type\":\"WebPage\",\"@id\":\"http:\/\/jornalismo.ufsj.edu.br\/site\/alunos\/momento-de-luta\/\",\"url\":\"http:\/\/jornalismo.ufsj.edu.br\/site\/alunos\/momento-de-luta\/\",\"name\":\"Momento de luta - Jornalismo UFSJ\",\"isPartOf\":{\"@id\":\"http:\/\/jornalismo.ufsj.edu.br\/site\/#website\"},\"datePublished\":\"2016-10-10T14:48:48+00:00\",\"dateModified\":\"2016-10-10T14:48:48+00:00\",\"author\":{\"@id\":\"\"},\"breadcrumb\":{\"@id\":\"http:\/\/jornalismo.ufsj.edu.br\/site\/alunos\/momento-de-luta\/#breadcrumb\"},\"inLanguage\":\"pt-BR\",\"potentialAction\":[{\"@type\":\"ReadAction\",\"target\":[\"http:\/\/jornalismo.ufsj.edu.br\/site\/alunos\/momento-de-luta\/\"]}]},{\"@type\":\"BreadcrumbList\",\"@id\":\"http:\/\/jornalismo.ufsj.edu.br\/site\/alunos\/momento-de-luta\/#breadcrumb\",\"itemListElement\":[{\"@type\":\"ListItem\",\"position\":1,\"name\":\"In\u00edcio\",\"item\":\"http:\/\/jornalismo.ufsj.edu.br\/site\/\"},{\"@type\":\"ListItem\",\"position\":2,\"name\":\"Momento de luta\"}]},{\"@type\":\"WebSite\",\"@id\":\"http:\/\/jornalismo.ufsj.edu.br\/site\/#website\",\"url\":\"http:\/\/jornalismo.ufsj.edu.br\/site\/\",\"name\":\"Jornalismo UFSJ\",\"description\":\"\",\"potentialAction\":[{\"@type\":\"SearchAction\",\"target\":{\"@type\":\"EntryPoint\",\"urlTemplate\":\"http:\/\/jornalismo.ufsj.edu.br\/site\/?s={search_term_string}\"},\"query-input\":\"required name=search_term_string\"}],\"inLanguage\":\"pt-BR\"},{\"@type\":\"Person\",\"@id\":\"\"}]}<\/script>\n<!-- \/ Yoast SEO plugin. -->","yoast_head_json":{"title":"Momento de luta - Jornalismo UFSJ","robots":{"index":"index","follow":"follow","max-snippet":"max-snippet:-1","max-image-preview":"max-image-preview:large","max-video-preview":"max-video-preview:-1"},"canonical":"http:\/\/jornalismo.ufsj.edu.br\/site\/alunos\/momento-de-luta\/","og_locale":"pt_BR","og_type":"article","og_title":"Momento de luta - Jornalismo UFSJ","og_description":"&nbsp; Engana-se quem pensa que os jovens universit\u00e1rios s\u00f3 querem saber de festas ou bebidas. H\u00e1 muito mais na for\u00e7a juvenil: h\u00e1 a luta. Os universit\u00e1rios est\u00e3o cada vez mais adotando a milit\u00e2ncia pol\u00edtica e social como uma forma de...","og_url":"http:\/\/jornalismo.ufsj.edu.br\/site\/alunos\/momento-de-luta\/","og_site_name":"Jornalismo UFSJ","article_publisher":"https:\/\/www.facebook.com\/jornalismoufsj\/","article_published_time":"2016-10-10T14:48:48+00:00","og_image":[{"width":720,"height":478,"url":"http:\/\/jornalismo.ufsj.edu.br\/site\/wp-content\/uploads\/2016\/10\/13118931_522582457926234_61690768769030454_n.jpg","type":"image\/jpeg"}],"twitter_card":"summary_large_image","twitter_creator":"@jornalismoufsj","twitter_site":"@jornalismoufsj","twitter_misc":{"Escrito por":"","Est. tempo de leitura":"3 minutos"},"schema":{"@context":"https:\/\/schema.org","@graph":[{"@type":"WebPage","@id":"http:\/\/jornalismo.ufsj.edu.br\/site\/alunos\/momento-de-luta\/","url":"http:\/\/jornalismo.ufsj.edu.br\/site\/alunos\/momento-de-luta\/","name":"Momento de luta - Jornalismo UFSJ","isPartOf":{"@id":"http:\/\/jornalismo.ufsj.edu.br\/site\/#website"},"datePublished":"2016-10-10T14:48:48+00:00","dateModified":"2016-10-10T14:48:48+00:00","author":{"@id":""},"breadcrumb":{"@id":"http:\/\/jornalismo.ufsj.edu.br\/site\/alunos\/momento-de-luta\/#breadcrumb"},"inLanguage":"pt-BR","potentialAction":[{"@type":"ReadAction","target":["http:\/\/jornalismo.ufsj.edu.br\/site\/alunos\/momento-de-luta\/"]}]},{"@type":"BreadcrumbList","@id":"http:\/\/jornalismo.ufsj.edu.br\/site\/alunos\/momento-de-luta\/#breadcrumb","itemListElement":[{"@type":"ListItem","position":1,"name":"In\u00edcio","item":"http:\/\/jornalismo.ufsj.edu.br\/site\/"},{"@type":"ListItem","position":2,"name":"Momento de luta"}]},{"@type":"WebSite","@id":"http:\/\/jornalismo.ufsj.edu.br\/site\/#website","url":"http:\/\/jornalismo.ufsj.edu.br\/site\/","name":"Jornalismo UFSJ","description":"","potentialAction":[{"@type":"SearchAction","target":{"@type":"EntryPoint","urlTemplate":"http:\/\/jornalismo.ufsj.edu.br\/site\/?s={search_term_string}"},"query-input":"required name=search_term_string"}],"inLanguage":"pt-BR"},{"@type":"Person","@id":""}]}},"jetpack_featured_media_url":"http:\/\/jornalismo.ufsj.edu.br\/site\/wp-content\/uploads\/2016\/10\/13118931_522582457926234_61690768769030454_n.jpg","_links":{"self":[{"href":"http:\/\/jornalismo.ufsj.edu.br\/site\/wp-json\/wp\/v2\/posts\/5691"}],"collection":[{"href":"http:\/\/jornalismo.ufsj.edu.br\/site\/wp-json\/wp\/v2\/posts"}],"about":[{"href":"http:\/\/jornalismo.ufsj.edu.br\/site\/wp-json\/wp\/v2\/types\/post"}],"author":[{"embeddable":true,"href":"http:\/\/jornalismo.ufsj.edu.br\/site\/wp-json\/wp\/v2\/users\/3"}],"replies":[{"embeddable":true,"href":"http:\/\/jornalismo.ufsj.edu.br\/site\/wp-json\/wp\/v2\/comments?post=5691"}],"version-history":[{"count":0,"href":"http:\/\/jornalismo.ufsj.edu.br\/site\/wp-json\/wp\/v2\/posts\/5691\/revisions"}],"wp:featuredmedia":[{"embeddable":true,"href":"http:\/\/jornalismo.ufsj.edu.br\/site\/wp-json\/wp\/v2\/media\/5728"}],"wp:attachment":[{"href":"http:\/\/jornalismo.ufsj.edu.br\/site\/wp-json\/wp\/v2\/media?parent=5691"}],"wp:term":[{"taxonomy":"category","embeddable":true,"href":"http:\/\/jornalismo.ufsj.edu.br\/site\/wp-json\/wp\/v2\/categories?post=5691"},{"taxonomy":"post_tag","embeddable":true,"href":"http:\/\/jornalismo.ufsj.edu.br\/site\/wp-json\/wp\/v2\/tags?post=5691"}],"curies":[{"name":"wp","href":"https:\/\/api.w.org\/{rel}","templated":true}]}}