{"id":5625,"date":"2016-09-26T23:32:20","date_gmt":"2016-09-26T23:32:20","guid":{"rendered":"http:\/\/jornalismo.ufsj.edu.br\/?p=5625"},"modified":"2016-09-26T23:32:20","modified_gmt":"2016-09-26T23:32:20","slug":"projeto-de-extensao-estreia-com-programa-sobre-religiosidade","status":"publish","type":"post","link":"http:\/\/jornalismo.ufsj.edu.br\/site\/alunos\/projeto-de-extensao-estreia-com-programa-sobre-religiosidade\/","title":{"rendered":"Projeto de extens\u00e3o estreia com programa sobre religiosidade"},"content":{"rendered":"<p style=\"text-align:justify;\"><img loading=\"lazy\" class=\"alignnone size-full wp-image-5628\" src=\"http:\/\/jornalismo.ufsj.edu.br\/wp-content\/uploads\/2016\/09\/urbe.jpg\" alt=\"urbe\" width=\"828\" height=\"315\" srcset=\"http:\/\/jornalismo.ufsj.edu.br\/site\/wp-content\/uploads\/2016\/09\/urbe.jpg 828w, http:\/\/jornalismo.ufsj.edu.br\/site\/wp-content\/uploads\/2016\/09\/urbe-300x114.jpg 300w, http:\/\/jornalismo.ufsj.edu.br\/site\/wp-content\/uploads\/2016\/09\/urbe-768x292.jpg 768w\" sizes=\"(max-width: 828px) 100vw, 828px\" \/><\/p>\n<p style=\"text-align:justify;\">Aconteceu no dia 21 de setembro, no Centro Cultural da UFSJ, o lan\u00e7amento do primeiro programa do projeto de extens\u00e3o URBE \u2013 Olhares sobre S\u00e3o Jo\u00e3o. Os webdocument\u00e1rios mostrar\u00e3o a cidade de S\u00e3o Jo\u00e3o del-Rei em suas diferentes vers\u00f5es e particularidades.<\/p>\n<p style=\"text-align:justify;\">No primeiro programa foi mostrado dois pontos de vistas distintos: um guia tur\u00edstico que instrui turistas e curiosos e as religi\u00f5es de matriz africana que n\u00e3o fazem parte dos roteiros tur\u00edsticos, mas que refor\u00e7am a religiosidade na cidade dos sinos. O coordenador do projeto e professor Francisco Brinati afirmou que \u00e9 um tema de extrema import\u00e2ncia a ser discutido no momento de intoler\u00e2ncia que vivemos.<\/p>\n<p style=\"text-align:justify;\">Segundo a aluna Sarah Rodrigues, que participou da produ\u00e7\u00e3o, os maiores problemas foram devido \u00e0 inexperi\u00eancia em trabalhar com aparelhos e como fazer um programa de 10 minutos pra web. No entanto, ela afirma que o resultado fez tudo valer \u00e0 pena \u201cProduzir um web programa foi com certeza uma das experi\u00eancias mais gratificantes que tive dentro do curso, pois tive contato com situa\u00e7\u00f5es que ainda n\u00e3o tinha lidado, como acompanhar todo um processo produtivo: desde a produ\u00e7\u00e3o, at\u00e9 a entrevista, realiza\u00e7\u00e3o de filmagens, elabora\u00e7\u00e3o de roteiros, e processo de edi\u00e7\u00e3o\u201d.<\/p>\n<p style=\"text-align:justify;\">Os programas ser\u00e3o postados mensalmente durante um ano. Para saber mais sobre o projeto e assistir os programas basta seguir a p\u00e1gina do URBE no <a href=\"https:\/\/www.facebook.com\/urbeolharesSJDR\/?fref=ts\" target=\"_blank\">facebook<\/a> \u00a0e no <a href=\"https:\/\/www.youtube.com\/channel\/UCoTqPoFk2fjOKFF4tCgIqTg\" target=\"_blank\">youtube<\/a>.<\/p>\n<p style=\"text-align:right;\">Texto: Julia Benatti<\/p>\n<p style=\"text-align:right;\">Revis\u00e3o: Lucas Porf\u00edrio<\/p>\n","protected":false},"excerpt":{"rendered":"<p>Aconteceu no dia 21 de setembro, no Centro Cultural da UFSJ, o lan\u00e7amento do primeiro programa do projeto de extens\u00e3o URBE \u2013 Olhares sobre S\u00e3o Jo\u00e3o. Os webdocument\u00e1rios mostrar\u00e3o a cidade de S\u00e3o Jo\u00e3o del-Rei em suas diferentes vers\u00f5es e&#8230;<\/p>\n","protected":false},"author":3,"featured_media":5632,"comment_status":"open","ping_status":"open","sticky":false,"template":"","format":"standard","meta":{"_monsterinsights_skip_tracking":false,"_monsterinsights_sitenote_active":false,"_monsterinsights_sitenote_note":"","_monsterinsights_sitenote_category":0},"categories":[6,22,32,41,70],"tags":[],"yoast_head":"<!-- This site is optimized with the Yoast SEO plugin v20.6 - https:\/\/yoast.com\/wordpress\/plugins\/seo\/ -->\n<title>Projeto de extens\u00e3o estreia com programa sobre religiosidade - Jornalismo UFSJ<\/title>\n<meta name=\"robots\" content=\"index, follow, max-snippet:-1, max-image-preview:large, max-video-preview:-1\" \/>\n<link rel=\"canonical\" href=\"http:\/\/anu.ufsj.edu.br\/site\/alunos\/projeto-de-extensao-estreia-com-programa-sobre-religiosidade\/\" \/>\n<meta property=\"og:locale\" content=\"pt_BR\" \/>\n<meta property=\"og:type\" content=\"article\" \/>\n<meta property=\"og:title\" content=\"Projeto de extens\u00e3o estreia com programa sobre religiosidade - Jornalismo UFSJ\" \/>\n<meta property=\"og:description\" content=\"Aconteceu no dia 21 de setembro, no Centro Cultural da UFSJ, o lan\u00e7amento do primeiro programa do projeto de extens\u00e3o URBE \u2013 Olhares sobre S\u00e3o Jo\u00e3o. Os webdocument\u00e1rios mostrar\u00e3o a cidade de S\u00e3o Jo\u00e3o del-Rei em suas diferentes vers\u00f5es e...\" \/>\n<meta property=\"og:url\" content=\"http:\/\/anu.ufsj.edu.br\/site\/alunos\/projeto-de-extensao-estreia-com-programa-sobre-religiosidade\/\" \/>\n<meta property=\"og:site_name\" content=\"Jornalismo UFSJ\" \/>\n<meta property=\"article:publisher\" content=\"https:\/\/www.facebook.com\/jornalismoufsj\/\" \/>\n<meta property=\"article:published_time\" content=\"2016-09-26T23:32:20+00:00\" \/>\n<meta property=\"og:image\" content=\"http:\/\/anu.ufsj.edu.br\/site\/wp-content\/uploads\/2016\/09\/urbe2.jpg\" \/>\n\t<meta property=\"og:image:width\" content=\"480\" \/>\n\t<meta property=\"og:image:height\" content=\"480\" \/>\n\t<meta property=\"og:image:type\" content=\"image\/jpeg\" \/>\n<meta name=\"twitter:card\" content=\"summary_large_image\" \/>\n<meta name=\"twitter:creator\" content=\"@jornalismoufsj\" \/>\n<meta name=\"twitter:site\" content=\"@jornalismoufsj\" \/>\n<meta name=\"twitter:label1\" content=\"Escrito por\" \/>\n\t<meta name=\"twitter:data1\" content=\"\" \/>\n\t<meta name=\"twitter:label2\" content=\"Est. tempo de leitura\" \/>\n\t<meta name=\"twitter:data2\" content=\"1 minuto\" \/>\n<script type=\"application\/ld+json\" class=\"yoast-schema-graph\">{\"@context\":\"https:\/\/schema.org\",\"@graph\":[{\"@type\":\"WebPage\",\"@id\":\"http:\/\/anu.ufsj.edu.br\/site\/alunos\/projeto-de-extensao-estreia-com-programa-sobre-religiosidade\/\",\"url\":\"http:\/\/anu.ufsj.edu.br\/site\/alunos\/projeto-de-extensao-estreia-com-programa-sobre-religiosidade\/\",\"name\":\"Projeto de extens\u00e3o estreia com programa sobre religiosidade - Jornalismo UFSJ\",\"isPartOf\":{\"@id\":\"http:\/\/jornalismo.ufsj.edu.br\/site\/#website\"},\"datePublished\":\"2016-09-26T23:32:20+00:00\",\"dateModified\":\"2016-09-26T23:32:20+00:00\",\"author\":{\"@id\":\"\"},\"breadcrumb\":{\"@id\":\"http:\/\/anu.ufsj.edu.br\/site\/alunos\/projeto-de-extensao-estreia-com-programa-sobre-religiosidade\/#breadcrumb\"},\"inLanguage\":\"pt-BR\",\"potentialAction\":[{\"@type\":\"ReadAction\",\"target\":[\"http:\/\/anu.ufsj.edu.br\/site\/alunos\/projeto-de-extensao-estreia-com-programa-sobre-religiosidade\/\"]}]},{\"@type\":\"BreadcrumbList\",\"@id\":\"http:\/\/anu.ufsj.edu.br\/site\/alunos\/projeto-de-extensao-estreia-com-programa-sobre-religiosidade\/#breadcrumb\",\"itemListElement\":[{\"@type\":\"ListItem\",\"position\":1,\"name\":\"In\u00edcio\",\"item\":\"http:\/\/jornalismo.ufsj.edu.br\/site\/\"},{\"@type\":\"ListItem\",\"position\":2,\"name\":\"Projeto de extens\u00e3o estreia com programa sobre religiosidade\"}]},{\"@type\":\"WebSite\",\"@id\":\"http:\/\/jornalismo.ufsj.edu.br\/site\/#website\",\"url\":\"http:\/\/jornalismo.ufsj.edu.br\/site\/\",\"name\":\"Jornalismo UFSJ\",\"description\":\"\",\"potentialAction\":[{\"@type\":\"SearchAction\",\"target\":{\"@type\":\"EntryPoint\",\"urlTemplate\":\"http:\/\/jornalismo.ufsj.edu.br\/site\/?s={search_term_string}\"},\"query-input\":\"required name=search_term_string\"}],\"inLanguage\":\"pt-BR\"},{\"@type\":\"Person\",\"@id\":\"\"}]}<\/script>\n<!-- \/ Yoast SEO plugin. -->","yoast_head_json":{"title":"Projeto de extens\u00e3o estreia com programa sobre religiosidade - Jornalismo UFSJ","robots":{"index":"index","follow":"follow","max-snippet":"max-snippet:-1","max-image-preview":"max-image-preview:large","max-video-preview":"max-video-preview:-1"},"canonical":"http:\/\/anu.ufsj.edu.br\/site\/alunos\/projeto-de-extensao-estreia-com-programa-sobre-religiosidade\/","og_locale":"pt_BR","og_type":"article","og_title":"Projeto de extens\u00e3o estreia com programa sobre religiosidade - Jornalismo UFSJ","og_description":"Aconteceu no dia 21 de setembro, no Centro Cultural da UFSJ, o lan\u00e7amento do primeiro programa do projeto de extens\u00e3o URBE \u2013 Olhares sobre S\u00e3o Jo\u00e3o. Os webdocument\u00e1rios mostrar\u00e3o a cidade de S\u00e3o Jo\u00e3o del-Rei em suas diferentes vers\u00f5es e...","og_url":"http:\/\/anu.ufsj.edu.br\/site\/alunos\/projeto-de-extensao-estreia-com-programa-sobre-religiosidade\/","og_site_name":"Jornalismo UFSJ","article_publisher":"https:\/\/www.facebook.com\/jornalismoufsj\/","article_published_time":"2016-09-26T23:32:20+00:00","og_image":[{"width":480,"height":480,"url":"http:\/\/anu.ufsj.edu.br\/site\/wp-content\/uploads\/2016\/09\/urbe2.jpg","type":"image\/jpeg"}],"twitter_card":"summary_large_image","twitter_creator":"@jornalismoufsj","twitter_site":"@jornalismoufsj","twitter_misc":{"Escrito por":"","Est. tempo de leitura":"1 minuto"},"schema":{"@context":"https:\/\/schema.org","@graph":[{"@type":"WebPage","@id":"http:\/\/anu.ufsj.edu.br\/site\/alunos\/projeto-de-extensao-estreia-com-programa-sobre-religiosidade\/","url":"http:\/\/anu.ufsj.edu.br\/site\/alunos\/projeto-de-extensao-estreia-com-programa-sobre-religiosidade\/","name":"Projeto de extens\u00e3o estreia com programa sobre religiosidade - Jornalismo UFSJ","isPartOf":{"@id":"http:\/\/jornalismo.ufsj.edu.br\/site\/#website"},"datePublished":"2016-09-26T23:32:20+00:00","dateModified":"2016-09-26T23:32:20+00:00","author":{"@id":""},"breadcrumb":{"@id":"http:\/\/anu.ufsj.edu.br\/site\/alunos\/projeto-de-extensao-estreia-com-programa-sobre-religiosidade\/#breadcrumb"},"inLanguage":"pt-BR","potentialAction":[{"@type":"ReadAction","target":["http:\/\/anu.ufsj.edu.br\/site\/alunos\/projeto-de-extensao-estreia-com-programa-sobre-religiosidade\/"]}]},{"@type":"BreadcrumbList","@id":"http:\/\/anu.ufsj.edu.br\/site\/alunos\/projeto-de-extensao-estreia-com-programa-sobre-religiosidade\/#breadcrumb","itemListElement":[{"@type":"ListItem","position":1,"name":"In\u00edcio","item":"http:\/\/jornalismo.ufsj.edu.br\/site\/"},{"@type":"ListItem","position":2,"name":"Projeto de extens\u00e3o estreia com programa sobre religiosidade"}]},{"@type":"WebSite","@id":"http:\/\/jornalismo.ufsj.edu.br\/site\/#website","url":"http:\/\/jornalismo.ufsj.edu.br\/site\/","name":"Jornalismo UFSJ","description":"","potentialAction":[{"@type":"SearchAction","target":{"@type":"EntryPoint","urlTemplate":"http:\/\/jornalismo.ufsj.edu.br\/site\/?s={search_term_string}"},"query-input":"required name=search_term_string"}],"inLanguage":"pt-BR"},{"@type":"Person","@id":""}]}},"jetpack_featured_media_url":"http:\/\/jornalismo.ufsj.edu.br\/site\/wp-content\/uploads\/2016\/09\/urbe2.jpg","_links":{"self":[{"href":"http:\/\/jornalismo.ufsj.edu.br\/site\/wp-json\/wp\/v2\/posts\/5625"}],"collection":[{"href":"http:\/\/jornalismo.ufsj.edu.br\/site\/wp-json\/wp\/v2\/posts"}],"about":[{"href":"http:\/\/jornalismo.ufsj.edu.br\/site\/wp-json\/wp\/v2\/types\/post"}],"author":[{"embeddable":true,"href":"http:\/\/jornalismo.ufsj.edu.br\/site\/wp-json\/wp\/v2\/users\/3"}],"replies":[{"embeddable":true,"href":"http:\/\/jornalismo.ufsj.edu.br\/site\/wp-json\/wp\/v2\/comments?post=5625"}],"version-history":[{"count":0,"href":"http:\/\/jornalismo.ufsj.edu.br\/site\/wp-json\/wp\/v2\/posts\/5625\/revisions"}],"wp:featuredmedia":[{"embeddable":true,"href":"http:\/\/jornalismo.ufsj.edu.br\/site\/wp-json\/wp\/v2\/media\/5632"}],"wp:attachment":[{"href":"http:\/\/jornalismo.ufsj.edu.br\/site\/wp-json\/wp\/v2\/media?parent=5625"}],"wp:term":[{"taxonomy":"category","embeddable":true,"href":"http:\/\/jornalismo.ufsj.edu.br\/site\/wp-json\/wp\/v2\/categories?post=5625"},{"taxonomy":"post_tag","embeddable":true,"href":"http:\/\/jornalismo.ufsj.edu.br\/site\/wp-json\/wp\/v2\/tags?post=5625"}],"curies":[{"name":"wp","href":"https:\/\/api.w.org\/{rel}","templated":true}]}}