{"id":5465,"date":"2016-09-06T18:40:43","date_gmt":"2016-09-06T18:40:43","guid":{"rendered":"http:\/\/jornalismo.ufsj.edu.br\/?p=5465"},"modified":"2016-09-06T18:40:43","modified_gmt":"2016-09-06T18:40:43","slug":"por-onde-anda-kleyton-guilherme","status":"publish","type":"post","link":"http:\/\/jornalismo.ufsj.edu.br\/site\/alunos\/por-onde-anda-kleyton-guilherme\/","title":{"rendered":"Por onde anda Kleyton Guilherme?"},"content":{"rendered":"<p style=\"text-align:justify;\">Kleyton Guilherme, graduado em Comunica\u00e7\u00e3o Social pela UFSJ, tem 22 anos e atualmente trabalha para a TV Integra\u00e7\u00e3o &#8211; uma afiliada da Rede Globo do estado de Minas Gerais. O jovem e promissor jornalista se formou no in\u00edcio de 2016 e em pouco tempo j\u00e1 conta com conquistas e realiza\u00e7\u00f5es para seu curr\u00edculo. Nesta entrevista perguntamos sobre os desafios e prazeres da profiss\u00e3o e ele nos conta um pouco sobre dedica\u00e7\u00e3o, perseveran\u00e7a e satisfa\u00e7\u00e3o de exercer aquilo que gosta.<\/p>\n<p style=\"text-align:justify;\"><strong>A <img loading=\"lazy\" class=\"  wp-image-5477 alignleft\" src=\"http:\/\/jornalismo.ufsj.edu.br\/wp-content\/uploads\/2016\/09\/14031048_1087000864712797_1474516040_n.jpg\" alt=\"14031048_1087000864712797_1474516040_n\" width=\"244\" height=\"235\" srcset=\"http:\/\/jornalismo.ufsj.edu.br\/site\/wp-content\/uploads\/2016\/09\/14031048_1087000864712797_1474516040_n.jpg 863w, http:\/\/jornalismo.ufsj.edu.br\/site\/wp-content\/uploads\/2016\/09\/14031048_1087000864712797_1474516040_n-300x290.jpg 300w, http:\/\/jornalismo.ufsj.edu.br\/site\/wp-content\/uploads\/2016\/09\/14031048_1087000864712797_1474516040_n-768x741.jpg 768w\" sizes=\"(max-width: 244px) 100vw, 244px\" \/>\u00e1rea do Jornalismo sempre foi uma meta sua ou inicialmente voc\u00ea pretendia entrar em\u00a0outro curso?<\/strong><\/p>\n<p style=\"text-align:justify;\">A minha rela\u00e7\u00e3o com o Jornalismo come\u00e7ou antes mesmo que eu soubesse que aquilo era Jornalismo. Eu estudei a vida inteira na mesma escola e desde o ensino fundamental, quando tinha algum evento importante ou que fugisse um pouco da rotina, a diretora ia at\u00e9 a minha sala e, independente de qual fosse a aula, pedia ao professor que me liberasse pra eu poder registrar tudo com uma c\u00e2merazinha que a pr\u00f3pria escola tinha. Eu sempre tive esse gosto por registrar as coisas, por ver algo acontecer e poder rever, ou mesmo tornar poss\u00edvel que outras pessoas vissem aquilo depois. Quando chegou o terceiro ano, a escolha foi quase \u00f3bvia: nenhum outro curso me despertou interesse como o Jornalismo.<\/p>\n<p style=\"text-align:justify;\"><strong>O que a UFSJ te deixou como maior aprendizado? Voc\u00ea fez parte de algum projeto da institui\u00e7\u00e3o (ex: Mosaico ou VAN)? Se sim, qual foi a import\u00e2ncia disso pra sua forma\u00e7\u00e3o?<\/strong><\/p>\n<p style=\"text-align:justify;\">Logo no in\u00edcio do curso, na primeira ou segunda semana, conheci a Vertentes Ag\u00eancia de Not\u00edcias (VAN) e achei interessante a proposta do projeto. De cara, consegui uma das bolsas dispon\u00edveis e l\u00e1 fiquei por pouco mais de um ano. Foi onde tive o meu\u00a0 primeiro contato pr\u00e1tico com o Jornalismo j\u00e1 na condi\u00e7\u00e3o de estudante de Comunica\u00e7\u00e3o Social. Depois fui trabalhar num est\u00fadio de fotografia e v\u00eddeo e apesar de n\u00e3o ter uma liga\u00e7\u00e3o direta com o curso, aprendi muita coisa l\u00e1. Pude aprofundar o pouco que j\u00e1 sabia sobre edi\u00e7\u00e3o de v\u00eddeos, aprender bastante sobre a edi\u00e7\u00e3o de fotos e, claro, adquirir mais experi\u00eancia nas coberturas fotogr\u00e1ficas e de v\u00eddeo. Menos de 5 dias depois de sair do est\u00fadio, j\u00e1 estava em uma nova empreitada: fui selecionado para compor a equipe respons\u00e1vel por criar a TV UFSJ.<br \/>\nDei os primeiros RECs da TV da Universidade, literalmente, e fico bastante feliz por isso. Tive \u00f3timas experi\u00eancias nos quase dois anos que fiz parte da equipe da ASCOM-UFSJ. Conheci a fundo todos os campi da Universidade e v\u00e1rios cursos dispon\u00edveis nela atrav\u00e9s da s\u00e9rie \u00cdndice UFSJ, que criamos na TV; pude ver frente \u00e0s minhas lentes e gravar com grandes pessoas como Gilberto Gil, Maria Rita, Arnaldo Antunes, Marcelo Jeneci, Ti\u00ea, o pessoal do O Teatro M\u00e1gico, dos Raimundos, o cantor Vander Lee, que nos deixou h\u00e1 poucos dias, a atriz Dira Paes; e sem d\u00favidas, a cada novo REC, seja ele com uma dessas pessoas ou mesmo com um aluno falando sobre um projeto que desenvolveu na Universidade, eu aprendi alguma coisa.<\/p>\n<p style=\"text-align:justify;\"><strong>Em algum momento do curso voc\u00ea teve medo ou receio de n\u00e3o conseguir seguir na \u00e1rea do jornalismo?\u00a0Qual a parte do Jornalismo que mais te despertou interesse?<\/strong><\/p>\n<p style=\"text-align:justify;\">Esse nunca foi um medo meu. Eu sempre gostei de trabalhar com imagens e foquei bastante nisso durante toda a gradua\u00e7\u00e3o. Dificilmente outra coisa me daria tanto prazer em trabalhar como a \u00e1rea do Jornalismo mesmo.<\/p>\n<p style=\"text-align:justify;\"><strong>Como voc\u00ea classificaria o mercado de trabalho pro jornalista?<\/strong><\/p>\n<p style=\"text-align:justify;\">Principalmente quando a gente entra na Universidade, tem sempre aquele papo de que o &#8220;mercado t\u00e1 saturado&#8221;, que Jornalismo \u00e9 uma \u00e1rea complicada porque &#8220;nem precisa ter diploma&#8221; e, principalmente, que &#8220;n\u00e3o d\u00e1 dinheiro&#8221;. Tudo bem, h\u00e1 verdades nisso, mas tamb\u00e9m n\u00e3o acho que seja esse terror todo. A dificuldade pra arrumar emprego t\u00e1 longe de ser algo exclusivo da nossa \u00e1rea. As vagas no mercado de trabalho est\u00e3o a\u00ed sim. Talvez mais escassas e um pouco mais concorridas, \u00e9 verdade. Mas a forma\u00e7\u00e3o que a UFSJ oferece pra quem sabe aproveitar bem as oportunidades, j\u00e1 \u00e9 um ponto bem positivo pra conquista dessas vagas.<\/p>\n<p><strong>Agora, trabalhando em uma TV, qual a sensa\u00e7\u00e3o e quais s\u00e3o seus pr\u00f3ximos passos?<\/strong><\/p>\n<p style=\"text-align:justify;\">Foi um salto muito grande sair da Universidade e, aos 21 anos de idade, vir praticamente direto pra uma afiliada da Rede Globo. Se antes as reportagens que eu gravava atingiam, em m\u00e9dia, umas 250 pessoas por meio da webtv da faculdade, hoje, uma reportagem gravada aqui pode atingir mais de um milh\u00e3o de pessoas que ligarem a TV pra ver as not\u00edcias da regi\u00e3o Centro-Oeste de Minas Gerais, nossa \u00e1rea de cobertura. Isso sem contar quando alguma mat\u00e9ria vai pra rede, a\u00ed as dimens\u00f5es s\u00e3o ainda maiores. Eu fui muito bem recebido aqui na emissora e tenho aprendido muito! Ao meu lado trabalham pessoas que come\u00e7aram na TV Integra\u00e7\u00e3o antes mesmo que eu viesse ao mundo. E quando eu paro pra pensar nisso, \u00e9 imposs\u00edvel n\u00e3o lembrar da professora Filomena falando l\u00e1 no in\u00edcio do curso sobre a import\u00e2ncia de respeitar aqueles que n\u00e3o tiveram a oportunidade que n\u00f3s tivemos de cursar uma gradua\u00e7\u00e3o, mas s\u00e3o important\u00edssimos pro cen\u00e1rio do Jornalismo. Os pr\u00f3ximos passos ser\u00e3o na busca por aproveitar tudo o que eu puder de experi\u00eancia aqui para somar com o que j\u00e1 aprendi em cada REC dado e, assim, manter vivo esse prazer em contar diferentes hist\u00f3rias com as imagens.<\/p>\n<p style=\"text-align:justify;\"><strong>Qual a sua fun\u00e7\u00e3o na TV em que trabalha?<\/strong><\/p>\n<p style=\"text-align:justify;\">Sou rep\u00f3rter cinematogr\u00e1fico na TV Integra\u00e7\u00e3o, afiliada da Rede Globo. Trabalho na cidade de Divin\u00f3polis e nossa \u00e1rea de cobertura \u00e9 o Centro-Oeste de Minas Gerais. S\u00e3o 67 cidades, uma popula\u00e7\u00e3o de 1.484.059 pessoas (dados de 2011). A escala n\u00e3o \u00e9 100% fixa, mas geralmente, eu opero as duas c\u00e2meras do est\u00fadio do MGTV 2\u00aa edi\u00e7\u00e3o e, depois, fico por conta dos factuais. Como geralmente saio sozinho, sem um rep\u00f3rter acompanhando, fa\u00e7o al\u00e9m das imagens, as entrevistas e, \u00e0s vezes, o texto da reportagem tamb\u00e9m.<\/p>\n<p><strong>Se puder deixar um conselho pra quem est\u00e1 come\u00e7ando e quer dar certo como um comunicador social, o que gostaria de dizer?<\/strong><\/p>\n<p style=\"text-align:justify;\">Quando liguei um computador na TV Integra\u00e7\u00e3o pela primeira vez, assim que comecei a trabalhar l\u00e1, a imagem de fundo da tela inicial era o logotipo da TV acompanhado da frase: &#8220;De portas abertas para o novo&#8221;. Ali, entendi claramente o que muitas vezes ouvi falar durante a gradua\u00e7\u00e3o. O profissional multim\u00eddia \u00e9 sim uma busca da \u00e1rea. Ent\u00e3o, aproveitar bem as oportunidades que o curso oferece\u00a0\u00e9 muito importante, mas isso \u00e9 diferente de querer abra\u00e7ar o mundo pegando tudo pra fazer ao mesmo tempo. Foco n\u00e3o \u00e9 essencial s\u00f3 no trabalho do rep\u00f3rter cinematogr\u00e1fico aqui, mas na vida tamb\u00e9m.<\/p>\n<p style=\"text-align:justify;\">A grade curricular do curso \u00e9 a mesma pra todos, mas cada um sai com uma forma\u00e7\u00e3o completamente diferente e nem tudo o que voc\u00ea precisa para ser um bom jornalista est\u00e1 no curso. Um exemplo simples: \u00e9 praticamente um pr\u00e9-requisito o rep\u00f3rter cinematogr\u00e1fico saber dirigir j\u00e1 que, em quase todas as TVs, \u00e9 ele o respons\u00e1vel pelo volante no dia a dia das reportagens. A gradua\u00e7\u00e3o n\u00e3o vem acompanhada da sua CNH, ent\u00e3o, \u00e9 preciso enxergar al\u00e9m e saber se qualificar para a(s) vaga(s) que pretender conseguir.<\/p>\n<p style=\"text-align:justify;\">Confira <a href=\"http:\/\/g1.globo.com\/mg\/centro-oeste\/mgtv-1edicao\/videos\/t\/edicoes\/v\/policia-militar-flagra-falsificacao-de-garrafas-de-cerveja-em-divinopolis\/5227878\/\" target=\"_blank\">aqui<\/a> uma mat\u00e9ria produzida por Kleyton.<\/p>\n<p style=\"text-align:right;\">Texto: Lucas Di Capri<\/p>\n<p style=\"text-align:right;\">Revis\u00e3o: Julia Benatti<\/p>\n<p style=\"text-align:right;\">Imagem: Arquivo pessoal<\/p>\n<p style=\"text-align:right;\">Caricatura: Cristiano Giovanni<\/p>\n","protected":false},"excerpt":{"rendered":"<p>Kleyton Guilherme, graduado em Comunica\u00e7\u00e3o Social pela UFSJ, tem 22 anos e atualmente trabalha para a TV Integra\u00e7\u00e3o &#8211; uma afiliada da Rede Globo do estado de Minas Gerais. O jovem e promissor jornalista se formou no in\u00edcio de 2016&#8230;<\/p>\n","protected":false},"author":3,"featured_media":5477,"comment_status":"open","ping_status":"open","sticky":false,"template":"","format":"standard","meta":{"_monsterinsights_skip_tracking":false,"_monsterinsights_sitenote_active":false,"_monsterinsights_sitenote_note":"","_monsterinsights_sitenote_category":0},"categories":[6,63,70],"tags":[],"yoast_head":"<!-- This site is optimized with the Yoast SEO plugin v20.6 - https:\/\/yoast.com\/wordpress\/plugins\/seo\/ -->\n<title>Por onde anda Kleyton Guilherme? - Jornalismo UFSJ<\/title>\n<meta name=\"robots\" content=\"index, follow, max-snippet:-1, max-image-preview:large, max-video-preview:-1\" \/>\n<link rel=\"canonical\" href=\"http:\/\/jornalismo.ufsj.edu.br\/site\/alunos\/por-onde-anda-kleyton-guilherme\/\" \/>\n<meta property=\"og:locale\" content=\"pt_BR\" \/>\n<meta property=\"og:type\" content=\"article\" \/>\n<meta property=\"og:title\" content=\"Por onde anda Kleyton Guilherme? - Jornalismo UFSJ\" \/>\n<meta property=\"og:description\" content=\"Kleyton Guilherme, graduado em Comunica\u00e7\u00e3o Social pela UFSJ, tem 22 anos e atualmente trabalha para a TV Integra\u00e7\u00e3o &#8211; uma afiliada da Rede Globo do estado de Minas Gerais. O jovem e promissor jornalista se formou no in\u00edcio de 2016...\" \/>\n<meta property=\"og:url\" content=\"http:\/\/jornalismo.ufsj.edu.br\/site\/alunos\/por-onde-anda-kleyton-guilherme\/\" \/>\n<meta property=\"og:site_name\" content=\"Jornalismo UFSJ\" \/>\n<meta property=\"article:publisher\" content=\"https:\/\/www.facebook.com\/jornalismoufsj\/\" \/>\n<meta property=\"article:published_time\" content=\"2016-09-06T18:40:43+00:00\" \/>\n<meta property=\"og:image\" content=\"http:\/\/jornalismo.ufsj.edu.br\/site\/wp-content\/uploads\/2016\/09\/14031048_1087000864712797_1474516040_n.jpg\" \/>\n\t<meta property=\"og:image:width\" content=\"863\" \/>\n\t<meta property=\"og:image:height\" content=\"833\" \/>\n\t<meta property=\"og:image:type\" content=\"image\/jpeg\" \/>\n<meta name=\"twitter:card\" content=\"summary_large_image\" \/>\n<meta name=\"twitter:creator\" content=\"@jornalismoufsj\" \/>\n<meta name=\"twitter:site\" content=\"@jornalismoufsj\" \/>\n<meta name=\"twitter:label1\" content=\"Escrito por\" \/>\n\t<meta name=\"twitter:data1\" content=\"\" \/>\n\t<meta name=\"twitter:label2\" content=\"Est. tempo de leitura\" \/>\n\t<meta name=\"twitter:data2\" content=\"7 minutos\" \/>\n<script type=\"application\/ld+json\" class=\"yoast-schema-graph\">{\"@context\":\"https:\/\/schema.org\",\"@graph\":[{\"@type\":\"WebPage\",\"@id\":\"http:\/\/jornalismo.ufsj.edu.br\/site\/alunos\/por-onde-anda-kleyton-guilherme\/\",\"url\":\"http:\/\/jornalismo.ufsj.edu.br\/site\/alunos\/por-onde-anda-kleyton-guilherme\/\",\"name\":\"Por onde anda Kleyton Guilherme? - Jornalismo UFSJ\",\"isPartOf\":{\"@id\":\"http:\/\/jornalismo.ufsj.edu.br\/site\/#website\"},\"datePublished\":\"2016-09-06T18:40:43+00:00\",\"dateModified\":\"2016-09-06T18:40:43+00:00\",\"author\":{\"@id\":\"\"},\"breadcrumb\":{\"@id\":\"http:\/\/jornalismo.ufsj.edu.br\/site\/alunos\/por-onde-anda-kleyton-guilherme\/#breadcrumb\"},\"inLanguage\":\"pt-BR\",\"potentialAction\":[{\"@type\":\"ReadAction\",\"target\":[\"http:\/\/jornalismo.ufsj.edu.br\/site\/alunos\/por-onde-anda-kleyton-guilherme\/\"]}]},{\"@type\":\"BreadcrumbList\",\"@id\":\"http:\/\/jornalismo.ufsj.edu.br\/site\/alunos\/por-onde-anda-kleyton-guilherme\/#breadcrumb\",\"itemListElement\":[{\"@type\":\"ListItem\",\"position\":1,\"name\":\"In\u00edcio\",\"item\":\"http:\/\/jornalismo.ufsj.edu.br\/site\/\"},{\"@type\":\"ListItem\",\"position\":2,\"name\":\"Por onde anda Kleyton Guilherme?\"}]},{\"@type\":\"WebSite\",\"@id\":\"http:\/\/jornalismo.ufsj.edu.br\/site\/#website\",\"url\":\"http:\/\/jornalismo.ufsj.edu.br\/site\/\",\"name\":\"Jornalismo UFSJ\",\"description\":\"\",\"potentialAction\":[{\"@type\":\"SearchAction\",\"target\":{\"@type\":\"EntryPoint\",\"urlTemplate\":\"http:\/\/jornalismo.ufsj.edu.br\/site\/?s={search_term_string}\"},\"query-input\":\"required name=search_term_string\"}],\"inLanguage\":\"pt-BR\"},{\"@type\":\"Person\",\"@id\":\"\"}]}<\/script>\n<!-- \/ Yoast SEO plugin. -->","yoast_head_json":{"title":"Por onde anda Kleyton Guilherme? - Jornalismo UFSJ","robots":{"index":"index","follow":"follow","max-snippet":"max-snippet:-1","max-image-preview":"max-image-preview:large","max-video-preview":"max-video-preview:-1"},"canonical":"http:\/\/jornalismo.ufsj.edu.br\/site\/alunos\/por-onde-anda-kleyton-guilherme\/","og_locale":"pt_BR","og_type":"article","og_title":"Por onde anda Kleyton Guilherme? - Jornalismo UFSJ","og_description":"Kleyton Guilherme, graduado em Comunica\u00e7\u00e3o Social pela UFSJ, tem 22 anos e atualmente trabalha para a TV Integra\u00e7\u00e3o &#8211; uma afiliada da Rede Globo do estado de Minas Gerais. O jovem e promissor jornalista se formou no in\u00edcio de 2016...","og_url":"http:\/\/jornalismo.ufsj.edu.br\/site\/alunos\/por-onde-anda-kleyton-guilherme\/","og_site_name":"Jornalismo UFSJ","article_publisher":"https:\/\/www.facebook.com\/jornalismoufsj\/","article_published_time":"2016-09-06T18:40:43+00:00","og_image":[{"width":863,"height":833,"url":"http:\/\/jornalismo.ufsj.edu.br\/site\/wp-content\/uploads\/2016\/09\/14031048_1087000864712797_1474516040_n.jpg","type":"image\/jpeg"}],"twitter_card":"summary_large_image","twitter_creator":"@jornalismoufsj","twitter_site":"@jornalismoufsj","twitter_misc":{"Escrito por":"","Est. tempo de leitura":"7 minutos"},"schema":{"@context":"https:\/\/schema.org","@graph":[{"@type":"WebPage","@id":"http:\/\/jornalismo.ufsj.edu.br\/site\/alunos\/por-onde-anda-kleyton-guilherme\/","url":"http:\/\/jornalismo.ufsj.edu.br\/site\/alunos\/por-onde-anda-kleyton-guilherme\/","name":"Por onde anda Kleyton Guilherme? - Jornalismo UFSJ","isPartOf":{"@id":"http:\/\/jornalismo.ufsj.edu.br\/site\/#website"},"datePublished":"2016-09-06T18:40:43+00:00","dateModified":"2016-09-06T18:40:43+00:00","author":{"@id":""},"breadcrumb":{"@id":"http:\/\/jornalismo.ufsj.edu.br\/site\/alunos\/por-onde-anda-kleyton-guilherme\/#breadcrumb"},"inLanguage":"pt-BR","potentialAction":[{"@type":"ReadAction","target":["http:\/\/jornalismo.ufsj.edu.br\/site\/alunos\/por-onde-anda-kleyton-guilherme\/"]}]},{"@type":"BreadcrumbList","@id":"http:\/\/jornalismo.ufsj.edu.br\/site\/alunos\/por-onde-anda-kleyton-guilherme\/#breadcrumb","itemListElement":[{"@type":"ListItem","position":1,"name":"In\u00edcio","item":"http:\/\/jornalismo.ufsj.edu.br\/site\/"},{"@type":"ListItem","position":2,"name":"Por onde anda Kleyton Guilherme?"}]},{"@type":"WebSite","@id":"http:\/\/jornalismo.ufsj.edu.br\/site\/#website","url":"http:\/\/jornalismo.ufsj.edu.br\/site\/","name":"Jornalismo UFSJ","description":"","potentialAction":[{"@type":"SearchAction","target":{"@type":"EntryPoint","urlTemplate":"http:\/\/jornalismo.ufsj.edu.br\/site\/?s={search_term_string}"},"query-input":"required name=search_term_string"}],"inLanguage":"pt-BR"},{"@type":"Person","@id":""}]}},"jetpack_featured_media_url":"http:\/\/jornalismo.ufsj.edu.br\/site\/wp-content\/uploads\/2016\/09\/14031048_1087000864712797_1474516040_n.jpg","_links":{"self":[{"href":"http:\/\/jornalismo.ufsj.edu.br\/site\/wp-json\/wp\/v2\/posts\/5465"}],"collection":[{"href":"http:\/\/jornalismo.ufsj.edu.br\/site\/wp-json\/wp\/v2\/posts"}],"about":[{"href":"http:\/\/jornalismo.ufsj.edu.br\/site\/wp-json\/wp\/v2\/types\/post"}],"author":[{"embeddable":true,"href":"http:\/\/jornalismo.ufsj.edu.br\/site\/wp-json\/wp\/v2\/users\/3"}],"replies":[{"embeddable":true,"href":"http:\/\/jornalismo.ufsj.edu.br\/site\/wp-json\/wp\/v2\/comments?post=5465"}],"version-history":[{"count":0,"href":"http:\/\/jornalismo.ufsj.edu.br\/site\/wp-json\/wp\/v2\/posts\/5465\/revisions"}],"wp:featuredmedia":[{"embeddable":true,"href":"http:\/\/jornalismo.ufsj.edu.br\/site\/wp-json\/wp\/v2\/media\/5477"}],"wp:attachment":[{"href":"http:\/\/jornalismo.ufsj.edu.br\/site\/wp-json\/wp\/v2\/media?parent=5465"}],"wp:term":[{"taxonomy":"category","embeddable":true,"href":"http:\/\/jornalismo.ufsj.edu.br\/site\/wp-json\/wp\/v2\/categories?post=5465"},{"taxonomy":"post_tag","embeddable":true,"href":"http:\/\/jornalismo.ufsj.edu.br\/site\/wp-json\/wp\/v2\/tags?post=5465"}],"curies":[{"name":"wp","href":"https:\/\/api.w.org\/{rel}","templated":true}]}}