{"id":5363,"date":"2016-08-19T18:53:33","date_gmt":"2016-08-19T18:53:33","guid":{"rendered":"http:\/\/jornalismo.ufsj.edu.br\/?p=5363"},"modified":"2016-08-19T18:53:33","modified_gmt":"2016-08-19T18:53:33","slug":"olhares-eduardo-carazza","status":"publish","type":"post","link":"http:\/\/jornalismo.ufsj.edu.br\/site\/alunos\/olhares-eduardo-carazza\/","title":{"rendered":"Olhares &#8211; Eduardo Carazza"},"content":{"rendered":"<p>&nbsp;<\/p>\n<p style=\"text-align:justify;\"><span style=\"font-weight:400;\">Desde crian\u00e7a<img loading=\"lazy\" class=\"  wp-image-5368 alignleft\" src=\"http:\/\/jornalismo.ufsj.edu.br\/wp-content\/uploads\/2016\/08\/whatsapp-image-2016-08-18-at-17-01-56.jpeg\" alt=\"WhatsApp Image 2016-08-18 at 17.01.56\" width=\"208\" height=\"260\" \/>, minha necessidade de me expressar era imposs\u00edvel ser contida. Procurei v\u00e1rias formas\u00a0de retratar o mundo da maneira como o vejo. Escrevi, desenhei, cheguei at\u00e9 a compor, por\u00e9m nada era suficiente. At\u00e9 meu primeiro contato com a fotografia. Uma \u00e1rea que na \u00e9poca era distante da minha realidade, mas que tinha tudo a ver comigo. E eu ainda n\u00e3o sabia disso.<\/span><\/p>\n<p style=\"text-align:justify;\">Como todas as pessoas conectadas, meus primeiros cliques vieram de um celular. Aos poucos, e nas aulas de fotografia, aprendi no\u00e7\u00f5es b\u00e1sicas de composi\u00e7\u00e3o e luz. Com o <a href=\"https:\/\/www.instagram.com\/dudu_zz\/\" target=\"_blank\">Instagram<\/a>, tomei coragem de come\u00e7ar a postar minhas fotos. Mesmo ruins, me alegraram pela fidelidade entre proposta e resultado, pelo encontro com meu \u201ceu artista\u201d.<\/p>\n<p style=\"text-align:justify;\"><span style=\"font-weight:400;\">Hoje, tr\u00eas anos depois, aprendi que a fotografia \u00e9 uma arte-camale\u00e3o. Quanto mais acreditamos que sabemos, mais distantes estamos de saber. \u00c9 como a performance musical: exige pr\u00e1tica di\u00e1ria. Treinar o olhar para captar formas sempre diferentes de retratar situa\u00e7\u00f5es e momentos, surpreendendo as pessoas e a si mesmo.<\/span><\/p>\n<p style=\"text-align:right;\">Texto: Eduardo Carazza<\/p>\n<p style=\"text-align:right;\">Revis\u00e3o: Julia Benatti<\/p>\n<p style=\"text-align:right;\">\n\n","protected":false},"excerpt":{"rendered":"<p>&nbsp; Desde crian\u00e7a, minha necessidade de me expressar era imposs\u00edvel ser contida. Procurei v\u00e1rias formas\u00a0de retratar o mundo da maneira como o vejo. Escrevi, desenhei, cheguei at\u00e9 a compor, por\u00e9m nada era suficiente. At\u00e9 meu primeiro contato com a fotografia&#8230;.<\/p>\n","protected":false},"author":3,"featured_media":5378,"comment_status":"open","ping_status":"open","sticky":false,"template":"","format":"standard","meta":{"_monsterinsights_skip_tracking":false,"_monsterinsights_sitenote_active":false,"_monsterinsights_sitenote_note":"","_monsterinsights_sitenote_category":0},"categories":[6,32,57,70],"tags":[],"yoast_head":"<!-- This site is optimized with the Yoast SEO plugin v20.6 - https:\/\/yoast.com\/wordpress\/plugins\/seo\/ -->\n<title>Olhares - Eduardo Carazza - Jornalismo UFSJ<\/title>\n<meta name=\"robots\" content=\"index, follow, max-snippet:-1, max-image-preview:large, max-video-preview:-1\" \/>\n<link rel=\"canonical\" href=\"http:\/\/jornalismo.ufsj.edu.br\/site\/alunos\/olhares-eduardo-carazza\/\" \/>\n<meta property=\"og:locale\" content=\"pt_BR\" \/>\n<meta property=\"og:type\" content=\"article\" \/>\n<meta property=\"og:title\" content=\"Olhares - Eduardo Carazza - Jornalismo UFSJ\" \/>\n<meta property=\"og:description\" content=\"&nbsp; Desde crian\u00e7a, minha necessidade de me expressar era imposs\u00edvel ser contida. Procurei v\u00e1rias formas\u00a0de retratar o mundo da maneira como o vejo. Escrevi, desenhei, cheguei at\u00e9 a compor, por\u00e9m nada era suficiente. At\u00e9 meu primeiro contato com a fotografia....\" \/>\n<meta property=\"og:url\" content=\"http:\/\/jornalismo.ufsj.edu.br\/site\/alunos\/olhares-eduardo-carazza\/\" \/>\n<meta property=\"og:site_name\" content=\"Jornalismo UFSJ\" \/>\n<meta property=\"article:publisher\" content=\"https:\/\/www.facebook.com\/jornalismoufsj\/\" \/>\n<meta property=\"article:published_time\" content=\"2016-08-19T18:53:33+00:00\" \/>\n<meta name=\"twitter:card\" content=\"summary_large_image\" \/>\n<meta name=\"twitter:creator\" content=\"@jornalismoufsj\" \/>\n<meta name=\"twitter:site\" content=\"@jornalismoufsj\" \/>\n<meta name=\"twitter:label1\" content=\"Escrito por\" \/>\n\t<meta name=\"twitter:data1\" content=\"\" \/>\n\t<meta name=\"twitter:label2\" content=\"Est. tempo de leitura\" \/>\n\t<meta name=\"twitter:data2\" content=\"1 minuto\" \/>\n<script type=\"application\/ld+json\" class=\"yoast-schema-graph\">{\"@context\":\"https:\/\/schema.org\",\"@graph\":[{\"@type\":\"WebPage\",\"@id\":\"http:\/\/jornalismo.ufsj.edu.br\/site\/alunos\/olhares-eduardo-carazza\/\",\"url\":\"http:\/\/jornalismo.ufsj.edu.br\/site\/alunos\/olhares-eduardo-carazza\/\",\"name\":\"Olhares - Eduardo Carazza - Jornalismo UFSJ\",\"isPartOf\":{\"@id\":\"http:\/\/jornalismo.ufsj.edu.br\/site\/#website\"},\"datePublished\":\"2016-08-19T18:53:33+00:00\",\"dateModified\":\"2016-08-19T18:53:33+00:00\",\"author\":{\"@id\":\"\"},\"breadcrumb\":{\"@id\":\"http:\/\/jornalismo.ufsj.edu.br\/site\/alunos\/olhares-eduardo-carazza\/#breadcrumb\"},\"inLanguage\":\"pt-BR\",\"potentialAction\":[{\"@type\":\"ReadAction\",\"target\":[\"http:\/\/jornalismo.ufsj.edu.br\/site\/alunos\/olhares-eduardo-carazza\/\"]}]},{\"@type\":\"BreadcrumbList\",\"@id\":\"http:\/\/jornalismo.ufsj.edu.br\/site\/alunos\/olhares-eduardo-carazza\/#breadcrumb\",\"itemListElement\":[{\"@type\":\"ListItem\",\"position\":1,\"name\":\"In\u00edcio\",\"item\":\"http:\/\/jornalismo.ufsj.edu.br\/site\/\"},{\"@type\":\"ListItem\",\"position\":2,\"name\":\"Olhares &#8211; Eduardo Carazza\"}]},{\"@type\":\"WebSite\",\"@id\":\"http:\/\/jornalismo.ufsj.edu.br\/site\/#website\",\"url\":\"http:\/\/jornalismo.ufsj.edu.br\/site\/\",\"name\":\"Jornalismo UFSJ\",\"description\":\"\",\"potentialAction\":[{\"@type\":\"SearchAction\",\"target\":{\"@type\":\"EntryPoint\",\"urlTemplate\":\"http:\/\/jornalismo.ufsj.edu.br\/site\/?s={search_term_string}\"},\"query-input\":\"required name=search_term_string\"}],\"inLanguage\":\"pt-BR\"},{\"@type\":\"Person\",\"@id\":\"\"}]}<\/script>\n<!-- \/ Yoast SEO plugin. -->","yoast_head_json":{"title":"Olhares - Eduardo Carazza - Jornalismo UFSJ","robots":{"index":"index","follow":"follow","max-snippet":"max-snippet:-1","max-image-preview":"max-image-preview:large","max-video-preview":"max-video-preview:-1"},"canonical":"http:\/\/jornalismo.ufsj.edu.br\/site\/alunos\/olhares-eduardo-carazza\/","og_locale":"pt_BR","og_type":"article","og_title":"Olhares - Eduardo Carazza - Jornalismo UFSJ","og_description":"&nbsp; Desde crian\u00e7a, minha necessidade de me expressar era imposs\u00edvel ser contida. Procurei v\u00e1rias formas\u00a0de retratar o mundo da maneira como o vejo. Escrevi, desenhei, cheguei at\u00e9 a compor, por\u00e9m nada era suficiente. At\u00e9 meu primeiro contato com a fotografia....","og_url":"http:\/\/jornalismo.ufsj.edu.br\/site\/alunos\/olhares-eduardo-carazza\/","og_site_name":"Jornalismo UFSJ","article_publisher":"https:\/\/www.facebook.com\/jornalismoufsj\/","article_published_time":"2016-08-19T18:53:33+00:00","twitter_card":"summary_large_image","twitter_creator":"@jornalismoufsj","twitter_site":"@jornalismoufsj","twitter_misc":{"Escrito por":"","Est. tempo de leitura":"1 minuto"},"schema":{"@context":"https:\/\/schema.org","@graph":[{"@type":"WebPage","@id":"http:\/\/jornalismo.ufsj.edu.br\/site\/alunos\/olhares-eduardo-carazza\/","url":"http:\/\/jornalismo.ufsj.edu.br\/site\/alunos\/olhares-eduardo-carazza\/","name":"Olhares - Eduardo Carazza - Jornalismo UFSJ","isPartOf":{"@id":"http:\/\/jornalismo.ufsj.edu.br\/site\/#website"},"datePublished":"2016-08-19T18:53:33+00:00","dateModified":"2016-08-19T18:53:33+00:00","author":{"@id":""},"breadcrumb":{"@id":"http:\/\/jornalismo.ufsj.edu.br\/site\/alunos\/olhares-eduardo-carazza\/#breadcrumb"},"inLanguage":"pt-BR","potentialAction":[{"@type":"ReadAction","target":["http:\/\/jornalismo.ufsj.edu.br\/site\/alunos\/olhares-eduardo-carazza\/"]}]},{"@type":"BreadcrumbList","@id":"http:\/\/jornalismo.ufsj.edu.br\/site\/alunos\/olhares-eduardo-carazza\/#breadcrumb","itemListElement":[{"@type":"ListItem","position":1,"name":"In\u00edcio","item":"http:\/\/jornalismo.ufsj.edu.br\/site\/"},{"@type":"ListItem","position":2,"name":"Olhares &#8211; Eduardo Carazza"}]},{"@type":"WebSite","@id":"http:\/\/jornalismo.ufsj.edu.br\/site\/#website","url":"http:\/\/jornalismo.ufsj.edu.br\/site\/","name":"Jornalismo UFSJ","description":"","potentialAction":[{"@type":"SearchAction","target":{"@type":"EntryPoint","urlTemplate":"http:\/\/jornalismo.ufsj.edu.br\/site\/?s={search_term_string}"},"query-input":"required name=search_term_string"}],"inLanguage":"pt-BR"},{"@type":"Person","@id":""}]}},"jetpack_featured_media_url":"","_links":{"self":[{"href":"http:\/\/jornalismo.ufsj.edu.br\/site\/wp-json\/wp\/v2\/posts\/5363"}],"collection":[{"href":"http:\/\/jornalismo.ufsj.edu.br\/site\/wp-json\/wp\/v2\/posts"}],"about":[{"href":"http:\/\/jornalismo.ufsj.edu.br\/site\/wp-json\/wp\/v2\/types\/post"}],"author":[{"embeddable":true,"href":"http:\/\/jornalismo.ufsj.edu.br\/site\/wp-json\/wp\/v2\/users\/3"}],"replies":[{"embeddable":true,"href":"http:\/\/jornalismo.ufsj.edu.br\/site\/wp-json\/wp\/v2\/comments?post=5363"}],"version-history":[{"count":0,"href":"http:\/\/jornalismo.ufsj.edu.br\/site\/wp-json\/wp\/v2\/posts\/5363\/revisions"}],"wp:featuredmedia":[{"embeddable":true,"href":"http:\/\/jornalismo.ufsj.edu.br\/site\/wp-json\/"}],"wp:attachment":[{"href":"http:\/\/jornalismo.ufsj.edu.br\/site\/wp-json\/wp\/v2\/media?parent=5363"}],"wp:term":[{"taxonomy":"category","embeddable":true,"href":"http:\/\/jornalismo.ufsj.edu.br\/site\/wp-json\/wp\/v2\/categories?post=5363"},{"taxonomy":"post_tag","embeddable":true,"href":"http:\/\/jornalismo.ufsj.edu.br\/site\/wp-json\/wp\/v2\/tags?post=5363"}],"curies":[{"name":"wp","href":"https:\/\/api.w.org\/{rel}","templated":true}]}}