{"id":5344,"date":"2016-08-16T13:00:12","date_gmt":"2016-08-16T13:00:12","guid":{"rendered":"http:\/\/jornalismo.ufsj.edu.br\/?p=5344"},"modified":"2016-08-16T13:00:12","modified_gmt":"2016-08-16T13:00:12","slug":"por-tras-dos-panos","status":"publish","type":"post","link":"http:\/\/jornalismo.ufsj.edu.br\/site\/sem-categoria\/por-tras-dos-panos\/","title":{"rendered":"Por tr\u00e1s dos panos"},"content":{"rendered":"<p style=\"text-align:justify;\">O cheiro de limpeza denunciou que elas passaram por ali. Com um sorriso no rosto, as amigas insepar\u00e1veis v\u00e3o para mais um dia de trabalho arrumando, limpando, e brincando &#8211; por que, n\u00e3o? &#8211; dentro da UFSJ. Patr\u00edcia, F\u00e1tima e Meire s\u00e3o funcion\u00e1rias da empresa terceirizada M\u00e1xima que presta servi\u00e7o para Universidade.<\/p>\n<p style=\"text-align:justify;\">\u00c9 assim: Todos os dias saem cedo de casa e v\u00e3o para universidade varrer os corredores, arrumar as salas, limpar os banheiros, passar o pano no ch\u00e3o e sentem prazer de deixar tudo brilhando e impec\u00e1vel para os alunos. \u201c\u00c9 gratificante para a gente ver que tudo est\u00e1 bagun\u00e7ado e depois limpinho\u201d comenta Patr\u00edcia que h\u00e1 seis anos trabalha nessa \u00e1rea.<\/p>\n<p style=\"text-align:justify;\">O ambiente agrad\u00e1vel, a anima\u00e7\u00e3o dos estudantes e o respeito que os professores possuem com as funcion\u00e1rias d\u00e3o a elas mais motiva\u00e7\u00e3o para irem trabalhar todos os dias.\u00a0As tr\u00eas passaram por momentos dif\u00edceis em outros empregos. F\u00e1tima desenvolveu transtorno de ansiedade e depress\u00e3o devido ao \u00faltimo trabalho, ela s\u00f3 se sentiu melhor quando largou os ex-patr\u00f5es \u201c\u00c9 melhor voc\u00ea ganhar pouco, mas com pessoas boas, do que ganhar muito e ser escravo, sendo que a Lei \u00c1urea j\u00e1 foi assinada h\u00e1 muito tempo\u201d. Patr\u00edcia que veio de S\u00e3o Paulo buscou mais qualidade de vida em S\u00e3o Jo\u00e3o e n\u00e3o se arrepende da \u00e1rea em que foi trabalhar, dizendo que se sente mais feliz agora do que antes.<\/p>\n<p style=\"text-align:justify;\">Sonhos? Sim, elas possuem alguns. F\u00e1tima quer ser psic\u00f3loga, diz que tem o dom da psicologia, mas que a idade (45 anos) est\u00e1 sendo um grande empecilho. Em uma conversa franca, ela prometeu que tentaria voltar a estudar no pr\u00f3ximo ano. Patr\u00edcia tem o desejo de ter sua casa pr\u00f3pria, conseguir terminar de construir e viver do jeito que sonhou. J\u00e1 Meire, gosta de manter os p\u00e9s no ch\u00e3o.<\/p>\n<p style=\"text-align:justify;\">Pessoas simples e incr\u00edveis. Elas gostam de papear, adoram o trabalho que fazem e se sentem bem quando s\u00e3o vistas, cumprimentadas por quem turista pelos pr\u00e9dios da universidade. S\u00e3o hist\u00f3rias como a delas que tornam cada cantinho da universidade um pouco mais humano.<\/p>\n<p style=\"text-align:right;\">Texto: Beatriz Estima<\/p>\n<p style=\"text-align:right;\">Revis\u00e3o: Julia Benatti<\/p>\n<p style=\"text-align:right;\">Imagens: Camille Gallo<\/p>\n\n<p>&nbsp;<\/p>\n","protected":false},"excerpt":{"rendered":"<p>O cheiro de limpeza denunciou que elas passaram por ali. Com um sorriso no rosto, as amigas insepar\u00e1veis v\u00e3o para mais um dia de trabalho arrumando, limpando, e brincando &#8211; por que, n\u00e3o? &#8211; dentro da UFSJ. Patr\u00edcia, F\u00e1tima e&#8230;<\/p>\n","protected":false},"author":3,"featured_media":5351,"comment_status":"open","ping_status":"open","sticky":false,"template":"","format":"standard","meta":{"_monsterinsights_skip_tracking":false,"_monsterinsights_sitenote_active":false,"_monsterinsights_sitenote_note":"","_monsterinsights_sitenote_category":0},"categories":[70],"tags":[],"yoast_head":"<!-- This site is optimized with the Yoast SEO plugin v20.6 - https:\/\/yoast.com\/wordpress\/plugins\/seo\/ -->\n<title>Por tr\u00e1s dos panos - Jornalismo UFSJ<\/title>\n<meta name=\"robots\" content=\"index, follow, max-snippet:-1, max-image-preview:large, max-video-preview:-1\" \/>\n<link rel=\"canonical\" href=\"http:\/\/jornalismo.ufsj.edu.br\/site\/sem-categoria\/por-tras-dos-panos\/\" \/>\n<meta property=\"og:locale\" content=\"pt_BR\" \/>\n<meta property=\"og:type\" content=\"article\" \/>\n<meta property=\"og:title\" content=\"Por tr\u00e1s dos panos - Jornalismo UFSJ\" \/>\n<meta property=\"og:description\" content=\"O cheiro de limpeza denunciou que elas passaram por ali. Com um sorriso no rosto, as amigas insepar\u00e1veis v\u00e3o para mais um dia de trabalho arrumando, limpando, e brincando &#8211; por que, n\u00e3o? &#8211; dentro da UFSJ. Patr\u00edcia, F\u00e1tima e...\" \/>\n<meta property=\"og:url\" content=\"http:\/\/jornalismo.ufsj.edu.br\/site\/sem-categoria\/por-tras-dos-panos\/\" \/>\n<meta property=\"og:site_name\" content=\"Jornalismo UFSJ\" \/>\n<meta property=\"article:publisher\" content=\"https:\/\/www.facebook.com\/jornalismoufsj\/\" \/>\n<meta property=\"article:published_time\" content=\"2016-08-16T13:00:12+00:00\" \/>\n<meta name=\"twitter:card\" content=\"summary_large_image\" \/>\n<meta name=\"twitter:creator\" content=\"@jornalismoufsj\" \/>\n<meta name=\"twitter:site\" content=\"@jornalismoufsj\" \/>\n<meta name=\"twitter:label1\" content=\"Escrito por\" \/>\n\t<meta name=\"twitter:data1\" content=\"\" \/>\n\t<meta name=\"twitter:label2\" content=\"Est. tempo de leitura\" \/>\n\t<meta name=\"twitter:data2\" content=\"2 minutos\" \/>\n<script type=\"application\/ld+json\" class=\"yoast-schema-graph\">{\"@context\":\"https:\/\/schema.org\",\"@graph\":[{\"@type\":\"WebPage\",\"@id\":\"http:\/\/jornalismo.ufsj.edu.br\/site\/sem-categoria\/por-tras-dos-panos\/\",\"url\":\"http:\/\/jornalismo.ufsj.edu.br\/site\/sem-categoria\/por-tras-dos-panos\/\",\"name\":\"Por tr\u00e1s dos panos - Jornalismo UFSJ\",\"isPartOf\":{\"@id\":\"http:\/\/jornalismo.ufsj.edu.br\/site\/#website\"},\"datePublished\":\"2016-08-16T13:00:12+00:00\",\"dateModified\":\"2016-08-16T13:00:12+00:00\",\"author\":{\"@id\":\"\"},\"breadcrumb\":{\"@id\":\"http:\/\/jornalismo.ufsj.edu.br\/site\/sem-categoria\/por-tras-dos-panos\/#breadcrumb\"},\"inLanguage\":\"pt-BR\",\"potentialAction\":[{\"@type\":\"ReadAction\",\"target\":[\"http:\/\/jornalismo.ufsj.edu.br\/site\/sem-categoria\/por-tras-dos-panos\/\"]}]},{\"@type\":\"BreadcrumbList\",\"@id\":\"http:\/\/jornalismo.ufsj.edu.br\/site\/sem-categoria\/por-tras-dos-panos\/#breadcrumb\",\"itemListElement\":[{\"@type\":\"ListItem\",\"position\":1,\"name\":\"In\u00edcio\",\"item\":\"http:\/\/jornalismo.ufsj.edu.br\/site\/\"},{\"@type\":\"ListItem\",\"position\":2,\"name\":\"Por tr\u00e1s dos panos\"}]},{\"@type\":\"WebSite\",\"@id\":\"http:\/\/jornalismo.ufsj.edu.br\/site\/#website\",\"url\":\"http:\/\/jornalismo.ufsj.edu.br\/site\/\",\"name\":\"Jornalismo UFSJ\",\"description\":\"\",\"potentialAction\":[{\"@type\":\"SearchAction\",\"target\":{\"@type\":\"EntryPoint\",\"urlTemplate\":\"http:\/\/jornalismo.ufsj.edu.br\/site\/?s={search_term_string}\"},\"query-input\":\"required name=search_term_string\"}],\"inLanguage\":\"pt-BR\"},{\"@type\":\"Person\",\"@id\":\"\"}]}<\/script>\n<!-- \/ Yoast SEO plugin. -->","yoast_head_json":{"title":"Por tr\u00e1s dos panos - Jornalismo UFSJ","robots":{"index":"index","follow":"follow","max-snippet":"max-snippet:-1","max-image-preview":"max-image-preview:large","max-video-preview":"max-video-preview:-1"},"canonical":"http:\/\/jornalismo.ufsj.edu.br\/site\/sem-categoria\/por-tras-dos-panos\/","og_locale":"pt_BR","og_type":"article","og_title":"Por tr\u00e1s dos panos - Jornalismo UFSJ","og_description":"O cheiro de limpeza denunciou que elas passaram por ali. Com um sorriso no rosto, as amigas insepar\u00e1veis v\u00e3o para mais um dia de trabalho arrumando, limpando, e brincando &#8211; por que, n\u00e3o? &#8211; dentro da UFSJ. Patr\u00edcia, F\u00e1tima e...","og_url":"http:\/\/jornalismo.ufsj.edu.br\/site\/sem-categoria\/por-tras-dos-panos\/","og_site_name":"Jornalismo UFSJ","article_publisher":"https:\/\/www.facebook.com\/jornalismoufsj\/","article_published_time":"2016-08-16T13:00:12+00:00","twitter_card":"summary_large_image","twitter_creator":"@jornalismoufsj","twitter_site":"@jornalismoufsj","twitter_misc":{"Escrito por":"","Est. tempo de leitura":"2 minutos"},"schema":{"@context":"https:\/\/schema.org","@graph":[{"@type":"WebPage","@id":"http:\/\/jornalismo.ufsj.edu.br\/site\/sem-categoria\/por-tras-dos-panos\/","url":"http:\/\/jornalismo.ufsj.edu.br\/site\/sem-categoria\/por-tras-dos-panos\/","name":"Por tr\u00e1s dos panos - Jornalismo UFSJ","isPartOf":{"@id":"http:\/\/jornalismo.ufsj.edu.br\/site\/#website"},"datePublished":"2016-08-16T13:00:12+00:00","dateModified":"2016-08-16T13:00:12+00:00","author":{"@id":""},"breadcrumb":{"@id":"http:\/\/jornalismo.ufsj.edu.br\/site\/sem-categoria\/por-tras-dos-panos\/#breadcrumb"},"inLanguage":"pt-BR","potentialAction":[{"@type":"ReadAction","target":["http:\/\/jornalismo.ufsj.edu.br\/site\/sem-categoria\/por-tras-dos-panos\/"]}]},{"@type":"BreadcrumbList","@id":"http:\/\/jornalismo.ufsj.edu.br\/site\/sem-categoria\/por-tras-dos-panos\/#breadcrumb","itemListElement":[{"@type":"ListItem","position":1,"name":"In\u00edcio","item":"http:\/\/jornalismo.ufsj.edu.br\/site\/"},{"@type":"ListItem","position":2,"name":"Por tr\u00e1s dos panos"}]},{"@type":"WebSite","@id":"http:\/\/jornalismo.ufsj.edu.br\/site\/#website","url":"http:\/\/jornalismo.ufsj.edu.br\/site\/","name":"Jornalismo UFSJ","description":"","potentialAction":[{"@type":"SearchAction","target":{"@type":"EntryPoint","urlTemplate":"http:\/\/jornalismo.ufsj.edu.br\/site\/?s={search_term_string}"},"query-input":"required name=search_term_string"}],"inLanguage":"pt-BR"},{"@type":"Person","@id":""}]}},"jetpack_featured_media_url":"","_links":{"self":[{"href":"http:\/\/jornalismo.ufsj.edu.br\/site\/wp-json\/wp\/v2\/posts\/5344"}],"collection":[{"href":"http:\/\/jornalismo.ufsj.edu.br\/site\/wp-json\/wp\/v2\/posts"}],"about":[{"href":"http:\/\/jornalismo.ufsj.edu.br\/site\/wp-json\/wp\/v2\/types\/post"}],"author":[{"embeddable":true,"href":"http:\/\/jornalismo.ufsj.edu.br\/site\/wp-json\/wp\/v2\/users\/3"}],"replies":[{"embeddable":true,"href":"http:\/\/jornalismo.ufsj.edu.br\/site\/wp-json\/wp\/v2\/comments?post=5344"}],"version-history":[{"count":0,"href":"http:\/\/jornalismo.ufsj.edu.br\/site\/wp-json\/wp\/v2\/posts\/5344\/revisions"}],"wp:featuredmedia":[{"embeddable":true,"href":"http:\/\/jornalismo.ufsj.edu.br\/site\/wp-json\/"}],"wp:attachment":[{"href":"http:\/\/jornalismo.ufsj.edu.br\/site\/wp-json\/wp\/v2\/media?parent=5344"}],"wp:term":[{"taxonomy":"category","embeddable":true,"href":"http:\/\/jornalismo.ufsj.edu.br\/site\/wp-json\/wp\/v2\/categories?post=5344"},{"taxonomy":"post_tag","embeddable":true,"href":"http:\/\/jornalismo.ufsj.edu.br\/site\/wp-json\/wp\/v2\/tags?post=5344"}],"curies":[{"name":"wp","href":"https:\/\/api.w.org\/{rel}","templated":true}]}}