{"id":5083,"date":"2016-07-16T10:34:50","date_gmt":"2016-07-16T10:34:50","guid":{"rendered":"http:\/\/jornalismo.ufsj.edu.br\/?p=5083"},"modified":"2016-07-16T10:34:50","modified_gmt":"2016-07-16T10:34:50","slug":"mudar-o-mundo-com-palavras","status":"publish","type":"post","link":"http:\/\/jornalismo.ufsj.edu.br\/site\/alunos\/mudar-o-mundo-com-palavras\/","title":{"rendered":"Mudar o mundo com palavras"},"content":{"rendered":"<p><img loading=\"lazy\" class=\"  wp-image-5085 alignleft\" src=\"http:\/\/jornalismo.ufsj.edu.br\/wp-content\/uploads\/2016\/07\/facebook-jornal-delas.jpg\" alt=\"facebook jornal delas\" width=\"289\" height=\"300\" \/>O Jornal Delas \u00e9 um projeto de alunas do curso de Jornalismo da UFSJ que trata de assuntos ligados ao feminismo. Pedimos a uma de suas colaboradoras que nos desse um texto. A Clara Fernandes nos deu n\u00e3o s\u00f3 um texto mas uma reflex\u00e3o &#8211; sobre Comunica\u00e7\u00e3o e Feminismo. E sobre como n\u00f3s temos poder &#8211; as comunicadoras e as mulheres. Precisamos nos apoiar.<\/p>\n<p>Essa \u00e9 nossa segunda mat\u00e9ria sobre feminismo, para acompanhar o texto lindo da\u00a0<a href=\"https:\/\/jornalismoufsj.com.br\/2016\/06\/25\/nao-e-so-pelos-33\/\" target=\"_blank\">Sarah Rodrigues<\/a>, que publicamos no m\u00eas de junho.<\/p>\n<p>***<\/p>\n<p>Quando eu estava no ensino m\u00e9dio, tive que escrever uma reda\u00e7\u00e3o contando qual era meu maior sonho. Na busca por um prop\u00f3sito maior, que n\u00e3o me parecesse t\u00e3o bobo colocado naquela folha de papel, eu disse que queria mudar o mundo com palavras. Piegas, eu sei. Mas alguns anos se passaram, e quando eu tive que escolher o curso que faria na faculdade, o motivo foi exatamente esse: eu acredito, piamente, que a comunica\u00e7\u00e3o pode mudar o mundo. Lendo assim, pode parecer ut\u00f3pico, mas das ilus\u00f5es que a vida universit\u00e1ria me tirou, essa n\u00e3o foi uma delas. A universidade me prova, a cada dia, que a comunica\u00e7\u00e3o exerce sim, um poder enorme sobre o mundo. O problema \u00e9 que muita gente j\u00e1 sacou isso antes de mim. Inclusive as pessoas que se beneficiam das coisas que eu gostaria de mudar no mundo.<\/p>\n<p>Mas, se por um lado a faculdade me mostrou uma possibilidade, foi o feminismo que me mostrou e tem me mostrado como faz\u00ea-lo. Sim, o feminismo. Um movimento que em menos de uma d\u00e9cada conseguiu se popularizar e se expandir enormemente no Brasil, chamando a aten\u00e7\u00e3o da grande m\u00eddia, conseguindo influenci\u00e1-la, inclusive, mudando a maneira como as marcas se relacionam com os consumidores e despertando uma s\u00e9rie de iniciativas mais humanas no campo da ind\u00fastria cultural. Um movimento que, ao saber de um caso de estupro coletivo ocorrido no Rio de Janeiro, conseguiu mobilizar a m\u00eddia nacional e internacional ao redor do fato, reivindicando um tratamento mais humano para a v\u00edtima e despertando um amplo debate acerca da cultura do estupro. Se a vida acad\u00eamica me mostrou que a comunica\u00e7\u00e3o tinha o poder de fazer coisas boas, o feminismo tem me mostrado como isso \u00e9 poss\u00edvel.<\/p>\n<p>Ainda h\u00e1 muito o que ser dito, muito o que ser feito, muito o que ser mudado. Mas eu acredito nas sementes boas que est\u00e3o sendo plantadas. E eu acredito na for\u00e7a da mulheres. Que a prop\u00f3sito, foi outra grata surpresa que a universidade me proporcionou: conviver com pessoas incr\u00edveis, cheias de talento e coragem. Enquanto eu cres\u00e7o e me descubro enquanto pessoa e profissional, me d\u00e1 muito orgulho ver despontando ao meu lado meninas que entram dentro de campo com a cara e a coragem para fotografar, falar de futebol, e desafiar ao dizer que isso n\u00e3o \u00e9 coisa de mulher. Colegas de sala que mostram que podem, sim, falar de pol\u00edtica, de economia, comandar equipes, gerir empresas, empreender, produzir.\u00a0 E que querem, e v\u00e3o ser respeitadas e remuneradas justamente por isso. Mulheres que se unem para denunciar ass\u00e9dio, para proteger a outra, para apoiar.<\/p>\n<p>S\u00e3o tempos ca\u00f3ticos o que estamos vivendo. E \u00e0s vezes parece que algo se perdeu no Jornalismo. Mas gra\u00e7as a elas, eu sei que isso n\u00e3o \u00e9 verdade. N\u00e3o \u00e9 crise. \u00c9 transforma\u00e7\u00e3o. O futuro \u00e9 incerto, mas este \u00e9 o momento certo, e eu sei que as mudan\u00e7as que come\u00e7armos agora ser\u00e3o eternas.<\/p>\n<p style=\"text-align:right;\">Texto: Clara Fernandes, pelo <a href=\"https:\/\/www.facebook.com\/Jornal-Delas-1687677688121817\/?fref=ts\" target=\"_blank\">Jornal Delas<\/a><br \/>\nImagem: Divulga\u00e7\u00e3o\/<a href=\"https:\/\/www.facebook.com\/1687677688121817\/photos\/a.1687681058121480.1073741825.1687677688121817\/1760049334217985\/?type=3&amp;theater\" target=\"_blank\">Facebook<\/a><\/p>\n","protected":false},"excerpt":{"rendered":"<p>O Jornal Delas \u00e9 um projeto de alunas do curso de Jornalismo da UFSJ que trata de assuntos ligados ao feminismo. Pedimos a uma de suas colaboradoras que nos desse um texto. A Clara Fernandes nos deu n\u00e3o s\u00f3 um&#8230;<\/p>\n","protected":false},"author":3,"featured_media":5085,"comment_status":"open","ping_status":"open","sticky":false,"template":"","format":"standard","meta":{"_monsterinsights_skip_tracking":false,"_monsterinsights_sitenote_active":false,"_monsterinsights_sitenote_note":"","_monsterinsights_sitenote_category":0},"categories":[6,21,67],"tags":[],"yoast_head":"<!-- This site is optimized with the Yoast SEO plugin v20.6 - https:\/\/yoast.com\/wordpress\/plugins\/seo\/ -->\n<title>Mudar o mundo com palavras - Jornalismo UFSJ<\/title>\n<meta name=\"robots\" content=\"index, follow, max-snippet:-1, max-image-preview:large, max-video-preview:-1\" \/>\n<link rel=\"canonical\" href=\"https:\/\/jornalismo.ufsj.edu.br\/site\/alunos\/mudar-o-mundo-com-palavras\/\" \/>\n<meta property=\"og:locale\" content=\"pt_BR\" \/>\n<meta property=\"og:type\" content=\"article\" \/>\n<meta property=\"og:title\" content=\"Mudar o mundo com palavras - Jornalismo UFSJ\" \/>\n<meta property=\"og:description\" content=\"O Jornal Delas \u00e9 um projeto de alunas do curso de Jornalismo da UFSJ que trata de assuntos ligados ao feminismo. Pedimos a uma de suas colaboradoras que nos desse um texto. A Clara Fernandes nos deu n\u00e3o s\u00f3 um...\" \/>\n<meta property=\"og:url\" content=\"https:\/\/jornalismo.ufsj.edu.br\/site\/alunos\/mudar-o-mundo-com-palavras\/\" \/>\n<meta property=\"og:site_name\" content=\"Jornalismo UFSJ\" \/>\n<meta property=\"article:publisher\" content=\"https:\/\/www.facebook.com\/jornalismoufsj\/\" \/>\n<meta property=\"article:published_time\" content=\"2016-07-16T10:34:50+00:00\" \/>\n<meta name=\"twitter:card\" content=\"summary_large_image\" \/>\n<meta name=\"twitter:creator\" content=\"@jornalismoufsj\" \/>\n<meta name=\"twitter:site\" content=\"@jornalismoufsj\" \/>\n<meta name=\"twitter:label1\" content=\"Escrito por\" \/>\n\t<meta name=\"twitter:data1\" content=\"\" \/>\n\t<meta name=\"twitter:label2\" content=\"Est. tempo de leitura\" \/>\n\t<meta name=\"twitter:data2\" content=\"3 minutos\" \/>\n<script type=\"application\/ld+json\" class=\"yoast-schema-graph\">{\"@context\":\"https:\/\/schema.org\",\"@graph\":[{\"@type\":\"WebPage\",\"@id\":\"https:\/\/jornalismo.ufsj.edu.br\/site\/alunos\/mudar-o-mundo-com-palavras\/\",\"url\":\"https:\/\/jornalismo.ufsj.edu.br\/site\/alunos\/mudar-o-mundo-com-palavras\/\",\"name\":\"Mudar o mundo com palavras - Jornalismo UFSJ\",\"isPartOf\":{\"@id\":\"http:\/\/jornalismo.ufsj.edu.br\/site\/#website\"},\"datePublished\":\"2016-07-16T10:34:50+00:00\",\"dateModified\":\"2016-07-16T10:34:50+00:00\",\"author\":{\"@id\":\"\"},\"breadcrumb\":{\"@id\":\"https:\/\/jornalismo.ufsj.edu.br\/site\/alunos\/mudar-o-mundo-com-palavras\/#breadcrumb\"},\"inLanguage\":\"pt-BR\",\"potentialAction\":[{\"@type\":\"ReadAction\",\"target\":[\"https:\/\/jornalismo.ufsj.edu.br\/site\/alunos\/mudar-o-mundo-com-palavras\/\"]}]},{\"@type\":\"BreadcrumbList\",\"@id\":\"https:\/\/jornalismo.ufsj.edu.br\/site\/alunos\/mudar-o-mundo-com-palavras\/#breadcrumb\",\"itemListElement\":[{\"@type\":\"ListItem\",\"position\":1,\"name\":\"In\u00edcio\",\"item\":\"http:\/\/jornalismo.ufsj.edu.br\/site\/\"},{\"@type\":\"ListItem\",\"position\":2,\"name\":\"Mudar o mundo com palavras\"}]},{\"@type\":\"WebSite\",\"@id\":\"http:\/\/jornalismo.ufsj.edu.br\/site\/#website\",\"url\":\"http:\/\/jornalismo.ufsj.edu.br\/site\/\",\"name\":\"Jornalismo UFSJ\",\"description\":\"\",\"potentialAction\":[{\"@type\":\"SearchAction\",\"target\":{\"@type\":\"EntryPoint\",\"urlTemplate\":\"http:\/\/jornalismo.ufsj.edu.br\/site\/?s={search_term_string}\"},\"query-input\":\"required name=search_term_string\"}],\"inLanguage\":\"pt-BR\"},{\"@type\":\"Person\",\"@id\":\"\"}]}<\/script>\n<!-- \/ Yoast SEO plugin. -->","yoast_head_json":{"title":"Mudar o mundo com palavras - Jornalismo UFSJ","robots":{"index":"index","follow":"follow","max-snippet":"max-snippet:-1","max-image-preview":"max-image-preview:large","max-video-preview":"max-video-preview:-1"},"canonical":"https:\/\/jornalismo.ufsj.edu.br\/site\/alunos\/mudar-o-mundo-com-palavras\/","og_locale":"pt_BR","og_type":"article","og_title":"Mudar o mundo com palavras - Jornalismo UFSJ","og_description":"O Jornal Delas \u00e9 um projeto de alunas do curso de Jornalismo da UFSJ que trata de assuntos ligados ao feminismo. Pedimos a uma de suas colaboradoras que nos desse um texto. A Clara Fernandes nos deu n\u00e3o s\u00f3 um...","og_url":"https:\/\/jornalismo.ufsj.edu.br\/site\/alunos\/mudar-o-mundo-com-palavras\/","og_site_name":"Jornalismo UFSJ","article_publisher":"https:\/\/www.facebook.com\/jornalismoufsj\/","article_published_time":"2016-07-16T10:34:50+00:00","twitter_card":"summary_large_image","twitter_creator":"@jornalismoufsj","twitter_site":"@jornalismoufsj","twitter_misc":{"Escrito por":"","Est. tempo de leitura":"3 minutos"},"schema":{"@context":"https:\/\/schema.org","@graph":[{"@type":"WebPage","@id":"https:\/\/jornalismo.ufsj.edu.br\/site\/alunos\/mudar-o-mundo-com-palavras\/","url":"https:\/\/jornalismo.ufsj.edu.br\/site\/alunos\/mudar-o-mundo-com-palavras\/","name":"Mudar o mundo com palavras - Jornalismo UFSJ","isPartOf":{"@id":"http:\/\/jornalismo.ufsj.edu.br\/site\/#website"},"datePublished":"2016-07-16T10:34:50+00:00","dateModified":"2016-07-16T10:34:50+00:00","author":{"@id":""},"breadcrumb":{"@id":"https:\/\/jornalismo.ufsj.edu.br\/site\/alunos\/mudar-o-mundo-com-palavras\/#breadcrumb"},"inLanguage":"pt-BR","potentialAction":[{"@type":"ReadAction","target":["https:\/\/jornalismo.ufsj.edu.br\/site\/alunos\/mudar-o-mundo-com-palavras\/"]}]},{"@type":"BreadcrumbList","@id":"https:\/\/jornalismo.ufsj.edu.br\/site\/alunos\/mudar-o-mundo-com-palavras\/#breadcrumb","itemListElement":[{"@type":"ListItem","position":1,"name":"In\u00edcio","item":"http:\/\/jornalismo.ufsj.edu.br\/site\/"},{"@type":"ListItem","position":2,"name":"Mudar o mundo com palavras"}]},{"@type":"WebSite","@id":"http:\/\/jornalismo.ufsj.edu.br\/site\/#website","url":"http:\/\/jornalismo.ufsj.edu.br\/site\/","name":"Jornalismo UFSJ","description":"","potentialAction":[{"@type":"SearchAction","target":{"@type":"EntryPoint","urlTemplate":"http:\/\/jornalismo.ufsj.edu.br\/site\/?s={search_term_string}"},"query-input":"required name=search_term_string"}],"inLanguage":"pt-BR"},{"@type":"Person","@id":""}]}},"jetpack_featured_media_url":"","_links":{"self":[{"href":"http:\/\/jornalismo.ufsj.edu.br\/site\/wp-json\/wp\/v2\/posts\/5083"}],"collection":[{"href":"http:\/\/jornalismo.ufsj.edu.br\/site\/wp-json\/wp\/v2\/posts"}],"about":[{"href":"http:\/\/jornalismo.ufsj.edu.br\/site\/wp-json\/wp\/v2\/types\/post"}],"author":[{"embeddable":true,"href":"http:\/\/jornalismo.ufsj.edu.br\/site\/wp-json\/wp\/v2\/users\/3"}],"replies":[{"embeddable":true,"href":"http:\/\/jornalismo.ufsj.edu.br\/site\/wp-json\/wp\/v2\/comments?post=5083"}],"version-history":[{"count":0,"href":"http:\/\/jornalismo.ufsj.edu.br\/site\/wp-json\/wp\/v2\/posts\/5083\/revisions"}],"wp:featuredmedia":[{"embeddable":true,"href":"http:\/\/jornalismo.ufsj.edu.br\/site\/wp-json\/"}],"wp:attachment":[{"href":"http:\/\/jornalismo.ufsj.edu.br\/site\/wp-json\/wp\/v2\/media?parent=5083"}],"wp:term":[{"taxonomy":"category","embeddable":true,"href":"http:\/\/jornalismo.ufsj.edu.br\/site\/wp-json\/wp\/v2\/categories?post=5083"},{"taxonomy":"post_tag","embeddable":true,"href":"http:\/\/jornalismo.ufsj.edu.br\/site\/wp-json\/wp\/v2\/tags?post=5083"}],"curies":[{"name":"wp","href":"https:\/\/api.w.org\/{rel}","templated":true}]}}