{"id":4905,"date":"2016-07-01T20:09:59","date_gmt":"2016-07-01T20:09:59","guid":{"rendered":"http:\/\/jornalismo.ufsj.edu.br\/?p=4905"},"modified":"2016-07-01T20:09:59","modified_gmt":"2016-07-01T20:09:59","slug":"olhares-maria-julia","status":"publish","type":"post","link":"http:\/\/jornalismo.ufsj.edu.br\/site\/olhares\/olhares-maria-julia\/","title":{"rendered":"Olhares &#8211; Maria J\u00falia"},"content":{"rendered":"<div id=\"attachment_4923\" style=\"width: 252px\" class=\"wp-caption alignleft\"><img aria-describedby=\"caption-attachment-4923\" loading=\"lazy\" class=\"  wp-image-4923 alignleft\" src=\"http:\/\/jornalismo.ufsj.edu.br\/wp-content\/uploads\/2016\/07\/2.jpg\" alt=\"2\" width=\"242\" height=\"242\" \/><p id=\"caption-attachment-4923\" class=\"wp-caption-text\">Maria J\u00falia<\/p><\/div>\n<p>Moro em S\u00e3o Jo\u00e3o del-Rei desde que nasci e sempre fui apaixonada pelo ambiente da cidade. De todos os pontos, o centro hist\u00f3rico \u00e9 o meu favorito. As ruas de pedras, as igrejas, as casinhas coloniais, os moradores, tanto gente quanto bicho, tudo naquele\u00a0 lugar me encanta. Por isso n\u00e3o poderia fazer outra sele\u00e7\u00e3o de fotos.<\/p>\n<p>A maioria dessas fotos foi tirada na oficina \u201cDesenho \u00cdntimo\u201d do Inverno Cultural de 2015. E eu agrade\u00e7o muito ao Professor Apr\u00edgio por essa experi\u00eancia. Nela aprendi a ser mais sens\u00edvel aos detalhes e, consequentemente, meu sentimento pela cidade cresceu mais ainda.<\/p>\n<p>Talvez tenha sido esse encanto por S\u00e3o Jo\u00e3o que me fez querer entrar para o universo da fotografia. Que, para mim, n\u00e3o se trata apenas de ter luz e foco, precisa ter amor. Num momento onde at\u00e9 celulares fotografam e em dois segundos \u00e9 poss\u00edvel apagar uma foto, \u00e9 preciso ver al\u00e9m, enxergar a arte por tr\u00e1s da m\u00e1quina, para ent\u00e3o eternizar aquele momento.<\/p>\n<p>&nbsp;<\/p>\n\n<p>&nbsp;<\/p>\n","protected":false},"excerpt":{"rendered":"<p>Moro em S\u00e3o Jo\u00e3o del-Rei desde que nasci e sempre fui apaixonada pelo ambiente da cidade. De todos os pontos, o centro hist\u00f3rico \u00e9 o meu favorito. As ruas de pedras, as igrejas, as casinhas coloniais, os moradores, tanto gente&#8230;<\/p>\n","protected":false},"author":3,"featured_media":4930,"comment_status":"open","ping_status":"open","sticky":false,"template":"","format":"standard","meta":{"_monsterinsights_skip_tracking":false,"_monsterinsights_sitenote_active":false,"_monsterinsights_sitenote_note":"","_monsterinsights_sitenote_category":0},"categories":[57],"tags":[80,81],"yoast_head":"<!-- This site is optimized with the Yoast SEO plugin v20.6 - https:\/\/yoast.com\/wordpress\/plugins\/seo\/ -->\n<title>Olhares - Maria J\u00falia - Jornalismo UFSJ<\/title>\n<meta name=\"robots\" content=\"index, follow, max-snippet:-1, max-image-preview:large, max-video-preview:-1\" \/>\n<link rel=\"canonical\" href=\"http:\/\/jornalismo.ufsj.edu.br\/site\/olhares\/olhares-maria-julia\/\" \/>\n<meta property=\"og:locale\" content=\"pt_BR\" \/>\n<meta property=\"og:type\" content=\"article\" \/>\n<meta property=\"og:title\" content=\"Olhares - Maria J\u00falia - Jornalismo UFSJ\" \/>\n<meta property=\"og:description\" content=\"Moro em S\u00e3o Jo\u00e3o del-Rei desde que nasci e sempre fui apaixonada pelo ambiente da cidade. De todos os pontos, o centro hist\u00f3rico \u00e9 o meu favorito. As ruas de pedras, as igrejas, as casinhas coloniais, os moradores, tanto gente...\" \/>\n<meta property=\"og:url\" content=\"http:\/\/jornalismo.ufsj.edu.br\/site\/olhares\/olhares-maria-julia\/\" \/>\n<meta property=\"og:site_name\" content=\"Jornalismo UFSJ\" \/>\n<meta property=\"article:publisher\" content=\"https:\/\/www.facebook.com\/jornalismoufsj\/\" \/>\n<meta property=\"article:published_time\" content=\"2016-07-01T20:09:59+00:00\" \/>\n<meta name=\"twitter:card\" content=\"summary_large_image\" \/>\n<meta name=\"twitter:creator\" content=\"@jornalismoufsj\" \/>\n<meta name=\"twitter:site\" content=\"@jornalismoufsj\" \/>\n<meta name=\"twitter:label1\" content=\"Escrito por\" \/>\n\t<meta name=\"twitter:data1\" content=\"\" \/>\n\t<meta name=\"twitter:label2\" content=\"Est. tempo de leitura\" \/>\n\t<meta name=\"twitter:data2\" content=\"1 minuto\" \/>\n<script type=\"application\/ld+json\" class=\"yoast-schema-graph\">{\"@context\":\"https:\/\/schema.org\",\"@graph\":[{\"@type\":\"WebPage\",\"@id\":\"http:\/\/jornalismo.ufsj.edu.br\/site\/olhares\/olhares-maria-julia\/\",\"url\":\"http:\/\/jornalismo.ufsj.edu.br\/site\/olhares\/olhares-maria-julia\/\",\"name\":\"Olhares - Maria J\u00falia - Jornalismo UFSJ\",\"isPartOf\":{\"@id\":\"http:\/\/jornalismo.ufsj.edu.br\/site\/#website\"},\"datePublished\":\"2016-07-01T20:09:59+00:00\",\"dateModified\":\"2016-07-01T20:09:59+00:00\",\"author\":{\"@id\":\"\"},\"breadcrumb\":{\"@id\":\"http:\/\/jornalismo.ufsj.edu.br\/site\/olhares\/olhares-maria-julia\/#breadcrumb\"},\"inLanguage\":\"pt-BR\",\"potentialAction\":[{\"@type\":\"ReadAction\",\"target\":[\"http:\/\/jornalismo.ufsj.edu.br\/site\/olhares\/olhares-maria-julia\/\"]}]},{\"@type\":\"BreadcrumbList\",\"@id\":\"http:\/\/jornalismo.ufsj.edu.br\/site\/olhares\/olhares-maria-julia\/#breadcrumb\",\"itemListElement\":[{\"@type\":\"ListItem\",\"position\":1,\"name\":\"In\u00edcio\",\"item\":\"http:\/\/jornalismo.ufsj.edu.br\/site\/\"},{\"@type\":\"ListItem\",\"position\":2,\"name\":\"Olhares &#8211; Maria J\u00falia\"}]},{\"@type\":\"WebSite\",\"@id\":\"http:\/\/jornalismo.ufsj.edu.br\/site\/#website\",\"url\":\"http:\/\/jornalismo.ufsj.edu.br\/site\/\",\"name\":\"Jornalismo UFSJ\",\"description\":\"\",\"potentialAction\":[{\"@type\":\"SearchAction\",\"target\":{\"@type\":\"EntryPoint\",\"urlTemplate\":\"http:\/\/jornalismo.ufsj.edu.br\/site\/?s={search_term_string}\"},\"query-input\":\"required name=search_term_string\"}],\"inLanguage\":\"pt-BR\"},{\"@type\":\"Person\",\"@id\":\"\"}]}<\/script>\n<!-- \/ Yoast SEO plugin. -->","yoast_head_json":{"title":"Olhares - Maria J\u00falia - Jornalismo UFSJ","robots":{"index":"index","follow":"follow","max-snippet":"max-snippet:-1","max-image-preview":"max-image-preview:large","max-video-preview":"max-video-preview:-1"},"canonical":"http:\/\/jornalismo.ufsj.edu.br\/site\/olhares\/olhares-maria-julia\/","og_locale":"pt_BR","og_type":"article","og_title":"Olhares - Maria J\u00falia - Jornalismo UFSJ","og_description":"Moro em S\u00e3o Jo\u00e3o del-Rei desde que nasci e sempre fui apaixonada pelo ambiente da cidade. De todos os pontos, o centro hist\u00f3rico \u00e9 o meu favorito. As ruas de pedras, as igrejas, as casinhas coloniais, os moradores, tanto gente...","og_url":"http:\/\/jornalismo.ufsj.edu.br\/site\/olhares\/olhares-maria-julia\/","og_site_name":"Jornalismo UFSJ","article_publisher":"https:\/\/www.facebook.com\/jornalismoufsj\/","article_published_time":"2016-07-01T20:09:59+00:00","twitter_card":"summary_large_image","twitter_creator":"@jornalismoufsj","twitter_site":"@jornalismoufsj","twitter_misc":{"Escrito por":"","Est. tempo de leitura":"1 minuto"},"schema":{"@context":"https:\/\/schema.org","@graph":[{"@type":"WebPage","@id":"http:\/\/jornalismo.ufsj.edu.br\/site\/olhares\/olhares-maria-julia\/","url":"http:\/\/jornalismo.ufsj.edu.br\/site\/olhares\/olhares-maria-julia\/","name":"Olhares - Maria J\u00falia - Jornalismo UFSJ","isPartOf":{"@id":"http:\/\/jornalismo.ufsj.edu.br\/site\/#website"},"datePublished":"2016-07-01T20:09:59+00:00","dateModified":"2016-07-01T20:09:59+00:00","author":{"@id":""},"breadcrumb":{"@id":"http:\/\/jornalismo.ufsj.edu.br\/site\/olhares\/olhares-maria-julia\/#breadcrumb"},"inLanguage":"pt-BR","potentialAction":[{"@type":"ReadAction","target":["http:\/\/jornalismo.ufsj.edu.br\/site\/olhares\/olhares-maria-julia\/"]}]},{"@type":"BreadcrumbList","@id":"http:\/\/jornalismo.ufsj.edu.br\/site\/olhares\/olhares-maria-julia\/#breadcrumb","itemListElement":[{"@type":"ListItem","position":1,"name":"In\u00edcio","item":"http:\/\/jornalismo.ufsj.edu.br\/site\/"},{"@type":"ListItem","position":2,"name":"Olhares &#8211; Maria J\u00falia"}]},{"@type":"WebSite","@id":"http:\/\/jornalismo.ufsj.edu.br\/site\/#website","url":"http:\/\/jornalismo.ufsj.edu.br\/site\/","name":"Jornalismo UFSJ","description":"","potentialAction":[{"@type":"SearchAction","target":{"@type":"EntryPoint","urlTemplate":"http:\/\/jornalismo.ufsj.edu.br\/site\/?s={search_term_string}"},"query-input":"required name=search_term_string"}],"inLanguage":"pt-BR"},{"@type":"Person","@id":""}]}},"jetpack_featured_media_url":"","_links":{"self":[{"href":"http:\/\/jornalismo.ufsj.edu.br\/site\/wp-json\/wp\/v2\/posts\/4905"}],"collection":[{"href":"http:\/\/jornalismo.ufsj.edu.br\/site\/wp-json\/wp\/v2\/posts"}],"about":[{"href":"http:\/\/jornalismo.ufsj.edu.br\/site\/wp-json\/wp\/v2\/types\/post"}],"author":[{"embeddable":true,"href":"http:\/\/jornalismo.ufsj.edu.br\/site\/wp-json\/wp\/v2\/users\/3"}],"replies":[{"embeddable":true,"href":"http:\/\/jornalismo.ufsj.edu.br\/site\/wp-json\/wp\/v2\/comments?post=4905"}],"version-history":[{"count":0,"href":"http:\/\/jornalismo.ufsj.edu.br\/site\/wp-json\/wp\/v2\/posts\/4905\/revisions"}],"wp:featuredmedia":[{"embeddable":true,"href":"http:\/\/jornalismo.ufsj.edu.br\/site\/wp-json\/"}],"wp:attachment":[{"href":"http:\/\/jornalismo.ufsj.edu.br\/site\/wp-json\/wp\/v2\/media?parent=4905"}],"wp:term":[{"taxonomy":"category","embeddable":true,"href":"http:\/\/jornalismo.ufsj.edu.br\/site\/wp-json\/wp\/v2\/categories?post=4905"},{"taxonomy":"post_tag","embeddable":true,"href":"http:\/\/jornalismo.ufsj.edu.br\/site\/wp-json\/wp\/v2\/tags?post=4905"}],"curies":[{"name":"wp","href":"https:\/\/api.w.org\/{rel}","templated":true}]}}