{"id":4817,"date":"2016-06-30T21:37:14","date_gmt":"2016-06-30T21:37:14","guid":{"rendered":"http:\/\/jornalismo.ufsj.edu.br\/?p=4817"},"modified":"2016-06-30T21:37:14","modified_gmt":"2016-06-30T21:37:14","slug":"alunos-produzem-programas-de-radio","status":"publish","type":"post","link":"http:\/\/jornalismo.ufsj.edu.br\/site\/radio\/alunos-produzem-programas-de-radio\/","title":{"rendered":"Confira como foi o primeiro contato de alunos com o radiojornalismo"},"content":{"rendered":"<p>Esse semestre os alunos do terceiro per\u00edodo cursaram a disciplina de Teorias do Radiojornalismo, ministrada pela professora Vanessa Maia. Para muitos esse foi o primeiro contato com o r\u00e1dio e despertou aquela &#8216;paix\u00e3o \u00e0 primeira vista&#8217;.<\/p>\n<p>Em uma das atividades a turma se dividiu em grupos e produziu programas no formato de radiojornalismo, dando asas \u00e0s imagina\u00e7\u00f5es e encantando os ouvidos de todos com um pouco da pr\u00e1tica que ser\u00e1 feita no pr\u00f3ximo semestre.<\/p>\n<p>Confira:<\/p>\n<p>[soundcloud url=&#8221;https:\/\/api.soundcloud.com\/playlists\/237636538&#8243; params=&#8221;auto_play=false&amp;hide_related=false&amp;show_comments=true&amp;show_user=true&amp;show_reposts=false&amp;visual=true&#8221; width=&#8221;100%&#8221; height=&#8221;450&#8243; iframe=&#8221;true&#8221; \/]<\/p>\n<p style=\"text-align:right;\">Texto: T\u00falio Moura<br \/>\nImagem: Pixabay<\/p>\n","protected":false},"excerpt":{"rendered":"<p>Esse semestre os alunos do terceiro per\u00edodo cursaram a disciplina de Teorias do Radiojornalismo, ministrada pela professora Vanessa Maia. Para muitos esse foi o primeiro contato com o r\u00e1dio e despertou aquela &#8216;paix\u00e3o \u00e0 primeira vista&#8217;. Em uma das atividades&#8230;<\/p>\n","protected":false},"author":3,"featured_media":4843,"comment_status":"open","ping_status":"open","sticky":false,"template":"","format":"standard","meta":{"_monsterinsights_skip_tracking":false,"_monsterinsights_sitenote_active":false,"_monsterinsights_sitenote_note":"","_monsterinsights_sitenote_category":0},"categories":[68],"tags":[],"yoast_head":"<!-- This site is optimized with the Yoast SEO plugin v20.6 - https:\/\/yoast.com\/wordpress\/plugins\/seo\/ -->\n<title>Confira como foi o primeiro contato de alunos com o radiojornalismo - Jornalismo UFSJ<\/title>\n<meta name=\"robots\" content=\"index, follow, max-snippet:-1, max-image-preview:large, max-video-preview:-1\" \/>\n<link rel=\"canonical\" href=\"http:\/\/jornalismo.ufsj.edu.br\/site\/radio\/alunos-produzem-programas-de-radio\/\" \/>\n<meta property=\"og:locale\" content=\"pt_BR\" \/>\n<meta property=\"og:type\" content=\"article\" \/>\n<meta property=\"og:title\" content=\"Confira como foi o primeiro contato de alunos com o radiojornalismo - Jornalismo UFSJ\" \/>\n<meta property=\"og:description\" content=\"Esse semestre os alunos do terceiro per\u00edodo cursaram a disciplina de Teorias do Radiojornalismo, ministrada pela professora Vanessa Maia. Para muitos esse foi o primeiro contato com o r\u00e1dio e despertou aquela &#8216;paix\u00e3o \u00e0 primeira vista&#8217;. Em uma das atividades...\" \/>\n<meta property=\"og:url\" content=\"http:\/\/jornalismo.ufsj.edu.br\/site\/radio\/alunos-produzem-programas-de-radio\/\" \/>\n<meta property=\"og:site_name\" content=\"Jornalismo UFSJ\" \/>\n<meta property=\"article:publisher\" content=\"https:\/\/www.facebook.com\/jornalismoufsj\/\" \/>\n<meta property=\"article:published_time\" content=\"2016-06-30T21:37:14+00:00\" \/>\n<meta name=\"twitter:card\" content=\"summary_large_image\" \/>\n<meta name=\"twitter:creator\" content=\"@jornalismoufsj\" \/>\n<meta name=\"twitter:site\" content=\"@jornalismoufsj\" \/>\n<meta name=\"twitter:label1\" content=\"Escrito por\" \/>\n\t<meta name=\"twitter:data1\" content=\"\" \/>\n\t<meta name=\"twitter:label2\" content=\"Est. tempo de leitura\" \/>\n\t<meta name=\"twitter:data2\" content=\"1 minuto\" \/>\n<script type=\"application\/ld+json\" class=\"yoast-schema-graph\">{\"@context\":\"https:\/\/schema.org\",\"@graph\":[{\"@type\":\"WebPage\",\"@id\":\"http:\/\/jornalismo.ufsj.edu.br\/site\/radio\/alunos-produzem-programas-de-radio\/\",\"url\":\"http:\/\/jornalismo.ufsj.edu.br\/site\/radio\/alunos-produzem-programas-de-radio\/\",\"name\":\"Confira como foi o primeiro contato de alunos com o radiojornalismo - Jornalismo UFSJ\",\"isPartOf\":{\"@id\":\"http:\/\/jornalismo.ufsj.edu.br\/site\/#website\"},\"datePublished\":\"2016-06-30T21:37:14+00:00\",\"dateModified\":\"2016-06-30T21:37:14+00:00\",\"author\":{\"@id\":\"\"},\"breadcrumb\":{\"@id\":\"http:\/\/jornalismo.ufsj.edu.br\/site\/radio\/alunos-produzem-programas-de-radio\/#breadcrumb\"},\"inLanguage\":\"pt-BR\",\"potentialAction\":[{\"@type\":\"ReadAction\",\"target\":[\"http:\/\/jornalismo.ufsj.edu.br\/site\/radio\/alunos-produzem-programas-de-radio\/\"]}]},{\"@type\":\"BreadcrumbList\",\"@id\":\"http:\/\/jornalismo.ufsj.edu.br\/site\/radio\/alunos-produzem-programas-de-radio\/#breadcrumb\",\"itemListElement\":[{\"@type\":\"ListItem\",\"position\":1,\"name\":\"In\u00edcio\",\"item\":\"http:\/\/jornalismo.ufsj.edu.br\/site\/\"},{\"@type\":\"ListItem\",\"position\":2,\"name\":\"Confira como foi o primeiro contato de alunos com o radiojornalismo\"}]},{\"@type\":\"WebSite\",\"@id\":\"http:\/\/jornalismo.ufsj.edu.br\/site\/#website\",\"url\":\"http:\/\/jornalismo.ufsj.edu.br\/site\/\",\"name\":\"Jornalismo UFSJ\",\"description\":\"\",\"potentialAction\":[{\"@type\":\"SearchAction\",\"target\":{\"@type\":\"EntryPoint\",\"urlTemplate\":\"http:\/\/jornalismo.ufsj.edu.br\/site\/?s={search_term_string}\"},\"query-input\":\"required name=search_term_string\"}],\"inLanguage\":\"pt-BR\"},{\"@type\":\"Person\",\"@id\":\"\"}]}<\/script>\n<!-- \/ Yoast SEO plugin. -->","yoast_head_json":{"title":"Confira como foi o primeiro contato de alunos com o radiojornalismo - Jornalismo UFSJ","robots":{"index":"index","follow":"follow","max-snippet":"max-snippet:-1","max-image-preview":"max-image-preview:large","max-video-preview":"max-video-preview:-1"},"canonical":"http:\/\/jornalismo.ufsj.edu.br\/site\/radio\/alunos-produzem-programas-de-radio\/","og_locale":"pt_BR","og_type":"article","og_title":"Confira como foi o primeiro contato de alunos com o radiojornalismo - Jornalismo UFSJ","og_description":"Esse semestre os alunos do terceiro per\u00edodo cursaram a disciplina de Teorias do Radiojornalismo, ministrada pela professora Vanessa Maia. Para muitos esse foi o primeiro contato com o r\u00e1dio e despertou aquela &#8216;paix\u00e3o \u00e0 primeira vista&#8217;. Em uma das atividades...","og_url":"http:\/\/jornalismo.ufsj.edu.br\/site\/radio\/alunos-produzem-programas-de-radio\/","og_site_name":"Jornalismo UFSJ","article_publisher":"https:\/\/www.facebook.com\/jornalismoufsj\/","article_published_time":"2016-06-30T21:37:14+00:00","twitter_card":"summary_large_image","twitter_creator":"@jornalismoufsj","twitter_site":"@jornalismoufsj","twitter_misc":{"Escrito por":"","Est. tempo de leitura":"1 minuto"},"schema":{"@context":"https:\/\/schema.org","@graph":[{"@type":"WebPage","@id":"http:\/\/jornalismo.ufsj.edu.br\/site\/radio\/alunos-produzem-programas-de-radio\/","url":"http:\/\/jornalismo.ufsj.edu.br\/site\/radio\/alunos-produzem-programas-de-radio\/","name":"Confira como foi o primeiro contato de alunos com o radiojornalismo - Jornalismo UFSJ","isPartOf":{"@id":"http:\/\/jornalismo.ufsj.edu.br\/site\/#website"},"datePublished":"2016-06-30T21:37:14+00:00","dateModified":"2016-06-30T21:37:14+00:00","author":{"@id":""},"breadcrumb":{"@id":"http:\/\/jornalismo.ufsj.edu.br\/site\/radio\/alunos-produzem-programas-de-radio\/#breadcrumb"},"inLanguage":"pt-BR","potentialAction":[{"@type":"ReadAction","target":["http:\/\/jornalismo.ufsj.edu.br\/site\/radio\/alunos-produzem-programas-de-radio\/"]}]},{"@type":"BreadcrumbList","@id":"http:\/\/jornalismo.ufsj.edu.br\/site\/radio\/alunos-produzem-programas-de-radio\/#breadcrumb","itemListElement":[{"@type":"ListItem","position":1,"name":"In\u00edcio","item":"http:\/\/jornalismo.ufsj.edu.br\/site\/"},{"@type":"ListItem","position":2,"name":"Confira como foi o primeiro contato de alunos com o radiojornalismo"}]},{"@type":"WebSite","@id":"http:\/\/jornalismo.ufsj.edu.br\/site\/#website","url":"http:\/\/jornalismo.ufsj.edu.br\/site\/","name":"Jornalismo UFSJ","description":"","potentialAction":[{"@type":"SearchAction","target":{"@type":"EntryPoint","urlTemplate":"http:\/\/jornalismo.ufsj.edu.br\/site\/?s={search_term_string}"},"query-input":"required name=search_term_string"}],"inLanguage":"pt-BR"},{"@type":"Person","@id":""}]}},"jetpack_featured_media_url":"","_links":{"self":[{"href":"http:\/\/jornalismo.ufsj.edu.br\/site\/wp-json\/wp\/v2\/posts\/4817"}],"collection":[{"href":"http:\/\/jornalismo.ufsj.edu.br\/site\/wp-json\/wp\/v2\/posts"}],"about":[{"href":"http:\/\/jornalismo.ufsj.edu.br\/site\/wp-json\/wp\/v2\/types\/post"}],"author":[{"embeddable":true,"href":"http:\/\/jornalismo.ufsj.edu.br\/site\/wp-json\/wp\/v2\/users\/3"}],"replies":[{"embeddable":true,"href":"http:\/\/jornalismo.ufsj.edu.br\/site\/wp-json\/wp\/v2\/comments?post=4817"}],"version-history":[{"count":0,"href":"http:\/\/jornalismo.ufsj.edu.br\/site\/wp-json\/wp\/v2\/posts\/4817\/revisions"}],"wp:featuredmedia":[{"embeddable":true,"href":"http:\/\/jornalismo.ufsj.edu.br\/site\/wp-json\/"}],"wp:attachment":[{"href":"http:\/\/jornalismo.ufsj.edu.br\/site\/wp-json\/wp\/v2\/media?parent=4817"}],"wp:term":[{"taxonomy":"category","embeddable":true,"href":"http:\/\/jornalismo.ufsj.edu.br\/site\/wp-json\/wp\/v2\/categories?post=4817"},{"taxonomy":"post_tag","embeddable":true,"href":"http:\/\/jornalismo.ufsj.edu.br\/site\/wp-json\/wp\/v2\/tags?post=4817"}],"curies":[{"name":"wp","href":"https:\/\/api.w.org\/{rel}","templated":true}]}}