{"id":4732,"date":"2016-07-19T14:59:58","date_gmt":"2016-07-19T14:59:58","guid":{"rendered":"http:\/\/jornalismo.ufsj.edu.br\/?p=4732"},"modified":"2016-07-19T14:59:58","modified_gmt":"2016-07-19T14:59:58","slug":"por-onde-anda-daniel-gouveia","status":"publish","type":"post","link":"http:\/\/jornalismo.ufsj.edu.br\/site\/ex-alunos\/por-onde-anda-daniel-gouveia\/","title":{"rendered":"Por onde anda Daniel Gouv\u00eaa?"},"content":{"rendered":"<p><img loading=\"lazy\" class=\" size-full wp-image-4735 alignleft\" src=\"http:\/\/jornalismo.ufsj.edu.br\/wp-content\/uploads\/2016\/06\/daniel-gouveia.jpg\" alt=\"daniel gouveia\" width=\"206\" height=\"206\" \/>Daniel Gouv\u00eaa \u00e9 um ex-aluno popular. Camarada de colegas de v\u00e1rias\u00a0turmas, de riso f\u00e1cil e de trabalho s\u00e9rio. No entanto quando veio para o curso de Jornalismo da UFSJ, foi\u00a0mesmo de gaiato. Ele n\u00e3o sabia o que aguardar do curso\u00a0\u201cPor eu n\u00e3o ter muita no\u00e7\u00e3o do que eu esperava, e por ser um curso relativamente novo, eu n\u00e3o fazia a menor ideia\u201d. Com o passar do tempo, a paix\u00e3o pegou: \u201cEu n\u00e3o sou daquelas pessoas que planejou ser jornalista. Mas foi um curso que eu achei que poderia ser legal e fui encantando com ele\u201d. Mesmo demorando at\u00e9 o 5\u00ba. per\u00edodo, chegou o dia do \u201ceu quero fazer isso o resto da minha vida\u201d.<\/p>\n<p>Hoje Daniel trabalha na Assessoria de Comunica\u00e7\u00e3o da Prefeitura Municipal de S\u00e3o Jo\u00e3o del-Rei. Durante\u00a0a faculdade, trabalhou com projetos audiovisuais. \u201cA Assessoria n\u00e3o foi a minha primeira op\u00e7\u00e3o, n\u00e3o foi a mat\u00e9ria que eu fui t\u00e3o bem&#8221;, brinca, mas ele decidiu encarar \u201cA assessoria em prefeitura, principalmente no interior, \u00e9 um desafio porque voc\u00ea mexe com uma pol\u00edtica enraizada&#8221;. O comunicador tem que saber o que pode ser feito em comunica\u00e7\u00e3o institucional p\u00fablica, e atualizar-se sobre a pr\u00f3pria \u00e1rea. Ele n\u00e3o se preocupa apenas com uma estrat\u00e9gia de comunica\u00e7\u00e3o, mas acompanha atualiza\u00e7\u00f5es de legisla\u00e7\u00e3o, licita\u00e7\u00e3o e outras para n\u00e3o cometer erros. \u201c\u00c9 a parte que eu acho mais estressante\u201d, diz Daniel, que nunca parece estressado!<\/p>\n<p>No \u00e2mbito de atualiza\u00e7\u00f5es, lembramos o caso da prefeitura de Curitiba, que para Daniel foi um marco. \u201cEla demonstrou que \u00e9 poss\u00edvel fazer uma assessoria s\u00e9ria, mas sem se prender nesse institucional muito forte que n\u00e3o convence e n\u00e3o agrada, pelo menos n\u00e3o no meio digital\u201d. Ele considera que o principal ve\u00edculo de comunica\u00e7\u00e3o da prefeitura de S\u00e3o Jo\u00e3o hoje \u00e9 o <a href=\"https:\/\/www.facebook.com\/prefeituradesaojoaodelrei\/?fref=ts\" target=\"_blank\">Facebook<\/a>, ent\u00e3o \u00e9 necess\u00e1rio se adaptar \u00e0 sua linguagem e \u00e0 de quem utiliza\u00a0este\u00a0ve\u00edculo. Se voc\u00ea transmite o fato de forma mais leve, explica Daniel, ela \u00e9 mais bem absorvida, aumenta o engajamento \u201cAs pessoas comentam sobre aquilo na rua\u201d.<\/p>\n<p>Para Daniel, \u00e0s vezes \u00e9 frustrante lutar contra a burocracia e contra o receio com tudo que seja inova\u00e7\u00e3o: \u201cTem dia que voc\u00ea sente que est\u00e1 vivendo um 7 a 1&#8230;Mas \u00e9 gratificante tamb\u00e9m. No meu caso, eu n\u00e3o estou apenas defendendo um partido, estou defendendo um modelo de governo no qual eu acredito&#8221;. Para ele vale muito ver quando as coisas est\u00e3o funcionando. O\u00a0reconhecimento tamb\u00e9m \u00e9 importante, algumas vezes percebe nas ruas as pessoas comentando sobre a\u00e7\u00f5es realizadas pela Comunica\u00e7\u00e3o. \u201cA gente recebe elogios sim, mas por conta da pol\u00edtica em S\u00e3o Jo\u00e3o ser muito bipolarizada, a gente recebe muitas cr\u00edticas tamb\u00e9m \u2013 uma parte que mexe com o f\u00edgado\u201d, desabafa. \u201cA cobran\u00e7a da comunidade \u00e9 muito alta\u201d.<img loading=\"lazy\" class=\"  wp-image-5099 alignright\" src=\"http:\/\/jornalismo.ufsj.edu.br\/wp-content\/uploads\/2016\/07\/daniel.jpg\" alt=\"daniel\" width=\"315\" height=\"309\" \/><\/p>\n<p>Mas Daniel \u00e9 um otimista \u201c\u00c9 divertido, voc\u00ea enfrenta falta de recurso, essa comunica\u00e7\u00e3o mais antiga e tem que aprender muita coisa\u201d. Ele cr\u00ea que a liberdade de produ\u00e7\u00e3o jornal\u00edstica dentro de uma assessoria \u00e9 imensa: \u201cVoc\u00ea n\u00e3o tem nada que te cerque \u2013 claro, estou defendendo um mandato e um plano de governo \u2013 mas n\u00e3o existe limita\u00e7\u00e3o de texto. Se quiser escrever uma cr\u00f4nica, se quiser escrever um texto jur\u00eddico&#8230; O que \u00e9 bem legal, voc\u00ea sempre tem liberdade pra criar\u201d. Opa. Repensa: \u201cAt\u00e9 certo ponto!\u201d. E rimos.\u00a0Bem, a gente torce para que, independentemente do partido que ven\u00e7a nas pr\u00f3ximas elei\u00e7\u00f5es municipais, a Comunica\u00e7\u00e3o saia ganhando.<\/p>\n<p style=\"text-align:right;\">Texto: Dani da Gama<br \/>\nRevis\u00e3o: Julia Benatti<br \/>\nIlustra\u00e7\u00e3o: Cristiano Giovanni<br \/>\nImagem: Arquivo Pessoal<\/p>\n<p style=\"text-align:right;\">\n","protected":false},"excerpt":{"rendered":"<p>Daniel Gouv\u00eaa \u00e9 um ex-aluno popular. Camarada de colegas de v\u00e1rias\u00a0turmas, de riso f\u00e1cil e de trabalho s\u00e9rio. No entanto quando veio para o curso de Jornalismo da UFSJ, foi\u00a0mesmo de gaiato. Ele n\u00e3o sabia o que aguardar do curso\u00a0\u201cPor&#8230;<\/p>\n","protected":false},"author":3,"featured_media":5102,"comment_status":"open","ping_status":"open","sticky":false,"template":"","format":"standard","meta":{"_monsterinsights_skip_tracking":false,"_monsterinsights_sitenote_active":false,"_monsterinsights_sitenote_note":"","_monsterinsights_sitenote_category":0},"categories":[28,63],"tags":[],"yoast_head":"<!-- This site is optimized with the Yoast SEO plugin v20.6 - https:\/\/yoast.com\/wordpress\/plugins\/seo\/ -->\n<title>Por onde anda Daniel Gouv\u00eaa? - Jornalismo UFSJ<\/title>\n<meta name=\"robots\" content=\"index, follow, max-snippet:-1, max-image-preview:large, max-video-preview:-1\" \/>\n<link rel=\"canonical\" href=\"https:\/\/jornalismo.ufsj.edu.br\/site\/ex-alunos\/por-onde-anda-daniel-gouveia\/\" \/>\n<meta property=\"og:locale\" content=\"pt_BR\" \/>\n<meta property=\"og:type\" content=\"article\" \/>\n<meta property=\"og:title\" content=\"Por onde anda Daniel Gouv\u00eaa? - Jornalismo UFSJ\" \/>\n<meta property=\"og:description\" content=\"Daniel Gouv\u00eaa \u00e9 um ex-aluno popular. Camarada de colegas de v\u00e1rias\u00a0turmas, de riso f\u00e1cil e de trabalho s\u00e9rio. No entanto quando veio para o curso de Jornalismo da UFSJ, foi\u00a0mesmo de gaiato. Ele n\u00e3o sabia o que aguardar do curso\u00a0\u201cPor...\" \/>\n<meta property=\"og:url\" content=\"https:\/\/jornalismo.ufsj.edu.br\/site\/ex-alunos\/por-onde-anda-daniel-gouveia\/\" \/>\n<meta property=\"og:site_name\" content=\"Jornalismo UFSJ\" \/>\n<meta property=\"article:publisher\" content=\"https:\/\/www.facebook.com\/jornalismoufsj\/\" \/>\n<meta property=\"article:published_time\" content=\"2016-07-19T14:59:58+00:00\" \/>\n<meta name=\"twitter:card\" content=\"summary_large_image\" \/>\n<meta name=\"twitter:creator\" content=\"@jornalismoufsj\" \/>\n<meta name=\"twitter:site\" content=\"@jornalismoufsj\" \/>\n<meta name=\"twitter:label1\" content=\"Escrito por\" \/>\n\t<meta name=\"twitter:data1\" content=\"\" \/>\n\t<meta name=\"twitter:label2\" content=\"Est. tempo de leitura\" \/>\n\t<meta name=\"twitter:data2\" content=\"3 minutos\" \/>\n<script type=\"application\/ld+json\" class=\"yoast-schema-graph\">{\"@context\":\"https:\/\/schema.org\",\"@graph\":[{\"@type\":\"WebPage\",\"@id\":\"https:\/\/jornalismo.ufsj.edu.br\/site\/ex-alunos\/por-onde-anda-daniel-gouveia\/\",\"url\":\"https:\/\/jornalismo.ufsj.edu.br\/site\/ex-alunos\/por-onde-anda-daniel-gouveia\/\",\"name\":\"Por onde anda Daniel Gouv\u00eaa? - Jornalismo UFSJ\",\"isPartOf\":{\"@id\":\"http:\/\/jornalismo.ufsj.edu.br\/site\/#website\"},\"datePublished\":\"2016-07-19T14:59:58+00:00\",\"dateModified\":\"2016-07-19T14:59:58+00:00\",\"author\":{\"@id\":\"\"},\"breadcrumb\":{\"@id\":\"https:\/\/jornalismo.ufsj.edu.br\/site\/ex-alunos\/por-onde-anda-daniel-gouveia\/#breadcrumb\"},\"inLanguage\":\"pt-BR\",\"potentialAction\":[{\"@type\":\"ReadAction\",\"target\":[\"https:\/\/jornalismo.ufsj.edu.br\/site\/ex-alunos\/por-onde-anda-daniel-gouveia\/\"]}]},{\"@type\":\"BreadcrumbList\",\"@id\":\"https:\/\/jornalismo.ufsj.edu.br\/site\/ex-alunos\/por-onde-anda-daniel-gouveia\/#breadcrumb\",\"itemListElement\":[{\"@type\":\"ListItem\",\"position\":1,\"name\":\"In\u00edcio\",\"item\":\"http:\/\/jornalismo.ufsj.edu.br\/site\/\"},{\"@type\":\"ListItem\",\"position\":2,\"name\":\"Por onde anda Daniel Gouv\u00eaa?\"}]},{\"@type\":\"WebSite\",\"@id\":\"http:\/\/jornalismo.ufsj.edu.br\/site\/#website\",\"url\":\"http:\/\/jornalismo.ufsj.edu.br\/site\/\",\"name\":\"Jornalismo UFSJ\",\"description\":\"\",\"potentialAction\":[{\"@type\":\"SearchAction\",\"target\":{\"@type\":\"EntryPoint\",\"urlTemplate\":\"http:\/\/jornalismo.ufsj.edu.br\/site\/?s={search_term_string}\"},\"query-input\":\"required name=search_term_string\"}],\"inLanguage\":\"pt-BR\"},{\"@type\":\"Person\",\"@id\":\"\"}]}<\/script>\n<!-- \/ Yoast SEO plugin. -->","yoast_head_json":{"title":"Por onde anda Daniel Gouv\u00eaa? - Jornalismo UFSJ","robots":{"index":"index","follow":"follow","max-snippet":"max-snippet:-1","max-image-preview":"max-image-preview:large","max-video-preview":"max-video-preview:-1"},"canonical":"https:\/\/jornalismo.ufsj.edu.br\/site\/ex-alunos\/por-onde-anda-daniel-gouveia\/","og_locale":"pt_BR","og_type":"article","og_title":"Por onde anda Daniel Gouv\u00eaa? - Jornalismo UFSJ","og_description":"Daniel Gouv\u00eaa \u00e9 um ex-aluno popular. Camarada de colegas de v\u00e1rias\u00a0turmas, de riso f\u00e1cil e de trabalho s\u00e9rio. No entanto quando veio para o curso de Jornalismo da UFSJ, foi\u00a0mesmo de gaiato. Ele n\u00e3o sabia o que aguardar do curso\u00a0\u201cPor...","og_url":"https:\/\/jornalismo.ufsj.edu.br\/site\/ex-alunos\/por-onde-anda-daniel-gouveia\/","og_site_name":"Jornalismo UFSJ","article_publisher":"https:\/\/www.facebook.com\/jornalismoufsj\/","article_published_time":"2016-07-19T14:59:58+00:00","twitter_card":"summary_large_image","twitter_creator":"@jornalismoufsj","twitter_site":"@jornalismoufsj","twitter_misc":{"Escrito por":"","Est. tempo de leitura":"3 minutos"},"schema":{"@context":"https:\/\/schema.org","@graph":[{"@type":"WebPage","@id":"https:\/\/jornalismo.ufsj.edu.br\/site\/ex-alunos\/por-onde-anda-daniel-gouveia\/","url":"https:\/\/jornalismo.ufsj.edu.br\/site\/ex-alunos\/por-onde-anda-daniel-gouveia\/","name":"Por onde anda Daniel Gouv\u00eaa? - Jornalismo UFSJ","isPartOf":{"@id":"http:\/\/jornalismo.ufsj.edu.br\/site\/#website"},"datePublished":"2016-07-19T14:59:58+00:00","dateModified":"2016-07-19T14:59:58+00:00","author":{"@id":""},"breadcrumb":{"@id":"https:\/\/jornalismo.ufsj.edu.br\/site\/ex-alunos\/por-onde-anda-daniel-gouveia\/#breadcrumb"},"inLanguage":"pt-BR","potentialAction":[{"@type":"ReadAction","target":["https:\/\/jornalismo.ufsj.edu.br\/site\/ex-alunos\/por-onde-anda-daniel-gouveia\/"]}]},{"@type":"BreadcrumbList","@id":"https:\/\/jornalismo.ufsj.edu.br\/site\/ex-alunos\/por-onde-anda-daniel-gouveia\/#breadcrumb","itemListElement":[{"@type":"ListItem","position":1,"name":"In\u00edcio","item":"http:\/\/jornalismo.ufsj.edu.br\/site\/"},{"@type":"ListItem","position":2,"name":"Por onde anda Daniel Gouv\u00eaa?"}]},{"@type":"WebSite","@id":"http:\/\/jornalismo.ufsj.edu.br\/site\/#website","url":"http:\/\/jornalismo.ufsj.edu.br\/site\/","name":"Jornalismo UFSJ","description":"","potentialAction":[{"@type":"SearchAction","target":{"@type":"EntryPoint","urlTemplate":"http:\/\/jornalismo.ufsj.edu.br\/site\/?s={search_term_string}"},"query-input":"required name=search_term_string"}],"inLanguage":"pt-BR"},{"@type":"Person","@id":""}]}},"jetpack_featured_media_url":"","_links":{"self":[{"href":"http:\/\/jornalismo.ufsj.edu.br\/site\/wp-json\/wp\/v2\/posts\/4732"}],"collection":[{"href":"http:\/\/jornalismo.ufsj.edu.br\/site\/wp-json\/wp\/v2\/posts"}],"about":[{"href":"http:\/\/jornalismo.ufsj.edu.br\/site\/wp-json\/wp\/v2\/types\/post"}],"author":[{"embeddable":true,"href":"http:\/\/jornalismo.ufsj.edu.br\/site\/wp-json\/wp\/v2\/users\/3"}],"replies":[{"embeddable":true,"href":"http:\/\/jornalismo.ufsj.edu.br\/site\/wp-json\/wp\/v2\/comments?post=4732"}],"version-history":[{"count":0,"href":"http:\/\/jornalismo.ufsj.edu.br\/site\/wp-json\/wp\/v2\/posts\/4732\/revisions"}],"wp:featuredmedia":[{"embeddable":true,"href":"http:\/\/jornalismo.ufsj.edu.br\/site\/wp-json\/"}],"wp:attachment":[{"href":"http:\/\/jornalismo.ufsj.edu.br\/site\/wp-json\/wp\/v2\/media?parent=4732"}],"wp:term":[{"taxonomy":"category","embeddable":true,"href":"http:\/\/jornalismo.ufsj.edu.br\/site\/wp-json\/wp\/v2\/categories?post=4732"},{"taxonomy":"post_tag","embeddable":true,"href":"http:\/\/jornalismo.ufsj.edu.br\/site\/wp-json\/wp\/v2\/tags?post=4732"}],"curies":[{"name":"wp","href":"https:\/\/api.w.org\/{rel}","templated":true}]}}