{"id":4507,"date":"2016-06-24T19:20:49","date_gmt":"2016-06-24T19:20:49","guid":{"rendered":"http:\/\/jornalismo.ufsj.edu.br\/?p=4507"},"modified":"2016-06-24T19:20:49","modified_gmt":"2016-06-24T19:20:49","slug":"cine-debate-do-5a-cultural-aborda-identidades-de-genero","status":"publish","type":"post","link":"http:\/\/jornalismo.ufsj.edu.br\/site\/5a-cultural\/cine-debate-do-5a-cultural-aborda-identidades-de-genero\/","title":{"rendered":"Cine Debate do 5a. Cultural aborda identidades de g\u00eanero"},"content":{"rendered":"<p><img loading=\"lazy\" class=\"  wp-image-4524 alignleft\" src=\"http:\/\/jornalismo.ufsj.edu.br\/wp-content\/uploads\/2016\/06\/debate-quinta-cultural.jpg?w=680\" alt=\"Debate Quinta Cultural\" width=\"285\" height=\"190\" \/>A 5a. Cultural, programa de Extens\u00e3o do curso de Jornalismo da UFSJ, realizou\u00a0mais um Cine Debate, evento que promove discuss\u00f5es sobre temas pol\u00eamicos a partir da exibi\u00e7\u00e3o de filmes \u00e0 comunidade acad\u00eamica e ao p\u00fablico em geral. O evento aconteceu ontem, 23, no Centro Cultural da UFSJ. Foi a vez de conversar sobre a\u00a0LGBTTFobia, identidades de g\u00eanero, viol\u00eancia e desrespeito \u00e0s diferen\u00e7as.<\/p>\n<p>O p\u00fablico assistiu a dois document\u00e1rios: <a href=\"https:\/\/www.youtube.com\/watch?v=0cik7j-0cVU\" target=\"_blank\">Bichas<\/a>\u00a0e <a href=\"https:\/\/www.youtube.com\/watch?v=t4vW_I-G9c0\" target=\"_blank\">O Segredo dos L\u00edrios<\/a>.\u00a0O primeiro curta\u00a0mostra o ponto de vista das &#8220;bichas&#8221; e o processo que viveram para se assumirem para a fam\u00edlia, amigos, at\u00e9 sentir orgulho de sua pr\u00f3pria identidade. J\u00e1, em o Segredo dos L\u00edrios, s\u00e3o as vozes de tr\u00eas m\u00e3es que contam como foi a trajet\u00f3ria em que suas filhas se assumiram como l\u00e9sbicas.<\/p>\n<p>Depois da exibi\u00e7\u00e3o, o mestrando e professor da rede p\u00fablica de ensino, Weverton Andrade apresentou tamb\u00e9m um pouco do seu trabalho,\u00a0sobre Estudos Queer, Identidade de G\u00eanero e Diversidade Sexual, e destacou as dificuldades que vivem professores e alunos dentro das escolas, pelo conservadorismo e incompreens\u00e3o de pais ou educadores.\u00a0Weverton tamb\u00e9m mant\u00e9m uma p\u00e1gina de\u00a0<a href=\"https:\/\/www.facebook.com\/wevertonandradearts\/\" target=\"_blank\">Drag queen<\/a>, em que exibe fotos, not\u00edcias e manifestos.<\/p>\n<p>Nos dois curtas s\u00e3o mostradas hist\u00f3rias de supera\u00e7\u00e3o e\u00a0aceita\u00e7\u00e3o, mas na pr\u00e1tica o que ainda ocorre \u00e9 estranhamento e intoler\u00e2ncia.\u00a0O estudante de Hist\u00f3ria\u00a0Rafael Teodoro defendeu\u00a0que \u00e9 preciso que mais produ\u00e7\u00f5es sejam feitas mostrando n\u00e3o apenas cen\u00e1rios de peso e sofrimento\u00a0mas que se coloque\u00a0maior naturalidade \u00e0s hist\u00f3rias destas pessoas, trabalhando, estudando, construindo suas fam\u00edlias, de forma que se afirme cada vez mais: &#8220;N\u00f3s somos, n\u00f3s existimos nessa sociedade&#8221;.<\/p>\n<p>Rafael tamb\u00e9m \u00e9 membro do coletivo <a href=\"https:\/\/www.facebook.com\/Os-Invertidos-270403559825675\/\" target=\"_blank\">Os Invertidos<\/a>\u00a0(visite e curta a fanpage!), que busca &#8220;uma forma mais art\u00edstica, informal e divertida de debater quest\u00f5es sobre a sexualidade e rela\u00e7\u00f5es de g\u00eanero&#8221;.<\/p>\n<p>Quem participou do debate, saiu, sim cheio de d\u00favidas. \u00c9 preciso admitir cada vez mais nossos desconhecimentos para buscarmos maior compreens\u00e3o. Por isso, n\u00e3o perca o pr\u00f3ximo debate: fica de olho na Cultura do 5a.!<\/p>\n<p style=\"text-align:right;\">Texto e Imagens: Dani da Gama<br \/>\nApoio: Rafael Teodoro<br \/>\nWeverton Andrade<\/p>\n<p>&nbsp;<\/p>\n<p>&nbsp;<\/p>\n<p>&nbsp;<\/p>\n","protected":false},"excerpt":{"rendered":"<p>A 5a. Cultural, programa de Extens\u00e3o do curso de Jornalismo da UFSJ, realizou\u00a0mais um Cine Debate, evento que promove discuss\u00f5es sobre temas pol\u00eamicos a partir da exibi\u00e7\u00e3o de filmes \u00e0 comunidade acad\u00eamica e ao p\u00fablico em geral. O evento aconteceu&#8230;<\/p>\n","protected":false},"author":3,"featured_media":4523,"comment_status":"open","ping_status":"open","sticky":false,"template":"","format":"standard","meta":{"_monsterinsights_skip_tracking":false,"_monsterinsights_sitenote_active":false,"_monsterinsights_sitenote_note":"","_monsterinsights_sitenote_category":0},"categories":[3],"tags":[],"yoast_head":"<!-- This site is optimized with the Yoast SEO plugin v20.6 - https:\/\/yoast.com\/wordpress\/plugins\/seo\/ -->\n<title>Cine Debate do 5a. Cultural aborda identidades de g\u00eanero - Jornalismo UFSJ<\/title>\n<meta name=\"robots\" content=\"index, follow, max-snippet:-1, max-image-preview:large, max-video-preview:-1\" \/>\n<link rel=\"canonical\" href=\"http:\/\/jornalismo.ufsj.edu.br\/site\/5a-cultural\/cine-debate-do-5a-cultural-aborda-identidades-de-genero\/\" \/>\n<meta property=\"og:locale\" content=\"pt_BR\" \/>\n<meta property=\"og:type\" content=\"article\" \/>\n<meta property=\"og:title\" content=\"Cine Debate do 5a. Cultural aborda identidades de g\u00eanero - Jornalismo UFSJ\" \/>\n<meta property=\"og:description\" content=\"A 5a. Cultural, programa de Extens\u00e3o do curso de Jornalismo da UFSJ, realizou\u00a0mais um Cine Debate, evento que promove discuss\u00f5es sobre temas pol\u00eamicos a partir da exibi\u00e7\u00e3o de filmes \u00e0 comunidade acad\u00eamica e ao p\u00fablico em geral. O evento aconteceu...\" \/>\n<meta property=\"og:url\" content=\"http:\/\/jornalismo.ufsj.edu.br\/site\/5a-cultural\/cine-debate-do-5a-cultural-aborda-identidades-de-genero\/\" \/>\n<meta property=\"og:site_name\" content=\"Jornalismo UFSJ\" \/>\n<meta property=\"article:publisher\" content=\"https:\/\/www.facebook.com\/jornalismoufsj\/\" \/>\n<meta property=\"article:published_time\" content=\"2016-06-24T19:20:49+00:00\" \/>\n<meta name=\"twitter:card\" content=\"summary_large_image\" \/>\n<meta name=\"twitter:creator\" content=\"@jornalismoufsj\" \/>\n<meta name=\"twitter:site\" content=\"@jornalismoufsj\" \/>\n<meta name=\"twitter:label1\" content=\"Escrito por\" \/>\n\t<meta name=\"twitter:data1\" content=\"\" \/>\n\t<meta name=\"twitter:label2\" content=\"Est. tempo de leitura\" \/>\n\t<meta name=\"twitter:data2\" content=\"2 minutos\" \/>\n<script type=\"application\/ld+json\" class=\"yoast-schema-graph\">{\"@context\":\"https:\/\/schema.org\",\"@graph\":[{\"@type\":\"WebPage\",\"@id\":\"http:\/\/jornalismo.ufsj.edu.br\/site\/5a-cultural\/cine-debate-do-5a-cultural-aborda-identidades-de-genero\/\",\"url\":\"http:\/\/jornalismo.ufsj.edu.br\/site\/5a-cultural\/cine-debate-do-5a-cultural-aborda-identidades-de-genero\/\",\"name\":\"Cine Debate do 5a. Cultural aborda identidades de g\u00eanero - Jornalismo UFSJ\",\"isPartOf\":{\"@id\":\"http:\/\/jornalismo.ufsj.edu.br\/site\/#website\"},\"datePublished\":\"2016-06-24T19:20:49+00:00\",\"dateModified\":\"2016-06-24T19:20:49+00:00\",\"author\":{\"@id\":\"\"},\"breadcrumb\":{\"@id\":\"http:\/\/jornalismo.ufsj.edu.br\/site\/5a-cultural\/cine-debate-do-5a-cultural-aborda-identidades-de-genero\/#breadcrumb\"},\"inLanguage\":\"pt-BR\",\"potentialAction\":[{\"@type\":\"ReadAction\",\"target\":[\"http:\/\/jornalismo.ufsj.edu.br\/site\/5a-cultural\/cine-debate-do-5a-cultural-aborda-identidades-de-genero\/\"]}]},{\"@type\":\"BreadcrumbList\",\"@id\":\"http:\/\/jornalismo.ufsj.edu.br\/site\/5a-cultural\/cine-debate-do-5a-cultural-aborda-identidades-de-genero\/#breadcrumb\",\"itemListElement\":[{\"@type\":\"ListItem\",\"position\":1,\"name\":\"In\u00edcio\",\"item\":\"http:\/\/jornalismo.ufsj.edu.br\/site\/\"},{\"@type\":\"ListItem\",\"position\":2,\"name\":\"Cine Debate do 5a. Cultural aborda identidades de g\u00eanero\"}]},{\"@type\":\"WebSite\",\"@id\":\"http:\/\/jornalismo.ufsj.edu.br\/site\/#website\",\"url\":\"http:\/\/jornalismo.ufsj.edu.br\/site\/\",\"name\":\"Jornalismo UFSJ\",\"description\":\"\",\"potentialAction\":[{\"@type\":\"SearchAction\",\"target\":{\"@type\":\"EntryPoint\",\"urlTemplate\":\"http:\/\/jornalismo.ufsj.edu.br\/site\/?s={search_term_string}\"},\"query-input\":\"required name=search_term_string\"}],\"inLanguage\":\"pt-BR\"},{\"@type\":\"Person\",\"@id\":\"\"}]}<\/script>\n<!-- \/ Yoast SEO plugin. -->","yoast_head_json":{"title":"Cine Debate do 5a. Cultural aborda identidades de g\u00eanero - Jornalismo UFSJ","robots":{"index":"index","follow":"follow","max-snippet":"max-snippet:-1","max-image-preview":"max-image-preview:large","max-video-preview":"max-video-preview:-1"},"canonical":"http:\/\/jornalismo.ufsj.edu.br\/site\/5a-cultural\/cine-debate-do-5a-cultural-aborda-identidades-de-genero\/","og_locale":"pt_BR","og_type":"article","og_title":"Cine Debate do 5a. Cultural aborda identidades de g\u00eanero - Jornalismo UFSJ","og_description":"A 5a. Cultural, programa de Extens\u00e3o do curso de Jornalismo da UFSJ, realizou\u00a0mais um Cine Debate, evento que promove discuss\u00f5es sobre temas pol\u00eamicos a partir da exibi\u00e7\u00e3o de filmes \u00e0 comunidade acad\u00eamica e ao p\u00fablico em geral. O evento aconteceu...","og_url":"http:\/\/jornalismo.ufsj.edu.br\/site\/5a-cultural\/cine-debate-do-5a-cultural-aborda-identidades-de-genero\/","og_site_name":"Jornalismo UFSJ","article_publisher":"https:\/\/www.facebook.com\/jornalismoufsj\/","article_published_time":"2016-06-24T19:20:49+00:00","twitter_card":"summary_large_image","twitter_creator":"@jornalismoufsj","twitter_site":"@jornalismoufsj","twitter_misc":{"Escrito por":"","Est. tempo de leitura":"2 minutos"},"schema":{"@context":"https:\/\/schema.org","@graph":[{"@type":"WebPage","@id":"http:\/\/jornalismo.ufsj.edu.br\/site\/5a-cultural\/cine-debate-do-5a-cultural-aborda-identidades-de-genero\/","url":"http:\/\/jornalismo.ufsj.edu.br\/site\/5a-cultural\/cine-debate-do-5a-cultural-aborda-identidades-de-genero\/","name":"Cine Debate do 5a. Cultural aborda identidades de g\u00eanero - Jornalismo UFSJ","isPartOf":{"@id":"http:\/\/jornalismo.ufsj.edu.br\/site\/#website"},"datePublished":"2016-06-24T19:20:49+00:00","dateModified":"2016-06-24T19:20:49+00:00","author":{"@id":""},"breadcrumb":{"@id":"http:\/\/jornalismo.ufsj.edu.br\/site\/5a-cultural\/cine-debate-do-5a-cultural-aborda-identidades-de-genero\/#breadcrumb"},"inLanguage":"pt-BR","potentialAction":[{"@type":"ReadAction","target":["http:\/\/jornalismo.ufsj.edu.br\/site\/5a-cultural\/cine-debate-do-5a-cultural-aborda-identidades-de-genero\/"]}]},{"@type":"BreadcrumbList","@id":"http:\/\/jornalismo.ufsj.edu.br\/site\/5a-cultural\/cine-debate-do-5a-cultural-aborda-identidades-de-genero\/#breadcrumb","itemListElement":[{"@type":"ListItem","position":1,"name":"In\u00edcio","item":"http:\/\/jornalismo.ufsj.edu.br\/site\/"},{"@type":"ListItem","position":2,"name":"Cine Debate do 5a. Cultural aborda identidades de g\u00eanero"}]},{"@type":"WebSite","@id":"http:\/\/jornalismo.ufsj.edu.br\/site\/#website","url":"http:\/\/jornalismo.ufsj.edu.br\/site\/","name":"Jornalismo UFSJ","description":"","potentialAction":[{"@type":"SearchAction","target":{"@type":"EntryPoint","urlTemplate":"http:\/\/jornalismo.ufsj.edu.br\/site\/?s={search_term_string}"},"query-input":"required name=search_term_string"}],"inLanguage":"pt-BR"},{"@type":"Person","@id":""}]}},"jetpack_featured_media_url":"","_links":{"self":[{"href":"http:\/\/jornalismo.ufsj.edu.br\/site\/wp-json\/wp\/v2\/posts\/4507"}],"collection":[{"href":"http:\/\/jornalismo.ufsj.edu.br\/site\/wp-json\/wp\/v2\/posts"}],"about":[{"href":"http:\/\/jornalismo.ufsj.edu.br\/site\/wp-json\/wp\/v2\/types\/post"}],"author":[{"embeddable":true,"href":"http:\/\/jornalismo.ufsj.edu.br\/site\/wp-json\/wp\/v2\/users\/3"}],"replies":[{"embeddable":true,"href":"http:\/\/jornalismo.ufsj.edu.br\/site\/wp-json\/wp\/v2\/comments?post=4507"}],"version-history":[{"count":0,"href":"http:\/\/jornalismo.ufsj.edu.br\/site\/wp-json\/wp\/v2\/posts\/4507\/revisions"}],"wp:featuredmedia":[{"embeddable":true,"href":"http:\/\/jornalismo.ufsj.edu.br\/site\/wp-json\/"}],"wp:attachment":[{"href":"http:\/\/jornalismo.ufsj.edu.br\/site\/wp-json\/wp\/v2\/media?parent=4507"}],"wp:term":[{"taxonomy":"category","embeddable":true,"href":"http:\/\/jornalismo.ufsj.edu.br\/site\/wp-json\/wp\/v2\/categories?post=4507"},{"taxonomy":"post_tag","embeddable":true,"href":"http:\/\/jornalismo.ufsj.edu.br\/site\/wp-json\/wp\/v2\/tags?post=4507"}],"curies":[{"name":"wp","href":"https:\/\/api.w.org\/{rel}","templated":true}]}}