{"id":4399,"date":"2016-06-22T21:26:27","date_gmt":"2016-06-22T21:26:27","guid":{"rendered":"http:\/\/jornalismo.ufsj.edu.br\/?p=4399"},"modified":"2016-06-22T21:26:27","modified_gmt":"2016-06-22T21:26:27","slug":"estagiaria-em-tv-conta-suas-dicas-e-sonhos","status":"publish","type":"post","link":"http:\/\/jornalismo.ufsj.edu.br\/site\/alunos\/estagiaria-em-tv-conta-suas-dicas-e-sonhos\/","title":{"rendered":"Estagi\u00e1ria em TV conta suas dicas e sonhos"},"content":{"rendered":"<div id=\"attachment_4402\" style=\"width: 299px\" class=\"wp-caption alignleft\"><img aria-describedby=\"caption-attachment-4402\" loading=\"lazy\" class=\"  wp-image-4402 alignleft\" src=\"http:\/\/jornalismo.ufsj.edu.br\/wp-content\/uploads\/2016\/06\/isabela-castro-mosaico.png?w=680\" alt=\"isabela castro mosaico\" width=\"289\" height=\"289\" \/><p id=\"caption-attachment-4402\" class=\"wp-caption-text\">Isabela, quando Gerente de Administra\u00e7\u00e3o e Finan\u00e7as na Mosaico<\/p><\/div>\n<p>Isabela\u00a0Castro, estudante do\u00a05\u00ba per\u00edodo do curso de Comunica\u00e7\u00e3o Social da UFSJ tem s\u00f3 21 anos mas um curr\u00edculo de menina dedicada! Estagiando\u00a0na <a href=\"http:\/\/www.tvcamposdeminas.com.br\/?page_id=161\" target=\"_blank\">TV Campos de Minas<\/a>\u00a0desde meados de abril, ela nos contou um pouco a respeito de suas escolhas, seus objetivos e sobre como \u00e9 ser estagi\u00e1ria de uma emissora de TV importante para a regi\u00e3o.<\/p>\n<p>Ela revela que Jornalismo j\u00e1 era um desejo antigo:\u00a0\u201cDesde pequena eu gostava de esportes, e quando era adolescente vi que o que eu queria era Jornalismo, pelo amplo campo de servi\u00e7os que temos. Tamb\u00e9m sempre gostei de ler e escrever e principalmente imaginava muito como era a produ\u00e7\u00e3o de uma TV. Foi a minha primeira op\u00e7\u00e3o de curso\u201d. Ela conta ainda que participou de uma mostra de profiss\u00f5es onde p\u00f4de perceber como o Jornalismo pode ser diversificado\u00a0e com chances de crescimento e que a UFSJ seria capaz de oferecer suporte para seu desenvolvimento.<\/p>\n<p>J\u00e1 dentro da universidade Isabela tamb\u00e9m fez parte da Mosaico &#8211; Empresa J\u00fanior. Ela se mostra grata a tudo que absorveu fazendo parte do projeto: \u201cA Mosaico foi uma verdadeira escola pra mim. Eu entrei sem nenhum conhecimento e nesses quase dois anos aprendi muitas coisas. Do servi\u00e7o jornal\u00edstico, mas muita coisa fora dessa \u00e1rea, como por exemplo, da \u00e1rea administrativa e financeira&#8221;. Como Isabela fez parte da Diretoria, aprendeu muito da parte jur\u00eddica que rege uma empresa e quest\u00f5es de aplica\u00e7\u00f5es financeiras pelos servi\u00e7os prestados.<\/p>\n<p>Ela acrescenta que fazer parte do Movimento de Empresa J\u00fanior (MEJ) \u00e9 importante tamb\u00e9m por seu intuito de impactar e transformar a sociedade. &#8220;Hoje posso dizer que participar desse movimento e comprovar a for\u00e7a que ele tem \u00e9 realmente transformador na vida de quem participa&#8221;.<\/p>\n<p>Todo aprendizado adquirido na universidade, somado \u00e0 for\u00e7a de vontade e ao talento jornal\u00edstico, logo levaram Isabela \u00e0 TV Campos de Minas. L\u00e1 ela faz parte da produ\u00e7\u00e3o do Jornal Regional. Suas fun\u00e7\u00f5es s\u00e3o apurar os fatos, produzir as mat\u00e9rias e realizar a escrita di\u00e1ria do script do Jornal.<\/p>\n<p>Sobre o futuro, a estudante diz que quer especializar-se em\u00a0jornalismo esportivo e continuar trabalhando em TV. E\u00a0d\u00e1 conselhos a quem est\u00e1 buscando oportunidades: participar de projetos dentro da faculdade, tanto para construir um bom curr\u00edculo como para ter mais certeza do que quer para sua carreira. E ir al\u00e9m do que a faculdade oferece. &#8220;Tenha a curiosidade de pesquisar sobre diversos assuntos&#8221;, ensina Isabela. &#8220;Temos sorte, pois os professores sempre est\u00e3o prontos para lhe orientar, ent\u00e3o se um \u00e1rea lhe interessa mas ela n\u00e3o \u00e9 t\u00e3o discutida em sala de aula, pesquise mais sobre o assunto e leve as d\u00favidas para os professores.\u201d Bons conselhos, de time que j\u00e1 est\u00e1 ganhando!<\/p>\n<p style=\"text-align:right;\">Texto: Lucas Di Capri<br \/>\nRevis\u00e3o e Edi\u00e7\u00e3o: Dani da Gama<br \/>\nImagens: Arquivo Pessoal<\/p>\n","protected":false},"excerpt":{"rendered":"<p>Isabela\u00a0Castro, estudante do\u00a05\u00ba per\u00edodo do curso de Comunica\u00e7\u00e3o Social da UFSJ tem s\u00f3 21 anos mas um curr\u00edculo de menina dedicada! Estagiando\u00a0na TV Campos de Minas\u00a0desde meados de abril, ela nos contou um pouco a respeito de suas escolhas, seus&#8230;<\/p>\n","protected":false},"author":3,"featured_media":4402,"comment_status":"open","ping_status":"open","sticky":false,"template":"","format":"standard","meta":{"_monsterinsights_skip_tracking":false,"_monsterinsights_sitenote_active":false,"_monsterinsights_sitenote_note":"","_monsterinsights_sitenote_category":0},"categories":[6],"tags":[],"yoast_head":"<!-- This site is optimized with the Yoast SEO plugin v20.6 - https:\/\/yoast.com\/wordpress\/plugins\/seo\/ -->\n<title>Estagi\u00e1ria em TV conta suas dicas e sonhos - Jornalismo UFSJ<\/title>\n<meta name=\"robots\" content=\"index, follow, max-snippet:-1, max-image-preview:large, max-video-preview:-1\" \/>\n<link rel=\"canonical\" href=\"http:\/\/anu.ufsj.edu.br\/site\/alunos\/estagiaria-em-tv-conta-suas-dicas-e-sonhos\/\" \/>\n<meta property=\"og:locale\" content=\"pt_BR\" \/>\n<meta property=\"og:type\" content=\"article\" \/>\n<meta property=\"og:title\" content=\"Estagi\u00e1ria em TV conta suas dicas e sonhos - Jornalismo UFSJ\" \/>\n<meta property=\"og:description\" content=\"Isabela\u00a0Castro, estudante do\u00a05\u00ba per\u00edodo do curso de Comunica\u00e7\u00e3o Social da UFSJ tem s\u00f3 21 anos mas um curr\u00edculo de menina dedicada! Estagiando\u00a0na TV Campos de Minas\u00a0desde meados de abril, ela nos contou um pouco a respeito de suas escolhas, seus...\" \/>\n<meta property=\"og:url\" content=\"http:\/\/anu.ufsj.edu.br\/site\/alunos\/estagiaria-em-tv-conta-suas-dicas-e-sonhos\/\" \/>\n<meta property=\"og:site_name\" content=\"Jornalismo UFSJ\" \/>\n<meta property=\"article:publisher\" content=\"https:\/\/www.facebook.com\/jornalismoufsj\/\" \/>\n<meta property=\"article:published_time\" content=\"2016-06-22T21:26:27+00:00\" \/>\n<meta name=\"twitter:card\" content=\"summary_large_image\" \/>\n<meta name=\"twitter:creator\" content=\"@jornalismoufsj\" \/>\n<meta name=\"twitter:site\" content=\"@jornalismoufsj\" \/>\n<meta name=\"twitter:label1\" content=\"Escrito por\" \/>\n\t<meta name=\"twitter:data1\" content=\"\" \/>\n\t<meta name=\"twitter:label2\" content=\"Est. tempo de leitura\" \/>\n\t<meta name=\"twitter:data2\" content=\"3 minutos\" \/>\n<script type=\"application\/ld+json\" class=\"yoast-schema-graph\">{\"@context\":\"https:\/\/schema.org\",\"@graph\":[{\"@type\":\"WebPage\",\"@id\":\"http:\/\/anu.ufsj.edu.br\/site\/alunos\/estagiaria-em-tv-conta-suas-dicas-e-sonhos\/\",\"url\":\"http:\/\/anu.ufsj.edu.br\/site\/alunos\/estagiaria-em-tv-conta-suas-dicas-e-sonhos\/\",\"name\":\"Estagi\u00e1ria em TV conta suas dicas e sonhos - Jornalismo UFSJ\",\"isPartOf\":{\"@id\":\"http:\/\/jornalismo.ufsj.edu.br\/site\/#website\"},\"datePublished\":\"2016-06-22T21:26:27+00:00\",\"dateModified\":\"2016-06-22T21:26:27+00:00\",\"author\":{\"@id\":\"\"},\"breadcrumb\":{\"@id\":\"http:\/\/anu.ufsj.edu.br\/site\/alunos\/estagiaria-em-tv-conta-suas-dicas-e-sonhos\/#breadcrumb\"},\"inLanguage\":\"pt-BR\",\"potentialAction\":[{\"@type\":\"ReadAction\",\"target\":[\"http:\/\/anu.ufsj.edu.br\/site\/alunos\/estagiaria-em-tv-conta-suas-dicas-e-sonhos\/\"]}]},{\"@type\":\"BreadcrumbList\",\"@id\":\"http:\/\/anu.ufsj.edu.br\/site\/alunos\/estagiaria-em-tv-conta-suas-dicas-e-sonhos\/#breadcrumb\",\"itemListElement\":[{\"@type\":\"ListItem\",\"position\":1,\"name\":\"In\u00edcio\",\"item\":\"http:\/\/jornalismo.ufsj.edu.br\/site\/\"},{\"@type\":\"ListItem\",\"position\":2,\"name\":\"Estagi\u00e1ria em TV conta suas dicas e sonhos\"}]},{\"@type\":\"WebSite\",\"@id\":\"http:\/\/jornalismo.ufsj.edu.br\/site\/#website\",\"url\":\"http:\/\/jornalismo.ufsj.edu.br\/site\/\",\"name\":\"Jornalismo UFSJ\",\"description\":\"\",\"potentialAction\":[{\"@type\":\"SearchAction\",\"target\":{\"@type\":\"EntryPoint\",\"urlTemplate\":\"http:\/\/jornalismo.ufsj.edu.br\/site\/?s={search_term_string}\"},\"query-input\":\"required name=search_term_string\"}],\"inLanguage\":\"pt-BR\"},{\"@type\":\"Person\",\"@id\":\"\"}]}<\/script>\n<!-- \/ Yoast SEO plugin. -->","yoast_head_json":{"title":"Estagi\u00e1ria em TV conta suas dicas e sonhos - Jornalismo UFSJ","robots":{"index":"index","follow":"follow","max-snippet":"max-snippet:-1","max-image-preview":"max-image-preview:large","max-video-preview":"max-video-preview:-1"},"canonical":"http:\/\/anu.ufsj.edu.br\/site\/alunos\/estagiaria-em-tv-conta-suas-dicas-e-sonhos\/","og_locale":"pt_BR","og_type":"article","og_title":"Estagi\u00e1ria em TV conta suas dicas e sonhos - Jornalismo UFSJ","og_description":"Isabela\u00a0Castro, estudante do\u00a05\u00ba per\u00edodo do curso de Comunica\u00e7\u00e3o Social da UFSJ tem s\u00f3 21 anos mas um curr\u00edculo de menina dedicada! Estagiando\u00a0na TV Campos de Minas\u00a0desde meados de abril, ela nos contou um pouco a respeito de suas escolhas, seus...","og_url":"http:\/\/anu.ufsj.edu.br\/site\/alunos\/estagiaria-em-tv-conta-suas-dicas-e-sonhos\/","og_site_name":"Jornalismo UFSJ","article_publisher":"https:\/\/www.facebook.com\/jornalismoufsj\/","article_published_time":"2016-06-22T21:26:27+00:00","twitter_card":"summary_large_image","twitter_creator":"@jornalismoufsj","twitter_site":"@jornalismoufsj","twitter_misc":{"Escrito por":"","Est. tempo de leitura":"3 minutos"},"schema":{"@context":"https:\/\/schema.org","@graph":[{"@type":"WebPage","@id":"http:\/\/anu.ufsj.edu.br\/site\/alunos\/estagiaria-em-tv-conta-suas-dicas-e-sonhos\/","url":"http:\/\/anu.ufsj.edu.br\/site\/alunos\/estagiaria-em-tv-conta-suas-dicas-e-sonhos\/","name":"Estagi\u00e1ria em TV conta suas dicas e sonhos - Jornalismo UFSJ","isPartOf":{"@id":"http:\/\/jornalismo.ufsj.edu.br\/site\/#website"},"datePublished":"2016-06-22T21:26:27+00:00","dateModified":"2016-06-22T21:26:27+00:00","author":{"@id":""},"breadcrumb":{"@id":"http:\/\/anu.ufsj.edu.br\/site\/alunos\/estagiaria-em-tv-conta-suas-dicas-e-sonhos\/#breadcrumb"},"inLanguage":"pt-BR","potentialAction":[{"@type":"ReadAction","target":["http:\/\/anu.ufsj.edu.br\/site\/alunos\/estagiaria-em-tv-conta-suas-dicas-e-sonhos\/"]}]},{"@type":"BreadcrumbList","@id":"http:\/\/anu.ufsj.edu.br\/site\/alunos\/estagiaria-em-tv-conta-suas-dicas-e-sonhos\/#breadcrumb","itemListElement":[{"@type":"ListItem","position":1,"name":"In\u00edcio","item":"http:\/\/jornalismo.ufsj.edu.br\/site\/"},{"@type":"ListItem","position":2,"name":"Estagi\u00e1ria em TV conta suas dicas e sonhos"}]},{"@type":"WebSite","@id":"http:\/\/jornalismo.ufsj.edu.br\/site\/#website","url":"http:\/\/jornalismo.ufsj.edu.br\/site\/","name":"Jornalismo UFSJ","description":"","potentialAction":[{"@type":"SearchAction","target":{"@type":"EntryPoint","urlTemplate":"http:\/\/jornalismo.ufsj.edu.br\/site\/?s={search_term_string}"},"query-input":"required name=search_term_string"}],"inLanguage":"pt-BR"},{"@type":"Person","@id":""}]}},"jetpack_featured_media_url":"","_links":{"self":[{"href":"http:\/\/jornalismo.ufsj.edu.br\/site\/wp-json\/wp\/v2\/posts\/4399"}],"collection":[{"href":"http:\/\/jornalismo.ufsj.edu.br\/site\/wp-json\/wp\/v2\/posts"}],"about":[{"href":"http:\/\/jornalismo.ufsj.edu.br\/site\/wp-json\/wp\/v2\/types\/post"}],"author":[{"embeddable":true,"href":"http:\/\/jornalismo.ufsj.edu.br\/site\/wp-json\/wp\/v2\/users\/3"}],"replies":[{"embeddable":true,"href":"http:\/\/jornalismo.ufsj.edu.br\/site\/wp-json\/wp\/v2\/comments?post=4399"}],"version-history":[{"count":0,"href":"http:\/\/jornalismo.ufsj.edu.br\/site\/wp-json\/wp\/v2\/posts\/4399\/revisions"}],"wp:featuredmedia":[{"embeddable":true,"href":"http:\/\/jornalismo.ufsj.edu.br\/site\/wp-json\/"}],"wp:attachment":[{"href":"http:\/\/jornalismo.ufsj.edu.br\/site\/wp-json\/wp\/v2\/media?parent=4399"}],"wp:term":[{"taxonomy":"category","embeddable":true,"href":"http:\/\/jornalismo.ufsj.edu.br\/site\/wp-json\/wp\/v2\/categories?post=4399"},{"taxonomy":"post_tag","embeddable":true,"href":"http:\/\/jornalismo.ufsj.edu.br\/site\/wp-json\/wp\/v2\/tags?post=4399"}],"curies":[{"name":"wp","href":"https:\/\/api.w.org\/{rel}","templated":true}]}}