{"id":4233,"date":"2016-06-11T15:05:39","date_gmt":"2016-06-11T15:05:39","guid":{"rendered":"http:\/\/jornalismo.ufsj.edu.br\/?p=4233"},"modified":"2016-06-11T15:05:39","modified_gmt":"2016-06-11T15:05:39","slug":"febre-de-adaptacoes-de-hqs-leva-multidoes-aos-cinemas","status":"publish","type":"post","link":"http:\/\/jornalismo.ufsj.edu.br\/site\/diz-ai\/febre-de-adaptacoes-de-hqs-leva-multidoes-aos-cinemas\/","title":{"rendered":"Febre de adapta\u00e7\u00f5es de HQs leva multid\u00f5es aos cinemas"},"content":{"rendered":"<p><u><\/u>\u00c9 ineg\u00e1vel que 2016 est\u00e1 sendo o ano das adapta\u00e7\u00f5es de HQs de super-her\u00f3is para a ind\u00fastria cinematogr\u00e1fica. Filmes como <em>Batman Vs Superman<\/em>, <em>Capit\u00e3o Am\u00e9rica: Guerra Civil<\/em> e <em>X-Men Apocalipse<\/em> carregaram uma multid\u00e3o de seguidores fan\u00e1ticos de todas as idades pelo mundo todo, em sua maioria de p\u00fablico infanto-juvenil.<\/p>\n<p>No nosso p\u00fablico infanto-juvenil-varonil do curso de Jornalismo temos tamb\u00e9m veementes adoradores do estilo. Convidamos tr\u00eas deles para saber sobre suas expectativas e opini\u00f5es a respeito das adapta\u00e7\u00f5es. Let\u00edcia Carvalho, nossa representante feminina, do 3<sup>o<\/sup>. per\u00edodo, Felipe Janu\u00e1rio, do 1<sup>o<\/sup>. per\u00edodo, e Daniel Ubiratan, tamb\u00e9m calouro. Veja nossa lista e corra para assistir ou rever os seus preferidos!<\/p>\n<p><strong>1 \u2013 Deadpool (MARVEL)<\/strong><\/p>\n<p><img loading=\"lazy\" class=\"  wp-image-4241 alignleft\" src=\"http:\/\/jornalismo.ufsj.edu.br\/wp-content\/uploads\/2016\/06\/deadpool.jpg\" alt=\"deadpool.jpg\" width=\"293\" height=\"430\" \/><br \/>\nEsta foi uma das mais esperadas estreias do ano. O filme da FOX, que contou com censura Rated-R (maiores de 18) se popularizou entre os amantes de quadrinhos e se tornou a maior bilheteria de um filme para maiores da hist\u00f3ria.<\/p>\n<p><span style=\"color:#ff9900;\"><u>Opini\u00f5es dos nossos \u201cconsultores&#8221;:<\/u><\/span><\/p>\n<p><span style=\"color:#ff9900;\">Let\u00edcia<\/span>: O sucesso de <em>Deadpool<\/em> tem rela\u00e7\u00e3o direta com a novidade. O filme \u00e9 uma fuga de clich\u00eas das outras hist\u00f3rias de super-her\u00f3is. Na verdade ele n\u00e3o \u00e9 um her\u00f3i. Ele \u00e9 um anti-her\u00f3i, o que faz com que as pessoas se interessem pela hist\u00f3ria por ser algo que ainda n\u00e3o foi muito explorado. Isso acaba permitindo fluir a imagina\u00e7\u00e3o das pessoas.<\/p>\n<p><span style=\"color:#ff9900;\">Felipe<\/span>: Por ser um personagem do qual as pessoas n\u00e3o esperavam nada, todos foram surpreendidos com um filme de hist\u00f3ria simples, mas com carisma. O personagem em si\u00a0 \u00e9 cheio de possibilidades, e combinado com a censura pra maiores, o est\u00fadio teve maior possibilidade de desenvolvimento.<\/p>\n<p><span style=\"color:#ff9900;\">Daniel<\/span>: Hoje em dia, o povo que consome hist\u00f3rias de super-her\u00f3is est\u00e1 buscando coisas diferentes. A gente v\u00ea um dom\u00ednio da MARVEL nos cinemas e eles acabam mostrando sempre a mesma coisa pro p\u00fablico: uma hist\u00f3ria mais colorida e divertida. <em>Deadpool<\/em> acabou quebrando esse padr\u00e3o. Teve sangue, viol\u00eancia, palavr\u00f5es&#8230; Inovou.<\/p>\n<p><strong>2 \u2013 Batman Vs Superman (DC)<\/p>\n<p><img loading=\"lazy\" class=\"  wp-image-4251 aligncenter\" src=\"http:\/\/jornalismo.ufsj.edu.br\/wp-content\/uploads\/2016\/06\/batman.jpg\" alt=\"batman\" width=\"543\" height=\"200\" \/><br \/>\n<\/strong><\/p>\n<p>A segunda estreia do ano ficou por conta de <em>Batman Vs Superman<\/em>, que n\u00e3o teve uma recep\u00e7\u00e3o positiva pela cr\u00edtica especializada, apesar do estrondo nas bilheterias.<\/p>\n<p><span style=\"color:#ff9900;\"><u>Opini\u00e3o dos \u201cconsultores\u201d:<\/u><\/span><\/p>\n<p><span style=\"color:#ff9900;\">Let\u00edcia<\/span>: Eu acredito que a falha do filme foi o in\u00edcio fraco. Outro fator foi falta de intensidade nos di\u00e1logos, deixando perdidos os telespectadores que n\u00e3o conheciam tanto a hist\u00f3ria dos her\u00f3is. Tamb\u00e9m ficaram algumas pontas soltas pelo filme que acabaram dispersando o p\u00fablico. Apenas do meio pro final que o filme engrena.<\/p>\n<p><span style=\"color:#ff9900;\">Felipe<\/span>: A principal falha do filme e das produ\u00e7\u00f5es da DC em geral, \u00e9 que eles est\u00e3o deturpando muito a ess\u00eancia dos personagens. Est\u00e3o tentando fazer hist\u00f3rias comerciais, mas esquecem os ideais dos her\u00f3is que j\u00e1 s\u00e3o conhecidos. \u00c9 um espet\u00e1culo visual sem subst\u00e2ncia.<\/p>\n<p><span style=\"color:#ff9900;\">Daniel<\/span>: O filme visualmente \u00e9 muito bom, s\u00f3 que os problemas ficaram no roteiro. \u00c9 um filme que descaracterizou ambos os personagens. O Superman do filme comete erros que n\u00e3o existem nos quadrinhos, assim como o Batman. Ent\u00e3o eu acredito que \u00e9 uma produ\u00e7\u00e3o de muito visual e pouco conte\u00fado.<\/p>\n<p><strong>3 \u2013 Capit\u00e3o Am\u00e9rica: Guerra Civil e Capit\u00e3o Am\u00e9rica e Homem de Ferro<\/strong><\/p>\n<p><img loading=\"lazy\" class=\"  wp-image-4256 alignright\" src=\"http:\/\/jornalismo.ufsj.edu.br\/wp-content\/uploads\/2016\/06\/capitao-america.jpg\" alt=\"capitao america\" width=\"266\" height=\"395\" \/><\/p>\n<p>A disputa entre her\u00f3is parece ter se popularizado. Essa repeti\u00e7\u00e3o de tema em produ\u00e7\u00f5es pode ser a prova de um desgaste na ind\u00fastria cinematogr\u00e1fica?<\/p>\n<p><span style=\"color:#ff9900;\"><u>Opini\u00e3o dos \u201cconsultores\u201d:<\/u><\/span><\/p>\n<p><span style=\"color:#ff9900;\">Let\u00edcia<\/span>: Acredito que n\u00e3o exatamente, pois esse tema de disputa entre her\u00f3is come\u00e7ou agora com <em>Batman Vs Superman<\/em> e depois com <em>Capit\u00e3o Am\u00e9rica: Guerra Civil.<\/em> Eu achei um tema interessante e n\u00e3o creio que seja repetitivo.<\/p>\n<p><span style=\"color:#ff9900;\">Felipe<\/span>: Eu acho que sim. Eu, pessoalmente, acredito que Hollywood est\u00e1 desgastada e apesar de gostar dos filmes de her\u00f3is, eu acredito que eles poderiam ir mais fundo e sair dessa zona de conforto.<\/p>\n<p><span style=\"color:#ff9900;\">Daniel<\/span>: Os filmes de super-her\u00f3is j\u00e1 apontam desgaste. Querendo ou n\u00e3o, todos eles tem pontos muito parecidos. Esse ano a FOX, com o <em>Deadpool<\/em>, conseguiu surpreender. Pode ser que melhore daqui pra frente.<\/p>\n<p><strong>4 \u2013 A eterna disputa Marvel x DC<\/strong><\/p>\n<p>Vamos explicar para os leigos: nos quadrinhos, a Marvel (Respons\u00e1vel por Homem-Aranha, X-men, Vingadores, entre outros) e a DC (criadora de Super-Homem, Batman, Mulher Maravilha), disputam a prefer\u00eancia do p\u00fablico, que se dividem jurando fidelidade e defendendo seus favoritos firmemente.<\/p>\n<p><img loading=\"lazy\" class=\" size-full wp-image-4304 aligncenter\" src=\"http:\/\/jornalismo.ufsj.edu.br\/wp-content\/uploads\/2016\/06\/download.jpg\" alt=\"download\" width=\"300\" height=\"168\" \/><\/p>\n<p><span style=\"color:#ff9900;\"><u>O que dizem nossos \u201cespecialistas\u201d sobre o assunto&#8230;?<\/u><\/span><\/p>\n<p><span style=\"color:#ff9900;\">Let\u00edcia<\/span>: Depende. Fanatismo \u00e9 algo desnecess\u00e1rio, pois pessoas possuem opini\u00f5es diferentes e isso n\u00e3o quer dizer que uma seja melhor que a outra. Apesar de eu gostar de alguns personagens da DC, eu tenho prefer\u00eancia pela Marvel pela forma como ela explora os personagens e\u00a0 a maneira como os filmes s\u00e3o feitos, por\u00e9m, n\u00e3o acho que a DC fique pra tr\u00e1s. Admiro muito a rela\u00e7\u00e3o dela com os filmes do Batman.<\/p>\n<p><span style=\"color:#ff9900;\">Felipe<\/span>: Eu acho que tudo com bom senso \u00e9 saud\u00e1vel, ent\u00e3o n\u00e3o vejo problema da prefer\u00eancia entre uma e outra, mas tomar como fanatismo e ficar lendo somente uma coisa \u00e9 bem problem\u00e1tico, at\u00e9 porque existem v\u00e1rias outras editoras com \u00f3timas hist\u00f3rias que s\u00e3o ignoradas pelo fato de as pessoas ficarem presas entre as duas mais populares.<\/p>\n<p><span style=\"color:#ff9900;\">Daniel<\/span>: Eu gosto muito da Marvel no cinema e da DC nos quadrinhos. A DC possui uma pegada mais sombria que me agrada bastante. Eu acho saud\u00e1vel uma disputa entre as editoras, pois s\u00e3o elas que comandam a ind\u00fastria de quadrinhos, ent\u00e3o as melhores hist\u00f3rias s\u00e3o sempre buscadas nas duas.<\/p>\n<p><strong>5 \u2013 Em um ano repleto de estreias, qual era\/\u00e9 a mais aguardada por voc\u00ea?<\/strong><\/p>\n<p><img loading=\"lazy\" class=\"  wp-image-4271 aligncenter\" src=\"http:\/\/jornalismo.ufsj.edu.br\/wp-content\/uploads\/2016\/06\/esquadrao-suicida.jpg\" alt=\"esquadrao suicida\" width=\"359\" height=\"182\" \/><\/p>\n<p><span style=\"color:#ff9900;\">Let\u00edcia<\/span>: Eu estava bastante ansiosa por <em>Capit\u00e3o Am\u00e9rica<\/em> e por <em>X-men Apocalipse,<\/em> mas achei muito interessante a tem\u00e1tica de <em>Deadpool<\/em> e do <em>Esquadr\u00e3o Suicida <\/em>(previs\u00e3o de estreia para agosto).<\/p>\n<p><span style=\"color:#ff9900;\">Felipe<\/span>: <em>Guerra Civil<\/em> e <em>Doutor Estranho<\/em> eram minhas maiores expectativas, mas acho que principalmente <em>Doutor Estranho<\/em>, que \u00e9 um personagem que eu n\u00e3o conhecia muito e passei a conhecer e estou gostando bastante.<\/p>\n<p><span style=\"color:#ff9900;\">Daniel<\/span>: O filme que eu mais espero nesse ano \u00e9 <em>Esquadr\u00e3o Suicida<\/em>, pois \u00e9 uma produ\u00e7\u00e3o com uma proposta diferente. Ele \u00e9 mais sombrio e ao mesmo tempo engra\u00e7ado e \u00e9 legal, pois vai trazer uma equipe n\u00e3o muito conhecida de vil\u00f5es, evitando um pr\u00e9-julgamento das pessoas.<\/p>\n<p><strong>6 \u2013 Tratando de quest\u00f5es sociais como o preconceito com minorias, por exemplo, X-men estreou em 2000 sendo um pioneiro para as adapta\u00e7\u00f5es de super-her\u00f3is para as telonas. Tendo sua adapta\u00e7\u00e3o lan\u00e7ada em maio, qual era sua expectativa? E qual a sua opini\u00e3o sobre a fidelidade dos anteriores em rela\u00e7\u00e3o \u00e0s HQs, que dividem o p\u00fablico entre os que acham mal adaptados e os que acham que algumas mudan\u00e7as s\u00e3o necess\u00e1rias?<\/strong><\/p>\n<p><img loading=\"lazy\" class=\"  wp-image-4308 aligncenter\" src=\"http:\/\/jornalismo.ufsj.edu.br\/wp-content\/uploads\/2016\/06\/xmen.jpg\" alt=\"xmen\" width=\"474\" height=\"244\" \/><\/p>\n<p><span style=\"color:#ff9900;\">Let\u00edcia<\/span>: Bom, eu cresci assistindo X-men ent\u00e3o os filmes fazem parte da minha inf\u00e2ncia. A minha expectativa com <em>X-men Apocalipse<\/em> era enorme, tanto em quest\u00e3o de efeitos especiais, quanto \u00e0 tem\u00e1tica dos anos 80. Eu gosto de todos os filmes, mas sei que eles possuem pontos fortes e fracos, por\u00e9m o dilema de adapta\u00e7\u00e3o \u00e9 exatamente esse. Nunca fica 100% fiel. Ent\u00e3o \u00e9 algo que as pessoas acabam relevando algumas vezes, j\u00e1 que algumas coisas precisam ser alteradas para estar nos cinemas.<\/p>\n<p><span style=\"color:#ff9900;\">Felipe<\/span>: Eu n\u00e3o acho os filmes mal adaptados. Eu tenho em mente que s\u00e3o m\u00eddias diferentes e creio que se mudan\u00e7as forem pra trazer algo de bom, s\u00e3o bem recebidas. Se fosse algo que deturpasse a hist\u00f3ria, eu n\u00e3o gostaria, mas eu n\u00e3o vi isso na franquia. Eu ainda n\u00e3o assisti o filme e minha expectativa com<em> X-men Apocalipse<\/em> est\u00e1 boa. Eu n\u00e3o acompanhei os trailers, mas creio que seja um bom filme.<\/p>\n<p><span style=\"color:#ff9900;\">Daniel<\/span>: Eu acho o primeiro filme, o segundo e o <em>X-men: Primeira Classe<\/em>, bons filmes. Eu n\u00e3o sou um leitor de X-men, ent\u00e3o me deixa meio impossibilitado de responder essa pergunta, mas eu sei que \u00e9 uma franquia com problemas de roteiro, assim como <em>Batman Vs Superman.<\/em> O universo dos X-men no cinema \u00e9 muito grande, ent\u00e3o \u00e9 meio dif\u00edcil n\u00e3o existir furos. Existem algumas coisas que me irritam, como o fato da M\u00edstica (Jennifer Lawrence) sempre ter sido uma vil\u00e3 nos quadrinhos e ser retratada como \u201chero\u00edna\u201d nos filmes.<\/p>\n<p>Ao final, a gente prop\u00f4s um bate-bola r\u00e1pido para apontar os mais-mais!<\/p>\n<p><strong><u>Um espet\u00e1culo de efeitos especiais:\u00a0<\/u><\/strong>Let\u00edcia: <em>X-men &#8211; Dias de um Futuro Esquecido<\/em>; Felipe: <em>Os Vingadores<\/em>; Daniel: <em>Guardi\u00f5es da Gal\u00e1xia<\/em>.<\/p>\n<p><strong><u>Um roteiro muito bem trabalhado:\u00a0<\/u><\/strong>Let\u00edcia: <em>Capit\u00e3o Am\u00e9rica: Guerra Civil<\/em>; Felipe: <em>Homem de Ferro<\/em>; Daniel: <em>Homem-Aranha 2.<\/em><\/p>\n<p><strong><u>Um filme que valeu a pena:\u00a0<\/u><\/strong>Let\u00edcia: <em>Capit\u00e3o Am\u00e9rica: Guerra Civil<\/em>; Felipe: <em>Capit\u00e3o Am\u00e9rica: O Primeiro Vingador<\/em> e <em>Capit\u00e3o Am\u00e9rica: O Soldado Invernal<\/em>; Daniel: <em>Homem de Ferro<\/em>.<\/p>\n<p><strong><u>Um filme para passar longe:\u00a0<\/u><\/strong>Let\u00edcia: <em>X-men Origens: Wolverine<\/em>; Felipe: <em>X-men: O Confronto Final<\/em> e <em>X-men Origens: Wolverine<\/em>; Daniel: <em>Quarteto Fant\u00e1stico (2015)<\/em>.<\/p>\n<p><strong><u>Her\u00f3i\/Hero\u00edna refer\u00eancia e o que ele representa para voc\u00ea:<\/u><\/strong><\/p>\n<p><span style=\"color:#ff9900;\">Let\u00edcia<\/span>: Peggy Carter. O motivo por essa escolha \u00e9 que apesar de existir v\u00e1rios her\u00f3is e hero\u00ednas interessantes, a hist\u00f3ria dela, que s\u00f3 \u00e9 poss\u00edvel entender melhor assistindo a s\u00e9rie solo que se chama Agente Carter, \u00e9 muito marcante. Ela \u00e9 uma mulher da d\u00e9cada de 40, que lutou ao lado do Capit\u00e3o Am\u00e9rica em uma sociedade MUITO machista predominante da \u00e9poca, e n\u00e3o permitiu que nenhum homem determinasse sua forma de agir. E hoje eu acho que muitas garotas podem se espelhar nessa for\u00e7a dela, justamente por ser uma mulher comum, sem nenhum super poder, al\u00e9m da intelig\u00eancia, coragem e for\u00e7a de vontade.<\/p>\n<p><span style=\"color:#ff9900;\">Felipe<\/span>: Superman. Me identifico com os ideais do personagem.<\/p>\n<p><span style=\"color:#ff9900;\">Daniel<\/span>: O meu her\u00f3i preferido \u00e9 o Batman, pelas hist\u00f3rias, que s\u00e3o mais adultas, al\u00e9m de achar bem interessante os questionamentos que ele traz. O personagem \u00e9 complexo, \u00e9 psicologicamente afetado em decorrer de tudo que ele viveu, enfim, \u00e9 um bom her\u00f3i.<\/p>\n<p><strong><u>Adapta\u00e7\u00e3o predileta:\u00a0<\/u><\/strong>Let\u00edcia: Os filmes do Capit\u00e3o e a trilogia do Batman dirigida por Christopher Nolan; Felipe: <em>Guardi\u00f5es da Gal\u00e1xia<\/em>; Daniel: <em>Homem-Aranha<\/em> e <em>Homem-Aranha 2.<\/em><\/p>\n<p>Est\u00e3o a\u00ed as nossas sugest\u00f5es. Quer comentar, dar outras ideias: Fique \u00e0 vontade!<br \/>\nE pra quem quiser acompanhar as estreias que ainda est\u00e3o por vir, acesse o link do\u00a0<a href=\"https:\/\/omelete.uol.com.br\/calendario-de-filmes-dc-e-marvel\/\" target=\"_blank\">Omelete<\/a><\/p>\n<p style=\"text-align:right;\">\u00a0Texto: Lucas Di Capri<br \/>\nEdi\u00e7\u00e3o e Revis\u00e3o: Dani da Gama<br \/>\nImagens: Divulga\u00e7\u00e3o<\/p>\n","protected":false},"excerpt":{"rendered":"<p>\u00c9 ineg\u00e1vel que 2016 est\u00e1 sendo o ano das adapta\u00e7\u00f5es de HQs de super-her\u00f3is para a ind\u00fastria cinematogr\u00e1fica. Filmes como Batman Vs Superman, Capit\u00e3o Am\u00e9rica: Guerra Civil e X-Men Apocalipse carregaram uma multid\u00e3o de seguidores fan\u00e1ticos de todas as idades&#8230;<\/p>\n","protected":false},"author":3,"featured_media":4241,"comment_status":"open","ping_status":"open","sticky":false,"template":"","format":"standard","meta":{"_monsterinsights_skip_tracking":false,"_monsterinsights_sitenote_active":false,"_monsterinsights_sitenote_note":"","_monsterinsights_sitenote_category":0},"categories":[21],"tags":[],"yoast_head":"<!-- This site is optimized with the Yoast SEO plugin v20.6 - https:\/\/yoast.com\/wordpress\/plugins\/seo\/ -->\n<title>Febre de adapta\u00e7\u00f5es de HQs leva multid\u00f5es aos cinemas - Jornalismo UFSJ<\/title>\n<meta name=\"robots\" content=\"index, follow, max-snippet:-1, max-image-preview:large, max-video-preview:-1\" \/>\n<link rel=\"canonical\" href=\"http:\/\/jornalismo.ufsj.edu.br\/site\/diz-ai\/febre-de-adaptacoes-de-hqs-leva-multidoes-aos-cinemas\/\" \/>\n<meta property=\"og:locale\" content=\"pt_BR\" \/>\n<meta property=\"og:type\" content=\"article\" \/>\n<meta property=\"og:title\" content=\"Febre de adapta\u00e7\u00f5es de HQs leva multid\u00f5es aos cinemas - Jornalismo UFSJ\" \/>\n<meta property=\"og:description\" content=\"\u00c9 ineg\u00e1vel que 2016 est\u00e1 sendo o ano das adapta\u00e7\u00f5es de HQs de super-her\u00f3is para a ind\u00fastria cinematogr\u00e1fica. Filmes como Batman Vs Superman, Capit\u00e3o Am\u00e9rica: Guerra Civil e X-Men Apocalipse carregaram uma multid\u00e3o de seguidores fan\u00e1ticos de todas as idades...\" \/>\n<meta property=\"og:url\" content=\"http:\/\/jornalismo.ufsj.edu.br\/site\/diz-ai\/febre-de-adaptacoes-de-hqs-leva-multidoes-aos-cinemas\/\" \/>\n<meta property=\"og:site_name\" content=\"Jornalismo UFSJ\" \/>\n<meta property=\"article:publisher\" content=\"https:\/\/www.facebook.com\/jornalismoufsj\/\" \/>\n<meta property=\"article:published_time\" content=\"2016-06-11T15:05:39+00:00\" \/>\n<meta name=\"twitter:card\" content=\"summary_large_image\" \/>\n<meta name=\"twitter:creator\" content=\"@jornalismoufsj\" \/>\n<meta name=\"twitter:site\" content=\"@jornalismoufsj\" \/>\n<meta name=\"twitter:label1\" content=\"Escrito por\" \/>\n\t<meta name=\"twitter:data1\" content=\"\" \/>\n\t<meta name=\"twitter:label2\" content=\"Est. tempo de leitura\" \/>\n\t<meta name=\"twitter:data2\" content=\"9 minutos\" \/>\n<script type=\"application\/ld+json\" class=\"yoast-schema-graph\">{\"@context\":\"https:\/\/schema.org\",\"@graph\":[{\"@type\":\"WebPage\",\"@id\":\"http:\/\/jornalismo.ufsj.edu.br\/site\/diz-ai\/febre-de-adaptacoes-de-hqs-leva-multidoes-aos-cinemas\/\",\"url\":\"http:\/\/jornalismo.ufsj.edu.br\/site\/diz-ai\/febre-de-adaptacoes-de-hqs-leva-multidoes-aos-cinemas\/\",\"name\":\"Febre de adapta\u00e7\u00f5es de HQs leva multid\u00f5es aos cinemas - Jornalismo UFSJ\",\"isPartOf\":{\"@id\":\"http:\/\/jornalismo.ufsj.edu.br\/site\/#website\"},\"datePublished\":\"2016-06-11T15:05:39+00:00\",\"dateModified\":\"2016-06-11T15:05:39+00:00\",\"author\":{\"@id\":\"\"},\"breadcrumb\":{\"@id\":\"http:\/\/jornalismo.ufsj.edu.br\/site\/diz-ai\/febre-de-adaptacoes-de-hqs-leva-multidoes-aos-cinemas\/#breadcrumb\"},\"inLanguage\":\"pt-BR\",\"potentialAction\":[{\"@type\":\"ReadAction\",\"target\":[\"http:\/\/jornalismo.ufsj.edu.br\/site\/diz-ai\/febre-de-adaptacoes-de-hqs-leva-multidoes-aos-cinemas\/\"]}]},{\"@type\":\"BreadcrumbList\",\"@id\":\"http:\/\/jornalismo.ufsj.edu.br\/site\/diz-ai\/febre-de-adaptacoes-de-hqs-leva-multidoes-aos-cinemas\/#breadcrumb\",\"itemListElement\":[{\"@type\":\"ListItem\",\"position\":1,\"name\":\"In\u00edcio\",\"item\":\"http:\/\/jornalismo.ufsj.edu.br\/site\/\"},{\"@type\":\"ListItem\",\"position\":2,\"name\":\"Febre de adapta\u00e7\u00f5es de HQs leva multid\u00f5es aos cinemas\"}]},{\"@type\":\"WebSite\",\"@id\":\"http:\/\/jornalismo.ufsj.edu.br\/site\/#website\",\"url\":\"http:\/\/jornalismo.ufsj.edu.br\/site\/\",\"name\":\"Jornalismo UFSJ\",\"description\":\"\",\"potentialAction\":[{\"@type\":\"SearchAction\",\"target\":{\"@type\":\"EntryPoint\",\"urlTemplate\":\"http:\/\/jornalismo.ufsj.edu.br\/site\/?s={search_term_string}\"},\"query-input\":\"required name=search_term_string\"}],\"inLanguage\":\"pt-BR\"},{\"@type\":\"Person\",\"@id\":\"\"}]}<\/script>\n<!-- \/ Yoast SEO plugin. -->","yoast_head_json":{"title":"Febre de adapta\u00e7\u00f5es de HQs leva multid\u00f5es aos cinemas - Jornalismo UFSJ","robots":{"index":"index","follow":"follow","max-snippet":"max-snippet:-1","max-image-preview":"max-image-preview:large","max-video-preview":"max-video-preview:-1"},"canonical":"http:\/\/jornalismo.ufsj.edu.br\/site\/diz-ai\/febre-de-adaptacoes-de-hqs-leva-multidoes-aos-cinemas\/","og_locale":"pt_BR","og_type":"article","og_title":"Febre de adapta\u00e7\u00f5es de HQs leva multid\u00f5es aos cinemas - Jornalismo UFSJ","og_description":"\u00c9 ineg\u00e1vel que 2016 est\u00e1 sendo o ano das adapta\u00e7\u00f5es de HQs de super-her\u00f3is para a ind\u00fastria cinematogr\u00e1fica. Filmes como Batman Vs Superman, Capit\u00e3o Am\u00e9rica: Guerra Civil e X-Men Apocalipse carregaram uma multid\u00e3o de seguidores fan\u00e1ticos de todas as idades...","og_url":"http:\/\/jornalismo.ufsj.edu.br\/site\/diz-ai\/febre-de-adaptacoes-de-hqs-leva-multidoes-aos-cinemas\/","og_site_name":"Jornalismo UFSJ","article_publisher":"https:\/\/www.facebook.com\/jornalismoufsj\/","article_published_time":"2016-06-11T15:05:39+00:00","twitter_card":"summary_large_image","twitter_creator":"@jornalismoufsj","twitter_site":"@jornalismoufsj","twitter_misc":{"Escrito por":"","Est. tempo de leitura":"9 minutos"},"schema":{"@context":"https:\/\/schema.org","@graph":[{"@type":"WebPage","@id":"http:\/\/jornalismo.ufsj.edu.br\/site\/diz-ai\/febre-de-adaptacoes-de-hqs-leva-multidoes-aos-cinemas\/","url":"http:\/\/jornalismo.ufsj.edu.br\/site\/diz-ai\/febre-de-adaptacoes-de-hqs-leva-multidoes-aos-cinemas\/","name":"Febre de adapta\u00e7\u00f5es de HQs leva multid\u00f5es aos cinemas - Jornalismo UFSJ","isPartOf":{"@id":"http:\/\/jornalismo.ufsj.edu.br\/site\/#website"},"datePublished":"2016-06-11T15:05:39+00:00","dateModified":"2016-06-11T15:05:39+00:00","author":{"@id":""},"breadcrumb":{"@id":"http:\/\/jornalismo.ufsj.edu.br\/site\/diz-ai\/febre-de-adaptacoes-de-hqs-leva-multidoes-aos-cinemas\/#breadcrumb"},"inLanguage":"pt-BR","potentialAction":[{"@type":"ReadAction","target":["http:\/\/jornalismo.ufsj.edu.br\/site\/diz-ai\/febre-de-adaptacoes-de-hqs-leva-multidoes-aos-cinemas\/"]}]},{"@type":"BreadcrumbList","@id":"http:\/\/jornalismo.ufsj.edu.br\/site\/diz-ai\/febre-de-adaptacoes-de-hqs-leva-multidoes-aos-cinemas\/#breadcrumb","itemListElement":[{"@type":"ListItem","position":1,"name":"In\u00edcio","item":"http:\/\/jornalismo.ufsj.edu.br\/site\/"},{"@type":"ListItem","position":2,"name":"Febre de adapta\u00e7\u00f5es de HQs leva multid\u00f5es aos cinemas"}]},{"@type":"WebSite","@id":"http:\/\/jornalismo.ufsj.edu.br\/site\/#website","url":"http:\/\/jornalismo.ufsj.edu.br\/site\/","name":"Jornalismo UFSJ","description":"","potentialAction":[{"@type":"SearchAction","target":{"@type":"EntryPoint","urlTemplate":"http:\/\/jornalismo.ufsj.edu.br\/site\/?s={search_term_string}"},"query-input":"required name=search_term_string"}],"inLanguage":"pt-BR"},{"@type":"Person","@id":""}]}},"jetpack_featured_media_url":"","_links":{"self":[{"href":"http:\/\/jornalismo.ufsj.edu.br\/site\/wp-json\/wp\/v2\/posts\/4233"}],"collection":[{"href":"http:\/\/jornalismo.ufsj.edu.br\/site\/wp-json\/wp\/v2\/posts"}],"about":[{"href":"http:\/\/jornalismo.ufsj.edu.br\/site\/wp-json\/wp\/v2\/types\/post"}],"author":[{"embeddable":true,"href":"http:\/\/jornalismo.ufsj.edu.br\/site\/wp-json\/wp\/v2\/users\/3"}],"replies":[{"embeddable":true,"href":"http:\/\/jornalismo.ufsj.edu.br\/site\/wp-json\/wp\/v2\/comments?post=4233"}],"version-history":[{"count":0,"href":"http:\/\/jornalismo.ufsj.edu.br\/site\/wp-json\/wp\/v2\/posts\/4233\/revisions"}],"wp:featuredmedia":[{"embeddable":true,"href":"http:\/\/jornalismo.ufsj.edu.br\/site\/wp-json\/"}],"wp:attachment":[{"href":"http:\/\/jornalismo.ufsj.edu.br\/site\/wp-json\/wp\/v2\/media?parent=4233"}],"wp:term":[{"taxonomy":"category","embeddable":true,"href":"http:\/\/jornalismo.ufsj.edu.br\/site\/wp-json\/wp\/v2\/categories?post=4233"},{"taxonomy":"post_tag","embeddable":true,"href":"http:\/\/jornalismo.ufsj.edu.br\/site\/wp-json\/wp\/v2\/tags?post=4233"}],"curies":[{"name":"wp","href":"https:\/\/api.w.org\/{rel}","templated":true}]}}