{"id":4021,"date":"2016-06-04T20:58:23","date_gmt":"2016-06-04T20:58:23","guid":{"rendered":"http:\/\/jornalismo.ufsj.edu.br\/?p=4021"},"modified":"2016-06-04T20:58:23","modified_gmt":"2016-06-04T20:58:23","slug":"conheca-nossos-futuros-mestres","status":"publish","type":"post","link":"http:\/\/jornalismo.ufsj.edu.br\/site\/ex-alunos\/conheca-nossos-futuros-mestres\/","title":{"rendered":"Conhe\u00e7a nossos futuros Mestres!"},"content":{"rendered":"<div id=\"attachment_4082\" style=\"width: 197px\" class=\"wp-caption alignleft\"><img aria-describedby=\"caption-attachment-4082\" loading=\"lazy\" class=\"alignnone  wp-image-4082\" src=\"http:\/\/jornalismo.ufsj.edu.br\/wp-content\/uploads\/2016\/06\/bruna.jpg\" alt=\"bruna\" width=\"187\" height=\"187\" \/><p id=\"caption-attachment-4082\" class=\"wp-caption-text\">Bruna de Faria (Arquivo Pessoal)<\/p><\/div>\n<div id=\"attachment_4083\" style=\"width: 144px\" class=\"wp-caption alignleft\"><img aria-describedby=\"caption-attachment-4083\" loading=\"lazy\" class=\"alignnone  wp-image-4083\" src=\"http:\/\/jornalismo.ufsj.edu.br\/wp-content\/uploads\/2016\/06\/joao.jpg\" alt=\"joao\" width=\"134\" height=\"161\" \/><p id=\"caption-attachment-4083\" class=\"wp-caption-text\">Jo\u00e3o Marcos El Yark (Arquivo Pessoal)<\/p><\/div>\n<p>O curso de Jornalismo\u00a0da UFSJ ainda n\u00e3o disp\u00f5e de forma\u00e7\u00e3o\u00a0em n\u00edvel de p\u00f3s-gradua\u00e7\u00e3o. Muitos dos alunos formados buscam, ent\u00e3o, esse complemento\u00a0em outras universidades, ou optam pelos cursos de Mestrado existentes na UFSJ, como o de <a href=\"http:\/\/www.ufsj.edu.br\/mestradoeducacao\/\" target=\"_blank\">Educa\u00e7\u00e3o<\/a>\u00a0e o de <a href=\"http:\/\/www.ufsj.edu.br\/mestletras\/\" target=\"_blank\">Letras<\/a>. Ambos apresentam afinidades com a \u00e1rea de Comunica\u00e7\u00e3o e todos os anos recebem candidaturas de jornalistas formados. Os estudantes t\u00eam obtido sucesso e inovado nas linhas de pesquisa, unindo a Educa\u00e7\u00e3o e a Comunica\u00e7\u00e3o, ou direcionando estudos de An\u00e1lise de Discurso a estudos espec\u00edficos sobre m\u00eddia.<\/p>\n<p>No \u00faltimo dia 31<span style=\"color:#99cc00;\">\u00a0<\/span>foi anunciado o resultado da sele\u00e7\u00e3o do Mestrado em Letras para ingresso no segundo semestre de 2016. Dentre os selecionados, est\u00e3o dois egressos do curso de Jornalismo: Bruna de Faria e Jo\u00e3o Marcos El Yark.<\/p>\n<p>O foco do mestrado \u00e9 Teoria Liter\u00e1ria e Cr\u00edtica da Cultura, mas guarda um amplo leque de op\u00e7\u00f5es de pesquisas interdisciplinares.S\u00e3o\u00a0duas as linhas de pesquisa: Literatura e Mem\u00f3ria Cultural, e Discurso e Representa\u00e7\u00e3o Social. Bruna e Jo\u00e3o Marcos foram aprovados na linha de Discurso e Representa\u00e7\u00e3o Social, mas com pesquisas\u00a0bastante diversas.<\/p>\n<p>Bruna escolheu um tema que a acompanhou durante todo o curso: &#8220;Pretendo focar minha pesquisa na \u00e1rea dos quadrinhos como forma de Jornalismo, pensando em uma linguagem ligada \u00e0 arte, subjetiva&#8221;. Bruna trabalhou com jornalismo em quadrinhos durante sua participa\u00e7\u00e3o na VAN &#8211; Vertentes Ag\u00eancias de Not\u00edcias (Programa de Extens\u00e3o do curso) e realizou seu <a href=\"https:\/\/drive.google.com\/file\/d\/0B4mequtDokK_Q1V6Y21PRXVNWFE\/view?pref=2&amp;pli=1\" target=\"_blank\">TCC<\/a>\u00a0tamb\u00e9m usando\u00a0quadrinhos.<\/p>\n<p>Recentemente, seu trabalho de conclus\u00e3o de curso foi selecionado\u00a0para participa\u00e7\u00e3o no 11\u00ba Congresso de Jornalismo\u00a0Investigativo, promovido pela Abraji (saiba mais <a href=\"https:\/\/jornalismoufsj.com.br\/2016\/04\/23\/aluna-do-curso-tem-tcc-selecionado-em-congresso-da-abraji\/\" target=\"_blank\">aqui<\/a>).\u00a0Bruna conta que tem muito interesse pela carreira acad\u00eamica, e que esse desejo se intensificou ap\u00f3s a sua inicia\u00e7\u00e3o cient\u00edfica. &#8220;Mas pretendo conciliar com a produ\u00e7\u00e3o de jornalismo em quadrinhos, que \u00e9 uma paix\u00e3o tamb\u00e9m.&#8221;, adiciona. Com tanto talento, n\u00e3o d\u00e1 mesmo para deixar essa paix\u00e3o de lado.<\/p>\n<p>J\u00e1 Jo\u00e3o Marcos escolheu o futebol. Ele foi aprovado com o projeto &#8220;A Atleticanidade pelo vi\u00e9s das emo\u00e7\u00f5es em discursos sobre o Clube Atl\u00e9tico Mineiro e sua torcida&#8221;. Embora ele preveja que algumas altera\u00e7\u00f5es ainda sejam feitas no projeto, sua inten\u00e7\u00e3o \u00e9 tra\u00e7ar um conceito de &#8220;atleticanidade, analisando\u00a0diferentes discursos de grupos de torcedores&#8221;. Para Jo\u00e3o, as emo\u00e7\u00f5es em comum que perpassam esses discursos simbolizariam a &#8220;atleticanidade&#8221;.<\/p>\n<p>A complementa\u00e7\u00e3o dos estudos em cursos Stricto Sensu n\u00e3o apenas permite a continuidade da forma\u00e7\u00e3o de profissionais aptos a darem aulas e manterem a qualidade dos cursos de n\u00edvel superior. As compet\u00eancias\u00a0adquiridas em cursos de Mestrado contribuem para a forma\u00e7\u00e3o de profissionais mais comprometidos com quest\u00f5es te\u00f3ricas, \u00e9ticas e pr\u00e1ticas, e com mudan\u00e7as de paradigmas, apontando para a\u00a0necess\u00e1ria evolu\u00e7\u00e3o da atividade profissional.<\/p>\n<p>A coordenadora do curso de Comunica\u00e7\u00e3o Social, Katia Lombardi, nos informou que j\u00e1 foi criada uma Comiss\u00e3o para elabora\u00e7\u00e3o do projeto de Mestrado em Comunica\u00e7\u00e3o na UFSJ. Mas ainda n\u00e3o h\u00e1 previs\u00e3o para implement\u00e1-lo, vez que s\u00e3o v\u00e1rios os tr\u00e2mites e inst\u00e2ncias das quais depende essa cria\u00e7\u00e3o. Mas j\u00e1 podemos sonhar com boas not\u00edcias!<\/p>\n<p>&nbsp;<\/p>\n<p style=\"text-align:right;\">Texto: Dani da Gama<\/p>\n","protected":false},"excerpt":{"rendered":"<p>O curso de Jornalismo\u00a0da UFSJ ainda n\u00e3o disp\u00f5e de forma\u00e7\u00e3o\u00a0em n\u00edvel de p\u00f3s-gradua\u00e7\u00e3o. Muitos dos alunos formados buscam, ent\u00e3o, esse complemento\u00a0em outras universidades, ou optam pelos cursos de Mestrado existentes na UFSJ, como o de Educa\u00e7\u00e3o\u00a0e o de Letras. Ambos&#8230;<\/p>\n","protected":false},"author":3,"featured_media":4159,"comment_status":"open","ping_status":"open","sticky":false,"template":"","format":"standard","meta":{"_monsterinsights_skip_tracking":false,"_monsterinsights_sitenote_active":false,"_monsterinsights_sitenote_note":"","_monsterinsights_sitenote_category":0},"categories":[28,51],"tags":[],"yoast_head":"<!-- This site is optimized with the Yoast SEO plugin v20.6 - https:\/\/yoast.com\/wordpress\/plugins\/seo\/ -->\n<title>Conhe\u00e7a nossos futuros Mestres! - Jornalismo UFSJ<\/title>\n<meta name=\"robots\" content=\"index, follow, max-snippet:-1, max-image-preview:large, max-video-preview:-1\" \/>\n<link rel=\"canonical\" href=\"http:\/\/jornalismo.ufsj.edu.br\/site\/ex-alunos\/conheca-nossos-futuros-mestres\/\" \/>\n<meta property=\"og:locale\" content=\"pt_BR\" \/>\n<meta property=\"og:type\" content=\"article\" \/>\n<meta property=\"og:title\" content=\"Conhe\u00e7a nossos futuros Mestres! - Jornalismo UFSJ\" \/>\n<meta property=\"og:description\" content=\"O curso de Jornalismo\u00a0da UFSJ ainda n\u00e3o disp\u00f5e de forma\u00e7\u00e3o\u00a0em n\u00edvel de p\u00f3s-gradua\u00e7\u00e3o. Muitos dos alunos formados buscam, ent\u00e3o, esse complemento\u00a0em outras universidades, ou optam pelos cursos de Mestrado existentes na UFSJ, como o de Educa\u00e7\u00e3o\u00a0e o de Letras. Ambos...\" \/>\n<meta property=\"og:url\" content=\"http:\/\/jornalismo.ufsj.edu.br\/site\/ex-alunos\/conheca-nossos-futuros-mestres\/\" \/>\n<meta property=\"og:site_name\" content=\"Jornalismo UFSJ\" \/>\n<meta property=\"article:publisher\" content=\"https:\/\/www.facebook.com\/jornalismoufsj\/\" \/>\n<meta property=\"article:published_time\" content=\"2016-06-04T20:58:23+00:00\" \/>\n<meta name=\"twitter:card\" content=\"summary_large_image\" \/>\n<meta name=\"twitter:creator\" content=\"@jornalismoufsj\" \/>\n<meta name=\"twitter:site\" content=\"@jornalismoufsj\" \/>\n<meta name=\"twitter:label1\" content=\"Escrito por\" \/>\n\t<meta name=\"twitter:data1\" content=\"\" \/>\n\t<meta name=\"twitter:label2\" content=\"Est. tempo de leitura\" \/>\n\t<meta name=\"twitter:data2\" content=\"3 minutos\" \/>\n<script type=\"application\/ld+json\" class=\"yoast-schema-graph\">{\"@context\":\"https:\/\/schema.org\",\"@graph\":[{\"@type\":\"WebPage\",\"@id\":\"http:\/\/jornalismo.ufsj.edu.br\/site\/ex-alunos\/conheca-nossos-futuros-mestres\/\",\"url\":\"http:\/\/jornalismo.ufsj.edu.br\/site\/ex-alunos\/conheca-nossos-futuros-mestres\/\",\"name\":\"Conhe\u00e7a nossos futuros Mestres! - Jornalismo UFSJ\",\"isPartOf\":{\"@id\":\"http:\/\/jornalismo.ufsj.edu.br\/site\/#website\"},\"datePublished\":\"2016-06-04T20:58:23+00:00\",\"dateModified\":\"2016-06-04T20:58:23+00:00\",\"author\":{\"@id\":\"\"},\"breadcrumb\":{\"@id\":\"http:\/\/jornalismo.ufsj.edu.br\/site\/ex-alunos\/conheca-nossos-futuros-mestres\/#breadcrumb\"},\"inLanguage\":\"pt-BR\",\"potentialAction\":[{\"@type\":\"ReadAction\",\"target\":[\"http:\/\/jornalismo.ufsj.edu.br\/site\/ex-alunos\/conheca-nossos-futuros-mestres\/\"]}]},{\"@type\":\"BreadcrumbList\",\"@id\":\"http:\/\/jornalismo.ufsj.edu.br\/site\/ex-alunos\/conheca-nossos-futuros-mestres\/#breadcrumb\",\"itemListElement\":[{\"@type\":\"ListItem\",\"position\":1,\"name\":\"In\u00edcio\",\"item\":\"http:\/\/jornalismo.ufsj.edu.br\/site\/\"},{\"@type\":\"ListItem\",\"position\":2,\"name\":\"Conhe\u00e7a nossos futuros Mestres!\"}]},{\"@type\":\"WebSite\",\"@id\":\"http:\/\/jornalismo.ufsj.edu.br\/site\/#website\",\"url\":\"http:\/\/jornalismo.ufsj.edu.br\/site\/\",\"name\":\"Jornalismo UFSJ\",\"description\":\"\",\"potentialAction\":[{\"@type\":\"SearchAction\",\"target\":{\"@type\":\"EntryPoint\",\"urlTemplate\":\"http:\/\/jornalismo.ufsj.edu.br\/site\/?s={search_term_string}\"},\"query-input\":\"required name=search_term_string\"}],\"inLanguage\":\"pt-BR\"},{\"@type\":\"Person\",\"@id\":\"\"}]}<\/script>\n<!-- \/ Yoast SEO plugin. -->","yoast_head_json":{"title":"Conhe\u00e7a nossos futuros Mestres! - Jornalismo UFSJ","robots":{"index":"index","follow":"follow","max-snippet":"max-snippet:-1","max-image-preview":"max-image-preview:large","max-video-preview":"max-video-preview:-1"},"canonical":"http:\/\/jornalismo.ufsj.edu.br\/site\/ex-alunos\/conheca-nossos-futuros-mestres\/","og_locale":"pt_BR","og_type":"article","og_title":"Conhe\u00e7a nossos futuros Mestres! - Jornalismo UFSJ","og_description":"O curso de Jornalismo\u00a0da UFSJ ainda n\u00e3o disp\u00f5e de forma\u00e7\u00e3o\u00a0em n\u00edvel de p\u00f3s-gradua\u00e7\u00e3o. Muitos dos alunos formados buscam, ent\u00e3o, esse complemento\u00a0em outras universidades, ou optam pelos cursos de Mestrado existentes na UFSJ, como o de Educa\u00e7\u00e3o\u00a0e o de Letras. Ambos...","og_url":"http:\/\/jornalismo.ufsj.edu.br\/site\/ex-alunos\/conheca-nossos-futuros-mestres\/","og_site_name":"Jornalismo UFSJ","article_publisher":"https:\/\/www.facebook.com\/jornalismoufsj\/","article_published_time":"2016-06-04T20:58:23+00:00","twitter_card":"summary_large_image","twitter_creator":"@jornalismoufsj","twitter_site":"@jornalismoufsj","twitter_misc":{"Escrito por":"","Est. tempo de leitura":"3 minutos"},"schema":{"@context":"https:\/\/schema.org","@graph":[{"@type":"WebPage","@id":"http:\/\/jornalismo.ufsj.edu.br\/site\/ex-alunos\/conheca-nossos-futuros-mestres\/","url":"http:\/\/jornalismo.ufsj.edu.br\/site\/ex-alunos\/conheca-nossos-futuros-mestres\/","name":"Conhe\u00e7a nossos futuros Mestres! - Jornalismo UFSJ","isPartOf":{"@id":"http:\/\/jornalismo.ufsj.edu.br\/site\/#website"},"datePublished":"2016-06-04T20:58:23+00:00","dateModified":"2016-06-04T20:58:23+00:00","author":{"@id":""},"breadcrumb":{"@id":"http:\/\/jornalismo.ufsj.edu.br\/site\/ex-alunos\/conheca-nossos-futuros-mestres\/#breadcrumb"},"inLanguage":"pt-BR","potentialAction":[{"@type":"ReadAction","target":["http:\/\/jornalismo.ufsj.edu.br\/site\/ex-alunos\/conheca-nossos-futuros-mestres\/"]}]},{"@type":"BreadcrumbList","@id":"http:\/\/jornalismo.ufsj.edu.br\/site\/ex-alunos\/conheca-nossos-futuros-mestres\/#breadcrumb","itemListElement":[{"@type":"ListItem","position":1,"name":"In\u00edcio","item":"http:\/\/jornalismo.ufsj.edu.br\/site\/"},{"@type":"ListItem","position":2,"name":"Conhe\u00e7a nossos futuros Mestres!"}]},{"@type":"WebSite","@id":"http:\/\/jornalismo.ufsj.edu.br\/site\/#website","url":"http:\/\/jornalismo.ufsj.edu.br\/site\/","name":"Jornalismo UFSJ","description":"","potentialAction":[{"@type":"SearchAction","target":{"@type":"EntryPoint","urlTemplate":"http:\/\/jornalismo.ufsj.edu.br\/site\/?s={search_term_string}"},"query-input":"required name=search_term_string"}],"inLanguage":"pt-BR"},{"@type":"Person","@id":""}]}},"jetpack_featured_media_url":"","_links":{"self":[{"href":"http:\/\/jornalismo.ufsj.edu.br\/site\/wp-json\/wp\/v2\/posts\/4021"}],"collection":[{"href":"http:\/\/jornalismo.ufsj.edu.br\/site\/wp-json\/wp\/v2\/posts"}],"about":[{"href":"http:\/\/jornalismo.ufsj.edu.br\/site\/wp-json\/wp\/v2\/types\/post"}],"author":[{"embeddable":true,"href":"http:\/\/jornalismo.ufsj.edu.br\/site\/wp-json\/wp\/v2\/users\/3"}],"replies":[{"embeddable":true,"href":"http:\/\/jornalismo.ufsj.edu.br\/site\/wp-json\/wp\/v2\/comments?post=4021"}],"version-history":[{"count":0,"href":"http:\/\/jornalismo.ufsj.edu.br\/site\/wp-json\/wp\/v2\/posts\/4021\/revisions"}],"wp:featuredmedia":[{"embeddable":true,"href":"http:\/\/jornalismo.ufsj.edu.br\/site\/wp-json\/"}],"wp:attachment":[{"href":"http:\/\/jornalismo.ufsj.edu.br\/site\/wp-json\/wp\/v2\/media?parent=4021"}],"wp:term":[{"taxonomy":"category","embeddable":true,"href":"http:\/\/jornalismo.ufsj.edu.br\/site\/wp-json\/wp\/v2\/categories?post=4021"},{"taxonomy":"post_tag","embeddable":true,"href":"http:\/\/jornalismo.ufsj.edu.br\/site\/wp-json\/wp\/v2\/tags?post=4021"}],"curies":[{"name":"wp","href":"https:\/\/api.w.org\/{rel}","templated":true}]}}