{"id":3961,"date":"2016-06-03T18:26:29","date_gmt":"2016-06-03T18:26:29","guid":{"rendered":"http:\/\/jornalismo.ufsj.edu.br\/?p=3961"},"modified":"2016-06-03T18:26:29","modified_gmt":"2016-06-03T18:26:29","slug":"conheca-os-ajustes-na-transicao-de-curriculos-com-o-novo-ppc","status":"publish","type":"post","link":"http:\/\/jornalismo.ufsj.edu.br\/site\/curriculo\/conheca-os-ajustes-na-transicao-de-curriculos-com-o-novo-ppc\/","title":{"rendered":"Conhe\u00e7a os ajustes na transi\u00e7\u00e3o de curr\u00edculos com o novo PPC"},"content":{"rendered":"<p><img loading=\"lazy\" class=\" size-full wp-image-3159 alignleft\" src=\"http:\/\/jornalismo.ufsj.edu.br\/wp-content\/uploads\/2016\/05\/arte-jornalismo.png\" alt=\"Arte Jornalismo\" width=\"180\" height=\"180\" \/><br \/>\nNo primeiro semestre de 2016, foi iniciado\u00a0processo de implanta\u00e7\u00e3o do novo curr\u00edculo do Curso de Comunica\u00e7\u00e3o Social \u2013 Jornalismo da UFSJ. Segundo a coordenadora do curso, Katia Lombardi, o novo Projeto Pedag\u00f3gico do Curso (PPC) teve pequenos ajustes para aprimorar o anterior, elaborado em 2007 e que vigora desde 2009, quando o curso foi criado.<\/p>\n<p>Os ajustes, segundo a coordena\u00e7\u00e3o, foram poucos e tiveram como objetivo aprimorar e dar mais qualidade ao curso. \u00c9 importante salientar que ser\u00e1 necess\u00e1rio\u00a01 ano e meio para fazer a transi\u00e7\u00e3o do Curr\u00edculo 2009-2011 para o Curr\u00edculo 2015, ou seja, os ajustes contemplam os dois semestres de 2016 e o primeiro semestre de 2017. Houve um cuidado para n\u00e3o prejudicar os alunos e n\u00e3o interferir no tempo de forma\u00e7\u00e3o dos graduandos, que permanece em 4 anos.<\/p>\n<p>Para verificar as altera\u00e7\u00f5es no PPC e o documento na \u00edntegra, acesse o <a href=\"https:\/\/onedrive.live.com\/redir?resid=B94757DD316B15A3!472&amp;authkey=!AD_JiNFJ8Frvn7M&amp;ithint=file%2cdoc\" target=\"_blank\">Comunicado<\/a>\u00a0completo elaborado pela Coordenadoria.<\/p>\n<div>\n<div><\/div>\n<div style=\"text-align:right;\">Texto: Dani da Gama<\/div>\n<\/div>\n","protected":false},"excerpt":{"rendered":"<p>No primeiro semestre de 2016, foi iniciado\u00a0processo de implanta\u00e7\u00e3o do novo curr\u00edculo do Curso de Comunica\u00e7\u00e3o Social \u2013 Jornalismo da UFSJ. Segundo a coordenadora do curso, Katia Lombardi, o novo Projeto Pedag\u00f3gico do Curso (PPC) teve pequenos ajustes para aprimorar&#8230;<\/p>\n","protected":false},"author":3,"featured_media":4013,"comment_status":"open","ping_status":"open","sticky":false,"template":"","format":"standard","meta":{"_monsterinsights_skip_tracking":false,"_monsterinsights_sitenote_active":false,"_monsterinsights_sitenote_note":"","_monsterinsights_sitenote_category":0},"categories":[19,66],"tags":[],"yoast_head":"<!-- This site is optimized with the Yoast SEO plugin v20.6 - https:\/\/yoast.com\/wordpress\/plugins\/seo\/ -->\n<title>Conhe\u00e7a os ajustes na transi\u00e7\u00e3o de curr\u00edculos com o novo PPC - Jornalismo UFSJ<\/title>\n<meta name=\"robots\" content=\"index, follow, max-snippet:-1, max-image-preview:large, max-video-preview:-1\" \/>\n<link rel=\"canonical\" href=\"http:\/\/jornalismo.ufsj.edu.br\/site\/curriculo\/conheca-os-ajustes-na-transicao-de-curriculos-com-o-novo-ppc\/\" \/>\n<meta property=\"og:locale\" content=\"pt_BR\" \/>\n<meta property=\"og:type\" content=\"article\" \/>\n<meta property=\"og:title\" content=\"Conhe\u00e7a os ajustes na transi\u00e7\u00e3o de curr\u00edculos com o novo PPC - Jornalismo UFSJ\" \/>\n<meta property=\"og:description\" content=\"No primeiro semestre de 2016, foi iniciado\u00a0processo de implanta\u00e7\u00e3o do novo curr\u00edculo do Curso de Comunica\u00e7\u00e3o Social \u2013 Jornalismo da UFSJ. Segundo a coordenadora do curso, Katia Lombardi, o novo Projeto Pedag\u00f3gico do Curso (PPC) teve pequenos ajustes para aprimorar...\" \/>\n<meta property=\"og:url\" content=\"http:\/\/jornalismo.ufsj.edu.br\/site\/curriculo\/conheca-os-ajustes-na-transicao-de-curriculos-com-o-novo-ppc\/\" \/>\n<meta property=\"og:site_name\" content=\"Jornalismo UFSJ\" \/>\n<meta property=\"article:publisher\" content=\"https:\/\/www.facebook.com\/jornalismoufsj\/\" \/>\n<meta property=\"article:published_time\" content=\"2016-06-03T18:26:29+00:00\" \/>\n<meta name=\"twitter:card\" content=\"summary_large_image\" \/>\n<meta name=\"twitter:creator\" content=\"@jornalismoufsj\" \/>\n<meta name=\"twitter:site\" content=\"@jornalismoufsj\" \/>\n<meta name=\"twitter:label1\" content=\"Escrito por\" \/>\n\t<meta name=\"twitter:data1\" content=\"\" \/>\n\t<meta name=\"twitter:label2\" content=\"Est. tempo de leitura\" \/>\n\t<meta name=\"twitter:data2\" content=\"1 minuto\" \/>\n<script type=\"application\/ld+json\" class=\"yoast-schema-graph\">{\"@context\":\"https:\/\/schema.org\",\"@graph\":[{\"@type\":\"WebPage\",\"@id\":\"http:\/\/jornalismo.ufsj.edu.br\/site\/curriculo\/conheca-os-ajustes-na-transicao-de-curriculos-com-o-novo-ppc\/\",\"url\":\"http:\/\/jornalismo.ufsj.edu.br\/site\/curriculo\/conheca-os-ajustes-na-transicao-de-curriculos-com-o-novo-ppc\/\",\"name\":\"Conhe\u00e7a os ajustes na transi\u00e7\u00e3o de curr\u00edculos com o novo PPC - Jornalismo UFSJ\",\"isPartOf\":{\"@id\":\"http:\/\/jornalismo.ufsj.edu.br\/site\/#website\"},\"datePublished\":\"2016-06-03T18:26:29+00:00\",\"dateModified\":\"2016-06-03T18:26:29+00:00\",\"author\":{\"@id\":\"\"},\"breadcrumb\":{\"@id\":\"http:\/\/jornalismo.ufsj.edu.br\/site\/curriculo\/conheca-os-ajustes-na-transicao-de-curriculos-com-o-novo-ppc\/#breadcrumb\"},\"inLanguage\":\"pt-BR\",\"potentialAction\":[{\"@type\":\"ReadAction\",\"target\":[\"http:\/\/jornalismo.ufsj.edu.br\/site\/curriculo\/conheca-os-ajustes-na-transicao-de-curriculos-com-o-novo-ppc\/\"]}]},{\"@type\":\"BreadcrumbList\",\"@id\":\"http:\/\/jornalismo.ufsj.edu.br\/site\/curriculo\/conheca-os-ajustes-na-transicao-de-curriculos-com-o-novo-ppc\/#breadcrumb\",\"itemListElement\":[{\"@type\":\"ListItem\",\"position\":1,\"name\":\"In\u00edcio\",\"item\":\"http:\/\/jornalismo.ufsj.edu.br\/site\/\"},{\"@type\":\"ListItem\",\"position\":2,\"name\":\"Conhe\u00e7a os ajustes na transi\u00e7\u00e3o de curr\u00edculos com o novo PPC\"}]},{\"@type\":\"WebSite\",\"@id\":\"http:\/\/jornalismo.ufsj.edu.br\/site\/#website\",\"url\":\"http:\/\/jornalismo.ufsj.edu.br\/site\/\",\"name\":\"Jornalismo UFSJ\",\"description\":\"\",\"potentialAction\":[{\"@type\":\"SearchAction\",\"target\":{\"@type\":\"EntryPoint\",\"urlTemplate\":\"http:\/\/jornalismo.ufsj.edu.br\/site\/?s={search_term_string}\"},\"query-input\":\"required name=search_term_string\"}],\"inLanguage\":\"pt-BR\"},{\"@type\":\"Person\",\"@id\":\"\"}]}<\/script>\n<!-- \/ Yoast SEO plugin. -->","yoast_head_json":{"title":"Conhe\u00e7a os ajustes na transi\u00e7\u00e3o de curr\u00edculos com o novo PPC - Jornalismo UFSJ","robots":{"index":"index","follow":"follow","max-snippet":"max-snippet:-1","max-image-preview":"max-image-preview:large","max-video-preview":"max-video-preview:-1"},"canonical":"http:\/\/jornalismo.ufsj.edu.br\/site\/curriculo\/conheca-os-ajustes-na-transicao-de-curriculos-com-o-novo-ppc\/","og_locale":"pt_BR","og_type":"article","og_title":"Conhe\u00e7a os ajustes na transi\u00e7\u00e3o de curr\u00edculos com o novo PPC - Jornalismo UFSJ","og_description":"No primeiro semestre de 2016, foi iniciado\u00a0processo de implanta\u00e7\u00e3o do novo curr\u00edculo do Curso de Comunica\u00e7\u00e3o Social \u2013 Jornalismo da UFSJ. Segundo a coordenadora do curso, Katia Lombardi, o novo Projeto Pedag\u00f3gico do Curso (PPC) teve pequenos ajustes para aprimorar...","og_url":"http:\/\/jornalismo.ufsj.edu.br\/site\/curriculo\/conheca-os-ajustes-na-transicao-de-curriculos-com-o-novo-ppc\/","og_site_name":"Jornalismo UFSJ","article_publisher":"https:\/\/www.facebook.com\/jornalismoufsj\/","article_published_time":"2016-06-03T18:26:29+00:00","twitter_card":"summary_large_image","twitter_creator":"@jornalismoufsj","twitter_site":"@jornalismoufsj","twitter_misc":{"Escrito por":"","Est. tempo de leitura":"1 minuto"},"schema":{"@context":"https:\/\/schema.org","@graph":[{"@type":"WebPage","@id":"http:\/\/jornalismo.ufsj.edu.br\/site\/curriculo\/conheca-os-ajustes-na-transicao-de-curriculos-com-o-novo-ppc\/","url":"http:\/\/jornalismo.ufsj.edu.br\/site\/curriculo\/conheca-os-ajustes-na-transicao-de-curriculos-com-o-novo-ppc\/","name":"Conhe\u00e7a os ajustes na transi\u00e7\u00e3o de curr\u00edculos com o novo PPC - Jornalismo UFSJ","isPartOf":{"@id":"http:\/\/jornalismo.ufsj.edu.br\/site\/#website"},"datePublished":"2016-06-03T18:26:29+00:00","dateModified":"2016-06-03T18:26:29+00:00","author":{"@id":""},"breadcrumb":{"@id":"http:\/\/jornalismo.ufsj.edu.br\/site\/curriculo\/conheca-os-ajustes-na-transicao-de-curriculos-com-o-novo-ppc\/#breadcrumb"},"inLanguage":"pt-BR","potentialAction":[{"@type":"ReadAction","target":["http:\/\/jornalismo.ufsj.edu.br\/site\/curriculo\/conheca-os-ajustes-na-transicao-de-curriculos-com-o-novo-ppc\/"]}]},{"@type":"BreadcrumbList","@id":"http:\/\/jornalismo.ufsj.edu.br\/site\/curriculo\/conheca-os-ajustes-na-transicao-de-curriculos-com-o-novo-ppc\/#breadcrumb","itemListElement":[{"@type":"ListItem","position":1,"name":"In\u00edcio","item":"http:\/\/jornalismo.ufsj.edu.br\/site\/"},{"@type":"ListItem","position":2,"name":"Conhe\u00e7a os ajustes na transi\u00e7\u00e3o de curr\u00edculos com o novo PPC"}]},{"@type":"WebSite","@id":"http:\/\/jornalismo.ufsj.edu.br\/site\/#website","url":"http:\/\/jornalismo.ufsj.edu.br\/site\/","name":"Jornalismo UFSJ","description":"","potentialAction":[{"@type":"SearchAction","target":{"@type":"EntryPoint","urlTemplate":"http:\/\/jornalismo.ufsj.edu.br\/site\/?s={search_term_string}"},"query-input":"required name=search_term_string"}],"inLanguage":"pt-BR"},{"@type":"Person","@id":""}]}},"jetpack_featured_media_url":"","_links":{"self":[{"href":"http:\/\/jornalismo.ufsj.edu.br\/site\/wp-json\/wp\/v2\/posts\/3961"}],"collection":[{"href":"http:\/\/jornalismo.ufsj.edu.br\/site\/wp-json\/wp\/v2\/posts"}],"about":[{"href":"http:\/\/jornalismo.ufsj.edu.br\/site\/wp-json\/wp\/v2\/types\/post"}],"author":[{"embeddable":true,"href":"http:\/\/jornalismo.ufsj.edu.br\/site\/wp-json\/wp\/v2\/users\/3"}],"replies":[{"embeddable":true,"href":"http:\/\/jornalismo.ufsj.edu.br\/site\/wp-json\/wp\/v2\/comments?post=3961"}],"version-history":[{"count":0,"href":"http:\/\/jornalismo.ufsj.edu.br\/site\/wp-json\/wp\/v2\/posts\/3961\/revisions"}],"wp:featuredmedia":[{"embeddable":true,"href":"http:\/\/jornalismo.ufsj.edu.br\/site\/wp-json\/"}],"wp:attachment":[{"href":"http:\/\/jornalismo.ufsj.edu.br\/site\/wp-json\/wp\/v2\/media?parent=3961"}],"wp:term":[{"taxonomy":"category","embeddable":true,"href":"http:\/\/jornalismo.ufsj.edu.br\/site\/wp-json\/wp\/v2\/categories?post=3961"},{"taxonomy":"post_tag","embeddable":true,"href":"http:\/\/jornalismo.ufsj.edu.br\/site\/wp-json\/wp\/v2\/tags?post=3961"}],"curies":[{"name":"wp","href":"https:\/\/api.w.org\/{rel}","templated":true}]}}