{"id":3933,"date":"2016-06-03T19:20:12","date_gmt":"2016-06-03T19:20:12","guid":{"rendered":"http:\/\/jornalismo.ufsj.edu.br\/?p=3933"},"modified":"2016-06-03T19:20:12","modified_gmt":"2016-06-03T19:20:12","slug":"olhares-folkin-around","status":"publish","type":"post","link":"http:\/\/jornalismo.ufsj.edu.br\/site\/fotografia\/olhares-folkin-around\/","title":{"rendered":"Olhares &#8211; Folkin&#8217; Around"},"content":{"rendered":"<p style=\"text-align:justify;\">Essa semana a galeria \u00e9 com as fotos do T\u00falio Moura, aluno do 7\u00b0 per\u00edodo. Ele escolheu algumas fotos que fez durante a disciplina de Linguagem Fotogr\u00e1fica e ainda contou um pouco de sua paix\u00e3o pelas bicicletas:<\/p>\n<div id=\"attachment_3998\" style=\"width: 270px\" class=\"wp-caption alignleft\"><img aria-describedby=\"caption-attachment-3998\" loading=\"lazy\" class=\"  wp-image-3998 alignleft\" src=\"http:\/\/jornalismo.ufsj.edu.br\/wp-content\/uploads\/2016\/06\/1012473_224190954400754_650435654_n.jpg?w=223\" alt=\"1012473_224190954400754_650435654_n.jpg\" width=\"260\" height=\"230\" \/><p id=\"caption-attachment-3998\" class=\"wp-caption-text\">T\u00falio Moura<\/p><\/div>\n<p style=\"text-align:justify;\">O meu gosto pela fotografia talvez tenha explica\u00e7\u00e3o semelhante a do fot\u00f3grafo <a href=\"http:\/\/www.robert-doisneau.com\/en\/portfolios\/\" target=\"_blank\">Robert Doisneau<\/a>, &#8220;fotografo para mostrar que o mundo em que gostaria de viver existe&#8221;. Procurar perspectivas despercebidas, momentos po\u00e9ticos disfar\u00e7ados de cotidiano, acasos que, em forma de imagem, valem ouro e completam o clich\u00ea: mais que mil palavras.<\/p>\n<p style=\"text-align:justify;\">As fotos da galeria foram feitas durante a disciplina de Linguagem Fotogr\u00e1fica. Foi uma oportunidade que encontrei de demonstrar meu apre\u00e7o pelas bicicletas e fotograf\u00e1-las de forma a mostrar o quanto elas valorizam o ambiente (como um todo) e o quanto s\u00e3o fotog\u00eanicas. Assim como a fotografia, as bicicletas carregam um ar de liberdade. Podem ser um simples meio de transporte que revela aspectos da vida de seus donos e dos locais por onde circulam.<\/p>\n<p style=\"text-align:justify;\">No ensaio, o que mais me agradou foi a quantidade de bons \u00e2ngulos e olhares permitidos pelo tema. Foi poss\u00edvel brincar com formas, cores, paisagens e at\u00e9 mesmo ouvir boas hist\u00f3rias que acompanhavam os donos orgulhosos dos objetos fotografados. Na minha opini\u00e3o as bicicletas adicionaram um charme em alguns cart\u00f5es postais da cidade, como a Ponte da Cadeia.<\/p>\n\n","protected":false},"excerpt":{"rendered":"<p>Essa semana a galeria \u00e9 com as fotos do T\u00falio Moura, aluno do 7\u00b0 per\u00edodo. Ele escolheu algumas fotos que fez durante a disciplina de Linguagem Fotogr\u00e1fica e ainda contou um pouco de sua paix\u00e3o pelas bicicletas: O meu gosto&#8230;<\/p>\n","protected":false},"author":3,"featured_media":3963,"comment_status":"open","ping_status":"open","sticky":false,"template":"","format":"standard","meta":{"_monsterinsights_skip_tracking":false,"_monsterinsights_sitenote_active":false,"_monsterinsights_sitenote_note":"","_monsterinsights_sitenote_category":0},"categories":[32,57],"tags":[79,81],"yoast_head":"<!-- This site is optimized with the Yoast SEO plugin v20.6 - https:\/\/yoast.com\/wordpress\/plugins\/seo\/ -->\n<title>Olhares - Folkin&#039; Around - Jornalismo UFSJ<\/title>\n<meta name=\"robots\" content=\"index, follow, max-snippet:-1, max-image-preview:large, max-video-preview:-1\" \/>\n<link rel=\"canonical\" href=\"https:\/\/jornalismo.ufsj.edu.br\/site\/fotografia\/olhares-folkin-around\/\" \/>\n<meta property=\"og:locale\" content=\"pt_BR\" \/>\n<meta property=\"og:type\" content=\"article\" \/>\n<meta property=\"og:title\" content=\"Olhares - Folkin&#039; Around - Jornalismo UFSJ\" \/>\n<meta property=\"og:description\" content=\"Essa semana a galeria \u00e9 com as fotos do T\u00falio Moura, aluno do 7\u00b0 per\u00edodo. Ele escolheu algumas fotos que fez durante a disciplina de Linguagem Fotogr\u00e1fica e ainda contou um pouco de sua paix\u00e3o pelas bicicletas: O meu gosto...\" \/>\n<meta property=\"og:url\" content=\"https:\/\/jornalismo.ufsj.edu.br\/site\/fotografia\/olhares-folkin-around\/\" \/>\n<meta property=\"og:site_name\" content=\"Jornalismo UFSJ\" \/>\n<meta property=\"article:publisher\" content=\"https:\/\/www.facebook.com\/jornalismoufsj\/\" \/>\n<meta property=\"article:published_time\" content=\"2016-06-03T19:20:12+00:00\" \/>\n<meta name=\"twitter:card\" content=\"summary_large_image\" \/>\n<meta name=\"twitter:creator\" content=\"@jornalismoufsj\" \/>\n<meta name=\"twitter:site\" content=\"@jornalismoufsj\" \/>\n<meta name=\"twitter:label1\" content=\"Escrito por\" \/>\n\t<meta name=\"twitter:data1\" content=\"\" \/>\n\t<meta name=\"twitter:label2\" content=\"Est. tempo de leitura\" \/>\n\t<meta name=\"twitter:data2\" content=\"1 minuto\" \/>\n<script type=\"application\/ld+json\" class=\"yoast-schema-graph\">{\"@context\":\"https:\/\/schema.org\",\"@graph\":[{\"@type\":\"WebPage\",\"@id\":\"https:\/\/jornalismo.ufsj.edu.br\/site\/fotografia\/olhares-folkin-around\/\",\"url\":\"https:\/\/jornalismo.ufsj.edu.br\/site\/fotografia\/olhares-folkin-around\/\",\"name\":\"Olhares - Folkin' Around - Jornalismo UFSJ\",\"isPartOf\":{\"@id\":\"http:\/\/jornalismo.ufsj.edu.br\/site\/#website\"},\"datePublished\":\"2016-06-03T19:20:12+00:00\",\"dateModified\":\"2016-06-03T19:20:12+00:00\",\"author\":{\"@id\":\"\"},\"breadcrumb\":{\"@id\":\"https:\/\/jornalismo.ufsj.edu.br\/site\/fotografia\/olhares-folkin-around\/#breadcrumb\"},\"inLanguage\":\"pt-BR\",\"potentialAction\":[{\"@type\":\"ReadAction\",\"target\":[\"https:\/\/jornalismo.ufsj.edu.br\/site\/fotografia\/olhares-folkin-around\/\"]}]},{\"@type\":\"BreadcrumbList\",\"@id\":\"https:\/\/jornalismo.ufsj.edu.br\/site\/fotografia\/olhares-folkin-around\/#breadcrumb\",\"itemListElement\":[{\"@type\":\"ListItem\",\"position\":1,\"name\":\"In\u00edcio\",\"item\":\"http:\/\/jornalismo.ufsj.edu.br\/site\/\"},{\"@type\":\"ListItem\",\"position\":2,\"name\":\"Olhares &#8211; Folkin&#8217; Around\"}]},{\"@type\":\"WebSite\",\"@id\":\"http:\/\/jornalismo.ufsj.edu.br\/site\/#website\",\"url\":\"http:\/\/jornalismo.ufsj.edu.br\/site\/\",\"name\":\"Jornalismo UFSJ\",\"description\":\"\",\"potentialAction\":[{\"@type\":\"SearchAction\",\"target\":{\"@type\":\"EntryPoint\",\"urlTemplate\":\"http:\/\/jornalismo.ufsj.edu.br\/site\/?s={search_term_string}\"},\"query-input\":\"required name=search_term_string\"}],\"inLanguage\":\"pt-BR\"},{\"@type\":\"Person\",\"@id\":\"\"}]}<\/script>\n<!-- \/ Yoast SEO plugin. -->","yoast_head_json":{"title":"Olhares - Folkin' Around - Jornalismo UFSJ","robots":{"index":"index","follow":"follow","max-snippet":"max-snippet:-1","max-image-preview":"max-image-preview:large","max-video-preview":"max-video-preview:-1"},"canonical":"https:\/\/jornalismo.ufsj.edu.br\/site\/fotografia\/olhares-folkin-around\/","og_locale":"pt_BR","og_type":"article","og_title":"Olhares - Folkin' Around - Jornalismo UFSJ","og_description":"Essa semana a galeria \u00e9 com as fotos do T\u00falio Moura, aluno do 7\u00b0 per\u00edodo. Ele escolheu algumas fotos que fez durante a disciplina de Linguagem Fotogr\u00e1fica e ainda contou um pouco de sua paix\u00e3o pelas bicicletas: O meu gosto...","og_url":"https:\/\/jornalismo.ufsj.edu.br\/site\/fotografia\/olhares-folkin-around\/","og_site_name":"Jornalismo UFSJ","article_publisher":"https:\/\/www.facebook.com\/jornalismoufsj\/","article_published_time":"2016-06-03T19:20:12+00:00","twitter_card":"summary_large_image","twitter_creator":"@jornalismoufsj","twitter_site":"@jornalismoufsj","twitter_misc":{"Escrito por":"","Est. tempo de leitura":"1 minuto"},"schema":{"@context":"https:\/\/schema.org","@graph":[{"@type":"WebPage","@id":"https:\/\/jornalismo.ufsj.edu.br\/site\/fotografia\/olhares-folkin-around\/","url":"https:\/\/jornalismo.ufsj.edu.br\/site\/fotografia\/olhares-folkin-around\/","name":"Olhares - Folkin' Around - Jornalismo UFSJ","isPartOf":{"@id":"http:\/\/jornalismo.ufsj.edu.br\/site\/#website"},"datePublished":"2016-06-03T19:20:12+00:00","dateModified":"2016-06-03T19:20:12+00:00","author":{"@id":""},"breadcrumb":{"@id":"https:\/\/jornalismo.ufsj.edu.br\/site\/fotografia\/olhares-folkin-around\/#breadcrumb"},"inLanguage":"pt-BR","potentialAction":[{"@type":"ReadAction","target":["https:\/\/jornalismo.ufsj.edu.br\/site\/fotografia\/olhares-folkin-around\/"]}]},{"@type":"BreadcrumbList","@id":"https:\/\/jornalismo.ufsj.edu.br\/site\/fotografia\/olhares-folkin-around\/#breadcrumb","itemListElement":[{"@type":"ListItem","position":1,"name":"In\u00edcio","item":"http:\/\/jornalismo.ufsj.edu.br\/site\/"},{"@type":"ListItem","position":2,"name":"Olhares &#8211; Folkin&#8217; Around"}]},{"@type":"WebSite","@id":"http:\/\/jornalismo.ufsj.edu.br\/site\/#website","url":"http:\/\/jornalismo.ufsj.edu.br\/site\/","name":"Jornalismo UFSJ","description":"","potentialAction":[{"@type":"SearchAction","target":{"@type":"EntryPoint","urlTemplate":"http:\/\/jornalismo.ufsj.edu.br\/site\/?s={search_term_string}"},"query-input":"required name=search_term_string"}],"inLanguage":"pt-BR"},{"@type":"Person","@id":""}]}},"jetpack_featured_media_url":"","_links":{"self":[{"href":"http:\/\/jornalismo.ufsj.edu.br\/site\/wp-json\/wp\/v2\/posts\/3933"}],"collection":[{"href":"http:\/\/jornalismo.ufsj.edu.br\/site\/wp-json\/wp\/v2\/posts"}],"about":[{"href":"http:\/\/jornalismo.ufsj.edu.br\/site\/wp-json\/wp\/v2\/types\/post"}],"author":[{"embeddable":true,"href":"http:\/\/jornalismo.ufsj.edu.br\/site\/wp-json\/wp\/v2\/users\/3"}],"replies":[{"embeddable":true,"href":"http:\/\/jornalismo.ufsj.edu.br\/site\/wp-json\/wp\/v2\/comments?post=3933"}],"version-history":[{"count":0,"href":"http:\/\/jornalismo.ufsj.edu.br\/site\/wp-json\/wp\/v2\/posts\/3933\/revisions"}],"wp:featuredmedia":[{"embeddable":true,"href":"http:\/\/jornalismo.ufsj.edu.br\/site\/wp-json\/"}],"wp:attachment":[{"href":"http:\/\/jornalismo.ufsj.edu.br\/site\/wp-json\/wp\/v2\/media?parent=3933"}],"wp:term":[{"taxonomy":"category","embeddable":true,"href":"http:\/\/jornalismo.ufsj.edu.br\/site\/wp-json\/wp\/v2\/categories?post=3933"},{"taxonomy":"post_tag","embeddable":true,"href":"http:\/\/jornalismo.ufsj.edu.br\/site\/wp-json\/wp\/v2\/tags?post=3933"}],"curies":[{"name":"wp","href":"https:\/\/api.w.org\/{rel}","templated":true}]}}