{"id":3913,"date":"2016-06-06T12:49:40","date_gmt":"2016-06-06T12:49:40","guid":{"rendered":"http:\/\/jornalismo.ufsj.edu.br\/?p=3913"},"modified":"2016-06-06T12:49:40","modified_gmt":"2016-06-06T12:49:40","slug":"por-onde-anda-raquel-lopes-conquistando-o-espirito-santo","status":"publish","type":"post","link":"http:\/\/jornalismo.ufsj.edu.br\/site\/ex-alunos\/por-onde-anda-raquel-lopes-conquistando-o-espirito-santo\/","title":{"rendered":"Por onde anda&#8230;.? &#8211; Raquel Lopes conquistando o Esp\u00edrito Santo"},"content":{"rendered":"<div id=\"attachment_3930\" style=\"width: 365px\" class=\"wp-caption alignleft\"><img aria-describedby=\"caption-attachment-3930\" loading=\"lazy\" class=\"  wp-image-3930 alignleft\" src=\"http:\/\/jornalismo.ufsj.edu.br\/wp-content\/uploads\/2016\/06\/raquel-lopes.jpg\" alt=\"Raquel Lopes\" width=\"355\" height=\"199\" \/><p id=\"caption-attachment-3930\" class=\"wp-caption-text\">Arquivo Pessoal<\/p><\/div>\n<p>Raquel Lopes formou-se em 2014 e apenas dois anos ap\u00f3s finalizar o curso ela foi contratada pela Rede Gazeta, o maior grupo de comunica\u00e7\u00e3o do Esp\u00edrito Santo. Ela sempre quis seguir a \u00e1rea impressa e online do jornalismo e conseguiu, mas ainda sonha em crescer na carreira e come\u00e7ar um mestrado para trabalhar na \u00e1rea acad\u00eamica.<\/p>\n<p>Durante a faculdade Raquel fez est\u00e1gio no jornal <em>Barroso em Dia <\/em>e ajudou na cria\u00e7\u00e3o do jornal de Dores de Campos, <em>Dores em Dia. <\/em>Ela tamb\u00e9m participou da produ\u00e7\u00e3o da 18\u00b0 Mostra de Cinema de Tiradentes e realizou Inicia\u00e7\u00e3o Cient\u00edfica na \u00e1rea de pol\u00edtica, trabalho que foi apresentado em diversos congressos, como Erecom, Politicom e Intercom.<\/p>\n<p>Raquel e dois amigos foram premiados pela regi\u00e3o Sudeste no 4\u00b0 Pr\u00eamio ESMPU (Escola Superior do Minist\u00e9rio P\u00fablico da Uni\u00e3o) de Jornalismo Universit\u00e1rio pela reportagem: &#8220;MPU garante transpar\u00eancia sobre gastos da FAUF&#8221;. A mat\u00e9ria foi publicada no site da VAN (Vertentes Ag\u00eancia de Not\u00edcias) e contou com a ajuda dos professores Alessandra de Falco e Ivan Vasconcelos.<\/p>\n<p><strong>Site Jornalismo: Como voc\u00ea foi escolhida para a vaga na Rede Gazeta?<br \/>\nRaquel Lopes:<\/strong> Uma das maiores portas de entrada para a grande m\u00eddia \u00e9 atrav\u00e9s dos cursos de resid\u00eancia, como o da <em>Abril, Folha de S. Paulo<\/em>, <em>Estad\u00e3o<\/em> e <em>Rede Gazeta<\/em>. Houve uma sele\u00e7\u00e3o atrav\u00e9s de reda\u00e7\u00e3o, prova objetiva e entrevista, onde foram escolhidos 15 participantes de todo o Brasil. Ficamos quase tr\u00eas meses convivendo com os profissionais e ajudando no trabalho da Rede Gazeta. Logo ap\u00f3s o curso, eu e mais um residente fomos chamados para trabalhar na empresa.<\/p>\n<p><strong>SJ: Qual a sua fun\u00e7\u00e3o?<br \/>\nRL<\/strong>: Atualmente sou correspondente da regi\u00e3o Noroeste do Esp\u00edrito Santo para a Rede Gazeta &#8211; ES. Sou respons\u00e1vel por gerar conte\u00fado de 24 cidades do Estado para os jornais impressos A Gazeta, Not\u00edcia Agora e para o site Gazeta Online. No entanto, por ser uma rede de comunica\u00e7\u00e3o, tamb\u00e9m tenho mat\u00e9rias publicadas no G1 e TV Gazeta e fa\u00e7o participa\u00e7\u00f5es na R\u00e1dio CBN.<\/p>\n<p><strong>SJ: O que o mercado de trabalho est\u00e1 cobrando dos jornalistas atualmente?<br \/>\nRL:<\/strong> O que eu mais escutei durante o curso de resid\u00eancia foi sobre o profissional multim\u00eddia. Nas empresas de comunica\u00e7\u00e3o, que est\u00e3o cada vez mais enxutas, o profissional precisa saber fazer um pouco de tudo: apurar, escrever, fotografar e mexer com v\u00eddeo. Na TV, por exemplo, o profissional \u00e0s vezes precisa ser produtor, rep\u00f3rter e ainda apresentar o jornal.<\/p>\n<p><strong>SJ: Voc\u00ea tem algum conselho para os estudantes que est\u00e3o come\u00e7ando o curso?<br \/>\nRL:<\/strong> Desde o primeiro per\u00edodo aproveitem todas as oportunidades que forem aparecendo, fa\u00e7am est\u00e1gio em mais de uma \u00e1rea e fa\u00e7am muitos contatos, pois futuramente eles podem te ajudar a entrar no mercado de trabalho.<\/p>\n<p><strong>SJ: E para os que est\u00e3o se formando?<br \/>\nRL:<\/strong> As vagas nos ve\u00edculos da imprensa tradicional est\u00e3o diminuindo, futuramente n\u00e3o ter\u00e1 muito emprego nessas \u00e1reas. No entanto, o conte\u00fado digital est\u00e1 ganhando muito espa\u00e7o. Acho que h\u00e1 muitas \u00e1reas para serem exploradas pelo jornalista, o Marketing Digital, por exemplo, est\u00e1 abrindo muitas portas. Caso n\u00e3o consiga nada de imediato, n\u00e3o se desespere, invente seu espa\u00e7o e corra atr\u00e1s do que deseja.<\/p>\n<p>Antes do fechamento desta mat\u00e9ria Raquel nos deu mais uma boa not\u00edcia: ela escreveu a mat\u00e9ria que foi manchete e tamb\u00e9m a mat\u00e9ria que foi foto de capa no jornal A Gazeta, de Vit\u00f3ria, no dia 4 de <a href=\"https:\/\/www.facebook.com\/photo.php?fbid=1073936699366483&amp;set=a.114816941945135.22552.100002504893785&amp;type=3&amp;theater\" target=\"_blank\">junho<\/a>. A gente ainda vai ouvir falar muito dessa menina!<\/p>\n<p style=\"text-align:right;\">Texto: Julia Benatti<br \/>\nEdi\u00e7\u00e3o: Dani da Gama<br \/>\nIlustra\u00e7\u00e3o: Cristiano Giovani<\/p>\n<p>&nbsp;<\/p>\n<p>&nbsp;<\/p>\n<p><strong>\u00a0<\/strong><\/p>\n<p>&nbsp;<\/p>\n","protected":false},"excerpt":{"rendered":"<p>Raquel Lopes formou-se em 2014 e apenas dois anos ap\u00f3s finalizar o curso ela foi contratada pela Rede Gazeta, o maior grupo de comunica\u00e7\u00e3o do Esp\u00edrito Santo. Ela sempre quis seguir a \u00e1rea impressa e online do jornalismo e conseguiu,&#8230;<\/p>\n","protected":false},"author":3,"featured_media":4017,"comment_status":"open","ping_status":"open","sticky":false,"template":"","format":"standard","meta":{"_monsterinsights_skip_tracking":false,"_monsterinsights_sitenote_active":false,"_monsterinsights_sitenote_note":"","_monsterinsights_sitenote_category":0},"categories":[28,63],"tags":[],"yoast_head":"<!-- This site is optimized with the Yoast SEO plugin v20.6 - https:\/\/yoast.com\/wordpress\/plugins\/seo\/ -->\n<title>Por onde anda....? - Raquel Lopes conquistando o Esp\u00edrito Santo - Jornalismo UFSJ<\/title>\n<meta name=\"robots\" content=\"index, follow, max-snippet:-1, max-image-preview:large, max-video-preview:-1\" \/>\n<link rel=\"canonical\" href=\"http:\/\/anu.ufsj.edu.br\/site\/ex-alunos\/por-onde-anda-raquel-lopes-conquistando-o-espirito-santo\/\" \/>\n<meta property=\"og:locale\" content=\"pt_BR\" \/>\n<meta property=\"og:type\" content=\"article\" \/>\n<meta property=\"og:title\" content=\"Por onde anda....? - Raquel Lopes conquistando o Esp\u00edrito Santo - Jornalismo UFSJ\" \/>\n<meta property=\"og:description\" content=\"Raquel Lopes formou-se em 2014 e apenas dois anos ap\u00f3s finalizar o curso ela foi contratada pela Rede Gazeta, o maior grupo de comunica\u00e7\u00e3o do Esp\u00edrito Santo. Ela sempre quis seguir a \u00e1rea impressa e online do jornalismo e conseguiu,...\" \/>\n<meta property=\"og:url\" content=\"http:\/\/anu.ufsj.edu.br\/site\/ex-alunos\/por-onde-anda-raquel-lopes-conquistando-o-espirito-santo\/\" \/>\n<meta property=\"og:site_name\" content=\"Jornalismo UFSJ\" \/>\n<meta property=\"article:publisher\" content=\"https:\/\/www.facebook.com\/jornalismoufsj\/\" \/>\n<meta property=\"article:published_time\" content=\"2016-06-06T12:49:40+00:00\" \/>\n<meta name=\"twitter:card\" content=\"summary_large_image\" \/>\n<meta name=\"twitter:creator\" content=\"@jornalismoufsj\" \/>\n<meta name=\"twitter:site\" content=\"@jornalismoufsj\" \/>\n<meta name=\"twitter:label1\" content=\"Escrito por\" \/>\n\t<meta name=\"twitter:data1\" content=\"\" \/>\n\t<meta name=\"twitter:label2\" content=\"Est. tempo de leitura\" \/>\n\t<meta name=\"twitter:data2\" content=\"3 minutos\" \/>\n<script type=\"application\/ld+json\" class=\"yoast-schema-graph\">{\"@context\":\"https:\/\/schema.org\",\"@graph\":[{\"@type\":\"WebPage\",\"@id\":\"http:\/\/anu.ufsj.edu.br\/site\/ex-alunos\/por-onde-anda-raquel-lopes-conquistando-o-espirito-santo\/\",\"url\":\"http:\/\/anu.ufsj.edu.br\/site\/ex-alunos\/por-onde-anda-raquel-lopes-conquistando-o-espirito-santo\/\",\"name\":\"Por onde anda....? - Raquel Lopes conquistando o Esp\u00edrito Santo - Jornalismo UFSJ\",\"isPartOf\":{\"@id\":\"http:\/\/jornalismo.ufsj.edu.br\/site\/#website\"},\"datePublished\":\"2016-06-06T12:49:40+00:00\",\"dateModified\":\"2016-06-06T12:49:40+00:00\",\"author\":{\"@id\":\"\"},\"breadcrumb\":{\"@id\":\"http:\/\/anu.ufsj.edu.br\/site\/ex-alunos\/por-onde-anda-raquel-lopes-conquistando-o-espirito-santo\/#breadcrumb\"},\"inLanguage\":\"pt-BR\",\"potentialAction\":[{\"@type\":\"ReadAction\",\"target\":[\"http:\/\/anu.ufsj.edu.br\/site\/ex-alunos\/por-onde-anda-raquel-lopes-conquistando-o-espirito-santo\/\"]}]},{\"@type\":\"BreadcrumbList\",\"@id\":\"http:\/\/anu.ufsj.edu.br\/site\/ex-alunos\/por-onde-anda-raquel-lopes-conquistando-o-espirito-santo\/#breadcrumb\",\"itemListElement\":[{\"@type\":\"ListItem\",\"position\":1,\"name\":\"In\u00edcio\",\"item\":\"http:\/\/jornalismo.ufsj.edu.br\/site\/\"},{\"@type\":\"ListItem\",\"position\":2,\"name\":\"Por onde anda&#8230;.? &#8211; Raquel Lopes conquistando o Esp\u00edrito Santo\"}]},{\"@type\":\"WebSite\",\"@id\":\"http:\/\/jornalismo.ufsj.edu.br\/site\/#website\",\"url\":\"http:\/\/jornalismo.ufsj.edu.br\/site\/\",\"name\":\"Jornalismo UFSJ\",\"description\":\"\",\"potentialAction\":[{\"@type\":\"SearchAction\",\"target\":{\"@type\":\"EntryPoint\",\"urlTemplate\":\"http:\/\/jornalismo.ufsj.edu.br\/site\/?s={search_term_string}\"},\"query-input\":\"required name=search_term_string\"}],\"inLanguage\":\"pt-BR\"},{\"@type\":\"Person\",\"@id\":\"\"}]}<\/script>\n<!-- \/ Yoast SEO plugin. -->","yoast_head_json":{"title":"Por onde anda....? - Raquel Lopes conquistando o Esp\u00edrito Santo - Jornalismo UFSJ","robots":{"index":"index","follow":"follow","max-snippet":"max-snippet:-1","max-image-preview":"max-image-preview:large","max-video-preview":"max-video-preview:-1"},"canonical":"http:\/\/anu.ufsj.edu.br\/site\/ex-alunos\/por-onde-anda-raquel-lopes-conquistando-o-espirito-santo\/","og_locale":"pt_BR","og_type":"article","og_title":"Por onde anda....? - Raquel Lopes conquistando o Esp\u00edrito Santo - Jornalismo UFSJ","og_description":"Raquel Lopes formou-se em 2014 e apenas dois anos ap\u00f3s finalizar o curso ela foi contratada pela Rede Gazeta, o maior grupo de comunica\u00e7\u00e3o do Esp\u00edrito Santo. Ela sempre quis seguir a \u00e1rea impressa e online do jornalismo e conseguiu,...","og_url":"http:\/\/anu.ufsj.edu.br\/site\/ex-alunos\/por-onde-anda-raquel-lopes-conquistando-o-espirito-santo\/","og_site_name":"Jornalismo UFSJ","article_publisher":"https:\/\/www.facebook.com\/jornalismoufsj\/","article_published_time":"2016-06-06T12:49:40+00:00","twitter_card":"summary_large_image","twitter_creator":"@jornalismoufsj","twitter_site":"@jornalismoufsj","twitter_misc":{"Escrito por":"","Est. tempo de leitura":"3 minutos"},"schema":{"@context":"https:\/\/schema.org","@graph":[{"@type":"WebPage","@id":"http:\/\/anu.ufsj.edu.br\/site\/ex-alunos\/por-onde-anda-raquel-lopes-conquistando-o-espirito-santo\/","url":"http:\/\/anu.ufsj.edu.br\/site\/ex-alunos\/por-onde-anda-raquel-lopes-conquistando-o-espirito-santo\/","name":"Por onde anda....? - Raquel Lopes conquistando o Esp\u00edrito Santo - Jornalismo UFSJ","isPartOf":{"@id":"http:\/\/jornalismo.ufsj.edu.br\/site\/#website"},"datePublished":"2016-06-06T12:49:40+00:00","dateModified":"2016-06-06T12:49:40+00:00","author":{"@id":""},"breadcrumb":{"@id":"http:\/\/anu.ufsj.edu.br\/site\/ex-alunos\/por-onde-anda-raquel-lopes-conquistando-o-espirito-santo\/#breadcrumb"},"inLanguage":"pt-BR","potentialAction":[{"@type":"ReadAction","target":["http:\/\/anu.ufsj.edu.br\/site\/ex-alunos\/por-onde-anda-raquel-lopes-conquistando-o-espirito-santo\/"]}]},{"@type":"BreadcrumbList","@id":"http:\/\/anu.ufsj.edu.br\/site\/ex-alunos\/por-onde-anda-raquel-lopes-conquistando-o-espirito-santo\/#breadcrumb","itemListElement":[{"@type":"ListItem","position":1,"name":"In\u00edcio","item":"http:\/\/jornalismo.ufsj.edu.br\/site\/"},{"@type":"ListItem","position":2,"name":"Por onde anda&#8230;.? &#8211; Raquel Lopes conquistando o Esp\u00edrito Santo"}]},{"@type":"WebSite","@id":"http:\/\/jornalismo.ufsj.edu.br\/site\/#website","url":"http:\/\/jornalismo.ufsj.edu.br\/site\/","name":"Jornalismo UFSJ","description":"","potentialAction":[{"@type":"SearchAction","target":{"@type":"EntryPoint","urlTemplate":"http:\/\/jornalismo.ufsj.edu.br\/site\/?s={search_term_string}"},"query-input":"required name=search_term_string"}],"inLanguage":"pt-BR"},{"@type":"Person","@id":""}]}},"jetpack_featured_media_url":"","_links":{"self":[{"href":"http:\/\/jornalismo.ufsj.edu.br\/site\/wp-json\/wp\/v2\/posts\/3913"}],"collection":[{"href":"http:\/\/jornalismo.ufsj.edu.br\/site\/wp-json\/wp\/v2\/posts"}],"about":[{"href":"http:\/\/jornalismo.ufsj.edu.br\/site\/wp-json\/wp\/v2\/types\/post"}],"author":[{"embeddable":true,"href":"http:\/\/jornalismo.ufsj.edu.br\/site\/wp-json\/wp\/v2\/users\/3"}],"replies":[{"embeddable":true,"href":"http:\/\/jornalismo.ufsj.edu.br\/site\/wp-json\/wp\/v2\/comments?post=3913"}],"version-history":[{"count":0,"href":"http:\/\/jornalismo.ufsj.edu.br\/site\/wp-json\/wp\/v2\/posts\/3913\/revisions"}],"wp:featuredmedia":[{"embeddable":true,"href":"http:\/\/jornalismo.ufsj.edu.br\/site\/wp-json\/"}],"wp:attachment":[{"href":"http:\/\/jornalismo.ufsj.edu.br\/site\/wp-json\/wp\/v2\/media?parent=3913"}],"wp:term":[{"taxonomy":"category","embeddable":true,"href":"http:\/\/jornalismo.ufsj.edu.br\/site\/wp-json\/wp\/v2\/categories?post=3913"},{"taxonomy":"post_tag","embeddable":true,"href":"http:\/\/jornalismo.ufsj.edu.br\/site\/wp-json\/wp\/v2\/tags?post=3913"}],"curies":[{"name":"wp","href":"https:\/\/api.w.org\/{rel}","templated":true}]}}