{"id":3831,"date":"2016-05-30T11:30:58","date_gmt":"2016-05-30T11:30:58","guid":{"rendered":"http:\/\/jornalismo.ufsj.edu.br\/?p=3831"},"modified":"2016-05-30T11:30:58","modified_gmt":"2016-05-30T11:30:58","slug":"olhares-juliana-galhardo","status":"publish","type":"post","link":"http:\/\/jornalismo.ufsj.edu.br\/site\/fotografia\/olhares-juliana-galhardo\/","title":{"rendered":"Olhares &#8211; Juliana Galhardo"},"content":{"rendered":"<p class=\"wpview-selection-before\" style=\"text-align:justify;\">Juliana Galhardo est\u00e1 no 3\u00b0 per\u00edodo e conversou um pouco sobre suas fotos selecionadas. Para ela, fotografar templos, \u00edcones e rituais \u00e9 sempre uma experi\u00eancia incr\u00edvel, ainda mais quando representam t\u00e3o bem a cultura nacional, t\u00e3o linda e peculiar, tantas vezes v\u00edtima de marginaliza\u00e7\u00e3o e preconceito. Confira o que a Juliana preparou:<\/p>\n<div id=\"attachment_3843\" style=\"width: 282px\" class=\"wp-caption alignleft\"><img aria-describedby=\"caption-attachment-3843\" loading=\"lazy\" class=\"  wp-image-3843 alignleft\" src=\"http:\/\/jornalismo.ufsj.edu.br\/wp-content\/uploads\/2016\/05\/13178057_561515977388663_7924713201421854248_n.jpg\" alt=\"13178057_561515977388663_7924713201421854248_n\" width=\"272\" height=\"272\" \/><p id=\"caption-attachment-3843\" class=\"wp-caption-text\">Juliana Galhardo<\/p><\/div>\n<p class=\"wpview-selection-before\" style=\"text-align:justify;\">Eu amo fotografia desde crian\u00e7a. Ganhei minha primeira c\u00e2mera, uma anal\u00f3gica, quando tinha uns 7 anos. Mas para mim fotografia\u00a0 sempre foi mais do que o ato de fotografar, \u00e9 o\u00a0 v\u00edcio de registrar as\u00a0 coisas que passam\u00a0 pelos\u00a0 meus\u00a0 olhos\u00a0 para\u00a0 que\u00a0 outros\u00a0 olhos\u00a0 possam\u00a0 ver\u00a0 essas\u00a0 coisas,\u00a0 e,\u00a0 muitas\u00a0 vezes,\u00a0 para\u00a0 mim\u00a0 mesma,\u00a0 para revisitar. Tem tudo a ver com o registro, o poder de materializar uma lembran\u00e7a.<\/p>\n<p>\u00c0s vezes eu tenho a impress\u00e3o de que a maioria das mem\u00f3rias v\u00e3o se perdendo no tempo, nessa coisa t\u00e3o corrida que \u00e9 a vida. Por isso optei por ver muitas coisas atrav\u00e9s da lente de uma c\u00e2mera, assim meus olhos podem ver, minha mente vai lembrar, mas a c\u00e2mera vai materializar. Eu estou ciente de que tudo que \u00e9 material tem uma vida \u00fatil e que, em tempo indeterminado, tamb\u00e9m vai se extinguir, mas, enquanto durar, vai passar pela vida de muitas pessoas e copiar minha lembran\u00e7a na mem\u00f3ria de cada uma delas.<\/p>\n<p>Tenho um acervo com todas as fotos que eu j\u00e1 tirei, desde as revela\u00e7\u00f5es das fotografias feitas com c\u00e2meras anal\u00f3gicas, \u00e0s milhares de fotografias digitais. Conforme meu equipamento fotogr\u00e1fico foi evoluindo eu percebi qual seria meu grande desafio: dominar o equipamento, as possibilidades s\u00e3o quase infinitas e o equipamento \u00e9 cada vez mais sofisticado e delicado. Luzes fora do comum me fascinam, como a luz azul presente em alguns espa\u00e7os\u00a0 do\u00a0 terreiro\u00a0 de\u00a0 umbanda.\u00a0 Essas\u00a0 luzes\u00a0 n\u00e3o\u00a0 podem\u00a0 simplesmente\u00a0 ser\u00a0 ignoradas\u00a0 ou\u00a0 removidas\u00a0 da fotografia, elas tamb\u00e9m comp\u00f5em o ambiente. Outras fotografias cabem melhor no preto e branco. O fato \u00e9 que, para atender a todas as demandas da fotografia pretendida, n\u00e3o se pode estranhar o equipamento, o que exige estudo e pr\u00e1tica.<\/p>\n<p>Fotografar templos, \u00edcones e rituais \u00e9 sempre uma experi\u00eancia incr\u00edvel, ainda mais quando representam t\u00e3o bem a cultura nacional, t\u00e3o linda e peculiar, tantas vezes v\u00edtima de marginaliza\u00e7\u00e3o e preconceito.<\/p>\n\n","protected":false},"excerpt":{"rendered":"<p>Juliana Galhardo est\u00e1 no 3\u00b0 per\u00edodo e conversou um pouco sobre suas fotos selecionadas. Para ela, fotografar templos, \u00edcones e rituais \u00e9 sempre uma experi\u00eancia incr\u00edvel, ainda mais quando representam t\u00e3o bem a cultura nacional, t\u00e3o linda e peculiar, tantas&#8230;<\/p>\n","protected":false},"author":3,"featured_media":3830,"comment_status":"open","ping_status":"open","sticky":false,"template":"","format":"standard","meta":{"_monsterinsights_skip_tracking":false,"_monsterinsights_sitenote_active":false,"_monsterinsights_sitenote_note":"","_monsterinsights_sitenote_category":0},"categories":[32,57,70],"tags":[81],"yoast_head":"<!-- This site is optimized with the Yoast SEO plugin v20.6 - https:\/\/yoast.com\/wordpress\/plugins\/seo\/ -->\n<title>Olhares - Juliana Galhardo - Jornalismo UFSJ<\/title>\n<meta name=\"robots\" content=\"index, follow, max-snippet:-1, max-image-preview:large, max-video-preview:-1\" \/>\n<link rel=\"canonical\" href=\"http:\/\/jornalismo.ufsj.edu.br\/site\/fotografia\/olhares-juliana-galhardo\/\" \/>\n<meta property=\"og:locale\" content=\"pt_BR\" \/>\n<meta property=\"og:type\" content=\"article\" \/>\n<meta property=\"og:title\" content=\"Olhares - Juliana Galhardo - Jornalismo UFSJ\" \/>\n<meta property=\"og:description\" content=\"Juliana Galhardo est\u00e1 no 3\u00b0 per\u00edodo e conversou um pouco sobre suas fotos selecionadas. Para ela, fotografar templos, \u00edcones e rituais \u00e9 sempre uma experi\u00eancia incr\u00edvel, ainda mais quando representam t\u00e3o bem a cultura nacional, t\u00e3o linda e peculiar, tantas...\" \/>\n<meta property=\"og:url\" content=\"http:\/\/jornalismo.ufsj.edu.br\/site\/fotografia\/olhares-juliana-galhardo\/\" \/>\n<meta property=\"og:site_name\" content=\"Jornalismo UFSJ\" \/>\n<meta property=\"article:publisher\" content=\"https:\/\/www.facebook.com\/jornalismoufsj\/\" \/>\n<meta property=\"article:published_time\" content=\"2016-05-30T11:30:58+00:00\" \/>\n<meta name=\"twitter:card\" content=\"summary_large_image\" \/>\n<meta name=\"twitter:creator\" content=\"@jornalismoufsj\" \/>\n<meta name=\"twitter:site\" content=\"@jornalismoufsj\" \/>\n<meta name=\"twitter:label1\" content=\"Escrito por\" \/>\n\t<meta name=\"twitter:data1\" content=\"\" \/>\n\t<meta name=\"twitter:label2\" content=\"Est. tempo de leitura\" \/>\n\t<meta name=\"twitter:data2\" content=\"2 minutos\" \/>\n<script type=\"application\/ld+json\" class=\"yoast-schema-graph\">{\"@context\":\"https:\/\/schema.org\",\"@graph\":[{\"@type\":\"WebPage\",\"@id\":\"http:\/\/jornalismo.ufsj.edu.br\/site\/fotografia\/olhares-juliana-galhardo\/\",\"url\":\"http:\/\/jornalismo.ufsj.edu.br\/site\/fotografia\/olhares-juliana-galhardo\/\",\"name\":\"Olhares - Juliana Galhardo - Jornalismo UFSJ\",\"isPartOf\":{\"@id\":\"http:\/\/jornalismo.ufsj.edu.br\/site\/#website\"},\"datePublished\":\"2016-05-30T11:30:58+00:00\",\"dateModified\":\"2016-05-30T11:30:58+00:00\",\"author\":{\"@id\":\"\"},\"breadcrumb\":{\"@id\":\"http:\/\/jornalismo.ufsj.edu.br\/site\/fotografia\/olhares-juliana-galhardo\/#breadcrumb\"},\"inLanguage\":\"pt-BR\",\"potentialAction\":[{\"@type\":\"ReadAction\",\"target\":[\"http:\/\/jornalismo.ufsj.edu.br\/site\/fotografia\/olhares-juliana-galhardo\/\"]}]},{\"@type\":\"BreadcrumbList\",\"@id\":\"http:\/\/jornalismo.ufsj.edu.br\/site\/fotografia\/olhares-juliana-galhardo\/#breadcrumb\",\"itemListElement\":[{\"@type\":\"ListItem\",\"position\":1,\"name\":\"In\u00edcio\",\"item\":\"http:\/\/jornalismo.ufsj.edu.br\/site\/\"},{\"@type\":\"ListItem\",\"position\":2,\"name\":\"Olhares &#8211; Juliana Galhardo\"}]},{\"@type\":\"WebSite\",\"@id\":\"http:\/\/jornalismo.ufsj.edu.br\/site\/#website\",\"url\":\"http:\/\/jornalismo.ufsj.edu.br\/site\/\",\"name\":\"Jornalismo UFSJ\",\"description\":\"\",\"potentialAction\":[{\"@type\":\"SearchAction\",\"target\":{\"@type\":\"EntryPoint\",\"urlTemplate\":\"http:\/\/jornalismo.ufsj.edu.br\/site\/?s={search_term_string}\"},\"query-input\":\"required name=search_term_string\"}],\"inLanguage\":\"pt-BR\"},{\"@type\":\"Person\",\"@id\":\"\"}]}<\/script>\n<!-- \/ Yoast SEO plugin. -->","yoast_head_json":{"title":"Olhares - Juliana Galhardo - Jornalismo UFSJ","robots":{"index":"index","follow":"follow","max-snippet":"max-snippet:-1","max-image-preview":"max-image-preview:large","max-video-preview":"max-video-preview:-1"},"canonical":"http:\/\/jornalismo.ufsj.edu.br\/site\/fotografia\/olhares-juliana-galhardo\/","og_locale":"pt_BR","og_type":"article","og_title":"Olhares - Juliana Galhardo - Jornalismo UFSJ","og_description":"Juliana Galhardo est\u00e1 no 3\u00b0 per\u00edodo e conversou um pouco sobre suas fotos selecionadas. Para ela, fotografar templos, \u00edcones e rituais \u00e9 sempre uma experi\u00eancia incr\u00edvel, ainda mais quando representam t\u00e3o bem a cultura nacional, t\u00e3o linda e peculiar, tantas...","og_url":"http:\/\/jornalismo.ufsj.edu.br\/site\/fotografia\/olhares-juliana-galhardo\/","og_site_name":"Jornalismo UFSJ","article_publisher":"https:\/\/www.facebook.com\/jornalismoufsj\/","article_published_time":"2016-05-30T11:30:58+00:00","twitter_card":"summary_large_image","twitter_creator":"@jornalismoufsj","twitter_site":"@jornalismoufsj","twitter_misc":{"Escrito por":"","Est. tempo de leitura":"2 minutos"},"schema":{"@context":"https:\/\/schema.org","@graph":[{"@type":"WebPage","@id":"http:\/\/jornalismo.ufsj.edu.br\/site\/fotografia\/olhares-juliana-galhardo\/","url":"http:\/\/jornalismo.ufsj.edu.br\/site\/fotografia\/olhares-juliana-galhardo\/","name":"Olhares - Juliana Galhardo - Jornalismo UFSJ","isPartOf":{"@id":"http:\/\/jornalismo.ufsj.edu.br\/site\/#website"},"datePublished":"2016-05-30T11:30:58+00:00","dateModified":"2016-05-30T11:30:58+00:00","author":{"@id":""},"breadcrumb":{"@id":"http:\/\/jornalismo.ufsj.edu.br\/site\/fotografia\/olhares-juliana-galhardo\/#breadcrumb"},"inLanguage":"pt-BR","potentialAction":[{"@type":"ReadAction","target":["http:\/\/jornalismo.ufsj.edu.br\/site\/fotografia\/olhares-juliana-galhardo\/"]}]},{"@type":"BreadcrumbList","@id":"http:\/\/jornalismo.ufsj.edu.br\/site\/fotografia\/olhares-juliana-galhardo\/#breadcrumb","itemListElement":[{"@type":"ListItem","position":1,"name":"In\u00edcio","item":"http:\/\/jornalismo.ufsj.edu.br\/site\/"},{"@type":"ListItem","position":2,"name":"Olhares &#8211; Juliana Galhardo"}]},{"@type":"WebSite","@id":"http:\/\/jornalismo.ufsj.edu.br\/site\/#website","url":"http:\/\/jornalismo.ufsj.edu.br\/site\/","name":"Jornalismo UFSJ","description":"","potentialAction":[{"@type":"SearchAction","target":{"@type":"EntryPoint","urlTemplate":"http:\/\/jornalismo.ufsj.edu.br\/site\/?s={search_term_string}"},"query-input":"required name=search_term_string"}],"inLanguage":"pt-BR"},{"@type":"Person","@id":""}]}},"jetpack_featured_media_url":"","_links":{"self":[{"href":"http:\/\/jornalismo.ufsj.edu.br\/site\/wp-json\/wp\/v2\/posts\/3831"}],"collection":[{"href":"http:\/\/jornalismo.ufsj.edu.br\/site\/wp-json\/wp\/v2\/posts"}],"about":[{"href":"http:\/\/jornalismo.ufsj.edu.br\/site\/wp-json\/wp\/v2\/types\/post"}],"author":[{"embeddable":true,"href":"http:\/\/jornalismo.ufsj.edu.br\/site\/wp-json\/wp\/v2\/users\/3"}],"replies":[{"embeddable":true,"href":"http:\/\/jornalismo.ufsj.edu.br\/site\/wp-json\/wp\/v2\/comments?post=3831"}],"version-history":[{"count":0,"href":"http:\/\/jornalismo.ufsj.edu.br\/site\/wp-json\/wp\/v2\/posts\/3831\/revisions"}],"wp:featuredmedia":[{"embeddable":true,"href":"http:\/\/jornalismo.ufsj.edu.br\/site\/wp-json\/"}],"wp:attachment":[{"href":"http:\/\/jornalismo.ufsj.edu.br\/site\/wp-json\/wp\/v2\/media?parent=3831"}],"wp:term":[{"taxonomy":"category","embeddable":true,"href":"http:\/\/jornalismo.ufsj.edu.br\/site\/wp-json\/wp\/v2\/categories?post=3831"},{"taxonomy":"post_tag","embeddable":true,"href":"http:\/\/jornalismo.ufsj.edu.br\/site\/wp-json\/wp\/v2\/tags?post=3831"}],"curies":[{"name":"wp","href":"https:\/\/api.w.org\/{rel}","templated":true}]}}