{"id":3818,"date":"2016-05-31T20:41:26","date_gmt":"2016-05-31T20:41:26","guid":{"rendered":"http:\/\/jornalismo.ufsj.edu.br\/?p=3818"},"modified":"2016-05-31T20:41:26","modified_gmt":"2016-05-31T20:41:26","slug":"um-poeta-no-forno","status":"publish","type":"post","link":"http:\/\/jornalismo.ufsj.edu.br\/site\/alunos\/um-poeta-no-forno\/","title":{"rendered":"Um poeta no forno"},"content":{"rendered":"<p>&nbsp;<\/p>\n<div id=\"attachment_3662\" style=\"width: 265px\" class=\"wp-caption alignleft\"><img aria-describedby=\"caption-attachment-3662\" loading=\"lazy\" class=\"  wp-image-3662 alignleft\" src=\"http:\/\/jornalismo.ufsj.edu.br\/wp-content\/uploads\/2016\/05\/pedro-lago-mesa-quarta.jpg?w=680\" alt=\"Pedro Lago - Mesa quarta\" width=\"255\" height=\"170\" \/><p id=\"caption-attachment-3662\" class=\"wp-caption-text\">Pedro durante a palestra &#8220;Jornalismo que faz Arte&#8221;<\/p><\/div>\n<p>Durante a Semana Acad\u00eamica a mesa-redonda &#8220;Jornalismo que faz arte&#8221; fez lembrar de quantos artistas n\u00f3s temos espalhados pelas nossas turmas. Desenhistas, poetas, m\u00fasicos, atores e documentaristas, s\u00f3 para citar alguns, que imprimem nos seus trabalhos as suas marcas pessoais, deixando mat\u00e9rias mais sens\u00edveis, artes mais criativas, e as aulas ainda mais ricas.<\/p>\n<p>Pedro Lago \u00e9 um dos nossos artistas mais populares. Estudante do primeiro per\u00edodo, Pedro deixou sua cidade natal, Belo Horizonte, em busca de autoconhecimento. Hoje, em S\u00e3o Jo\u00e3o del-Rei, Pedro \u00e9 palha\u00e7o, gestor cultural, especialista em planejamento e gest\u00e3o e massoterapeuta.<\/p>\n<p>Antes de tudo isso, Pedro foi banc\u00e1rio. Trabalhou na Caixa Econ\u00f4mica Federal. &#8220;Eram s\u00f3 seis horas mas gerava grande desconforto para o resto do dia&#8221;, conta. Ent\u00e3o decidiu largar o banco e seguir um caminho bem diferente: o da arte. &#8220;Eu tive um despertar psiqui\u00e1trico e um surto espiritual&#8221;, explica Pedro.<\/p>\n<p>O surto trouxe resultados bem produtivos. Juntando sua experi\u00eancia com gest\u00e3o\u00a0com sua paix\u00e3o pela arte, Pedro se embrenhou com projetos de gest\u00e3o cultural, e desenvolveu o\u00a0<a href=\"https:\/\/www.facebook.com\/forno.harmonico?fref=ts\" target=\"_blank\">Forno Harm\u00f4nico<\/a>. Criado em 2012, o forno \u00e9 uma incubadora que fornece a metodologia para gest\u00e3o e planejamento de diversos projetos, na \u00e1rea cultural.<\/p>\n<p>Pedro explica que o nome veio da met\u00e1fora, muito usada por artistas: &#8220;meu trabalho est\u00e1 no forno&#8221;. Mas al\u00e9m disso o nome surge da banda da qual ele participava, ainda em BH, chamada &#8220;P\u00e3o de Queijo on the Road&#8221;. Ele brinca dizendo &#8220;Eu vim pra S\u00e3o Jo\u00e3o del-Rei, a P\u00e3o de Queijo ficou mas eu trouxe o Forno&#8221;.<\/p>\n<p>A ideia inicial era fazer do Forno um coletivo mas, ap\u00f3s dois anos, Pedro percebeu que deveria ser um projeto pessoal. A incubadora \u00e9 uma central de apoio ao profissional criativo em S\u00e3o Jo\u00e3o del-Rei e regi\u00e3o e trabalha com diversos setores como m\u00fasica, teatro, arte de rua, artesanato entre outros. Al\u00e9m disso, ela busca atuar nas quatro dimens\u00f5es que um projeto deve permear: cultural, ambiental, social e financeira.<\/p>\n<p>A fim de desenvolver mais o Forno Harm\u00f4nico, em outubro de 2015, Pedro Lago fez o curso de TEvEP, pela escola HomoSapiens, uma ferramenta de gest\u00e3o do tempo, eventos, espa\u00e7os e pessoas que possui um m\u00e9todo simples e l\u00fadico para planejar e executar. Ele diz que seu foco \u00e9 diminuir o desconforto no setor criativo e fazer com que o artista seja menos explorado. &#8220;A gente precisa saber lidar com essa precariedade, enquanto artista brasileiro, mas n\u00e3o precisamos colaborar com ela&#8221;, afirma.<\/p>\n<p>A ideia de Pedro \u00e9 expandir o trabalho do Forno na dimens\u00e3o social dando oficinas de planejamento e gest\u00e3o em associa\u00e7\u00f5es que beneficiam a sociedade, a fim de dar-lhes mais visibilidade. Atualmente o Forno d\u00e1 apoio apenas aos grupos que o procuram. Um trabalho importante e conhecido do Forno \u00e9 a promo\u00e7\u00e3o da ocupa\u00e7\u00e3o criativa dos espa\u00e7os, como por exemplo, o <a href=\"https:\/\/www.facebook.com\/cinenomuro\/?fref=ts\" target=\"_blank\">Cine no Muro<\/a>\u00a0e a ocupa\u00e7\u00e3o do <a href=\"https:\/\/www.facebook.com\/groups\/1646209282288036\/?fref=ts\" target=\"_blank\">Coreto<\/a>\u00a0da Avenida Tiradentes.<\/p>\n<p>Pedro tamb\u00e9m trabalha como massoterapeuta, formado pelo SENAC, na <a href=\"https:\/\/www.facebook.com\/amassorei\/?fref=ts\" target=\"_blank\">Amasso-Rei<\/a>, uma associa\u00e7\u00e3o de massoterapeutas e terapeutas alternativos de S\u00e3o Jo\u00e3o del-Rei, formada por oito profissionais que atendem no mesmo espa\u00e7o. Ela conta com dan\u00e7a do ventre, com o objetivo de emponderamento da mulher, medita\u00e7\u00e3o, yoga, fitoterapia, arteterapia entre outros. &#8220;Eu encontrei um prop\u00f3sito na massoterapia, que \u00e9 uma forma muito bonita de altru\u00edsmo, de se estar bem disposto a tocar o outro e ajudar. \u00c9 algo muito sagrado e bonito e pra mim foi um encontro&#8221;, afirma Pedro.<\/p>\n<p>Outro projeto idealizado por ele\u00a0\u00e9 a Acerola Aceleradora, surgida em 2015. Ela age como uma aceleradora de empreendimentos e projetos culturais. A interface do projeto \u00e9 voltada para a quest\u00e3o financeira, buscando incentivos, fundos, financiamento coletivo entre outras formas de capta\u00e7\u00e3o de recursos para os projetos incubados pelo Forno.<\/p>\n<p>E o Jornalismo? Pedro diz que n\u00e3o pretende ser jornalista mas que buscou o curso para aprender a se comunicar melhor. \u201cQuero aprender mais linguagens, canais e estrat\u00e9gias para comunicar melhor as minhas ideias e projetos. E assim ajudar S\u00e3o Jo\u00e3o del-Rei a se tornar uma cidade mais criativa e conectada\u201d. Pedro ainda completa dizendo que busca tamb\u00e9m com o curso \u201ccriar um mecanismo de comunh\u00e3o e colabora\u00e7\u00e3o entre pessoas, institui\u00e7\u00f5es, iniciativa privada, poder p\u00fablico e artistas\u201d.<\/p>\n<p>Colaborando e conectando, nosso ilustre colega multim\u00eddia est\u00e1 no caminho certo. Ah, e Pedro tamb\u00e9m \u00e9 poeta. Ou, acima de tudo, poeta. D\u00e1 para n\u00e3o ser, assim t\u00e3o sonhador? Veja ele em a\u00e7\u00e3o por <a href=\"https:\/\/www.youtube.com\/watch?v=WvomGVw-WtA\" target=\"_blank\">aqui<\/a>.<\/p>\n<p style=\"text-align:right;\">Texto e Imagem Interna: Maria J\u00falia Rodrigues<br \/>\nImagem de destaque: Divulga\u00e7\u00e3o\/<a href=\"https:\/\/www.facebook.com\/abemsoar\/photos\/a.438723436321885.1073741842.279753515552212\/438723509655211\/?type=3&amp;theater\" target=\"_blank\">A Bem Soar<\/a><br \/>\nEdi\u00e7\u00e3o\/Revis\u00e3o: Dani da Gama<\/p>\n<p>&nbsp;<\/p>\n<p>&nbsp;<\/p>\n<p>&nbsp;<\/p>\n","protected":false},"excerpt":{"rendered":"<p>&nbsp; Durante a Semana Acad\u00eamica a mesa-redonda &#8220;Jornalismo que faz arte&#8221; fez lembrar de quantos artistas n\u00f3s temos espalhados pelas nossas turmas. Desenhistas, poetas, m\u00fasicos, atores e documentaristas, s\u00f3 para citar alguns, que imprimem nos seus trabalhos as suas marcas&#8230;<\/p>\n","protected":false},"author":3,"featured_media":3901,"comment_status":"open","ping_status":"open","sticky":false,"template":"","format":"standard","meta":{"_monsterinsights_skip_tracking":false,"_monsterinsights_sitenote_active":false,"_monsterinsights_sitenote_note":"","_monsterinsights_sitenote_category":0},"categories":[6],"tags":[],"yoast_head":"<!-- This site is optimized with the Yoast SEO plugin v20.6 - https:\/\/yoast.com\/wordpress\/plugins\/seo\/ -->\n<title>Um poeta no forno - Jornalismo UFSJ<\/title>\n<meta name=\"robots\" content=\"index, follow, max-snippet:-1, max-image-preview:large, max-video-preview:-1\" \/>\n<link rel=\"canonical\" href=\"http:\/\/jornalismo.ufsj.edu.br\/site\/alunos\/um-poeta-no-forno\/\" \/>\n<meta property=\"og:locale\" content=\"pt_BR\" \/>\n<meta property=\"og:type\" content=\"article\" \/>\n<meta property=\"og:title\" content=\"Um poeta no forno - Jornalismo UFSJ\" \/>\n<meta property=\"og:description\" content=\"&nbsp; Durante a Semana Acad\u00eamica a mesa-redonda &#8220;Jornalismo que faz arte&#8221; fez lembrar de quantos artistas n\u00f3s temos espalhados pelas nossas turmas. Desenhistas, poetas, m\u00fasicos, atores e documentaristas, s\u00f3 para citar alguns, que imprimem nos seus trabalhos as suas marcas...\" \/>\n<meta property=\"og:url\" content=\"http:\/\/jornalismo.ufsj.edu.br\/site\/alunos\/um-poeta-no-forno\/\" \/>\n<meta property=\"og:site_name\" content=\"Jornalismo UFSJ\" \/>\n<meta property=\"article:publisher\" content=\"https:\/\/www.facebook.com\/jornalismoufsj\/\" \/>\n<meta property=\"article:published_time\" content=\"2016-05-31T20:41:26+00:00\" \/>\n<meta name=\"twitter:card\" content=\"summary_large_image\" \/>\n<meta name=\"twitter:creator\" content=\"@jornalismoufsj\" \/>\n<meta name=\"twitter:site\" content=\"@jornalismoufsj\" \/>\n<meta name=\"twitter:label1\" content=\"Escrito por\" \/>\n\t<meta name=\"twitter:data1\" content=\"\" \/>\n\t<meta name=\"twitter:label2\" content=\"Est. tempo de leitura\" \/>\n\t<meta name=\"twitter:data2\" content=\"4 minutos\" \/>\n<script type=\"application\/ld+json\" class=\"yoast-schema-graph\">{\"@context\":\"https:\/\/schema.org\",\"@graph\":[{\"@type\":\"WebPage\",\"@id\":\"http:\/\/jornalismo.ufsj.edu.br\/site\/alunos\/um-poeta-no-forno\/\",\"url\":\"http:\/\/jornalismo.ufsj.edu.br\/site\/alunos\/um-poeta-no-forno\/\",\"name\":\"Um poeta no forno - Jornalismo UFSJ\",\"isPartOf\":{\"@id\":\"http:\/\/jornalismo.ufsj.edu.br\/site\/#website\"},\"datePublished\":\"2016-05-31T20:41:26+00:00\",\"dateModified\":\"2016-05-31T20:41:26+00:00\",\"author\":{\"@id\":\"\"},\"breadcrumb\":{\"@id\":\"http:\/\/jornalismo.ufsj.edu.br\/site\/alunos\/um-poeta-no-forno\/#breadcrumb\"},\"inLanguage\":\"pt-BR\",\"potentialAction\":[{\"@type\":\"ReadAction\",\"target\":[\"http:\/\/jornalismo.ufsj.edu.br\/site\/alunos\/um-poeta-no-forno\/\"]}]},{\"@type\":\"BreadcrumbList\",\"@id\":\"http:\/\/jornalismo.ufsj.edu.br\/site\/alunos\/um-poeta-no-forno\/#breadcrumb\",\"itemListElement\":[{\"@type\":\"ListItem\",\"position\":1,\"name\":\"In\u00edcio\",\"item\":\"http:\/\/jornalismo.ufsj.edu.br\/site\/\"},{\"@type\":\"ListItem\",\"position\":2,\"name\":\"Um poeta no forno\"}]},{\"@type\":\"WebSite\",\"@id\":\"http:\/\/jornalismo.ufsj.edu.br\/site\/#website\",\"url\":\"http:\/\/jornalismo.ufsj.edu.br\/site\/\",\"name\":\"Jornalismo UFSJ\",\"description\":\"\",\"potentialAction\":[{\"@type\":\"SearchAction\",\"target\":{\"@type\":\"EntryPoint\",\"urlTemplate\":\"http:\/\/jornalismo.ufsj.edu.br\/site\/?s={search_term_string}\"},\"query-input\":\"required name=search_term_string\"}],\"inLanguage\":\"pt-BR\"},{\"@type\":\"Person\",\"@id\":\"\"}]}<\/script>\n<!-- \/ Yoast SEO plugin. -->","yoast_head_json":{"title":"Um poeta no forno - Jornalismo UFSJ","robots":{"index":"index","follow":"follow","max-snippet":"max-snippet:-1","max-image-preview":"max-image-preview:large","max-video-preview":"max-video-preview:-1"},"canonical":"http:\/\/jornalismo.ufsj.edu.br\/site\/alunos\/um-poeta-no-forno\/","og_locale":"pt_BR","og_type":"article","og_title":"Um poeta no forno - Jornalismo UFSJ","og_description":"&nbsp; Durante a Semana Acad\u00eamica a mesa-redonda &#8220;Jornalismo que faz arte&#8221; fez lembrar de quantos artistas n\u00f3s temos espalhados pelas nossas turmas. Desenhistas, poetas, m\u00fasicos, atores e documentaristas, s\u00f3 para citar alguns, que imprimem nos seus trabalhos as suas marcas...","og_url":"http:\/\/jornalismo.ufsj.edu.br\/site\/alunos\/um-poeta-no-forno\/","og_site_name":"Jornalismo UFSJ","article_publisher":"https:\/\/www.facebook.com\/jornalismoufsj\/","article_published_time":"2016-05-31T20:41:26+00:00","twitter_card":"summary_large_image","twitter_creator":"@jornalismoufsj","twitter_site":"@jornalismoufsj","twitter_misc":{"Escrito por":"","Est. tempo de leitura":"4 minutos"},"schema":{"@context":"https:\/\/schema.org","@graph":[{"@type":"WebPage","@id":"http:\/\/jornalismo.ufsj.edu.br\/site\/alunos\/um-poeta-no-forno\/","url":"http:\/\/jornalismo.ufsj.edu.br\/site\/alunos\/um-poeta-no-forno\/","name":"Um poeta no forno - Jornalismo UFSJ","isPartOf":{"@id":"http:\/\/jornalismo.ufsj.edu.br\/site\/#website"},"datePublished":"2016-05-31T20:41:26+00:00","dateModified":"2016-05-31T20:41:26+00:00","author":{"@id":""},"breadcrumb":{"@id":"http:\/\/jornalismo.ufsj.edu.br\/site\/alunos\/um-poeta-no-forno\/#breadcrumb"},"inLanguage":"pt-BR","potentialAction":[{"@type":"ReadAction","target":["http:\/\/jornalismo.ufsj.edu.br\/site\/alunos\/um-poeta-no-forno\/"]}]},{"@type":"BreadcrumbList","@id":"http:\/\/jornalismo.ufsj.edu.br\/site\/alunos\/um-poeta-no-forno\/#breadcrumb","itemListElement":[{"@type":"ListItem","position":1,"name":"In\u00edcio","item":"http:\/\/jornalismo.ufsj.edu.br\/site\/"},{"@type":"ListItem","position":2,"name":"Um poeta no forno"}]},{"@type":"WebSite","@id":"http:\/\/jornalismo.ufsj.edu.br\/site\/#website","url":"http:\/\/jornalismo.ufsj.edu.br\/site\/","name":"Jornalismo UFSJ","description":"","potentialAction":[{"@type":"SearchAction","target":{"@type":"EntryPoint","urlTemplate":"http:\/\/jornalismo.ufsj.edu.br\/site\/?s={search_term_string}"},"query-input":"required name=search_term_string"}],"inLanguage":"pt-BR"},{"@type":"Person","@id":""}]}},"jetpack_featured_media_url":"","_links":{"self":[{"href":"http:\/\/jornalismo.ufsj.edu.br\/site\/wp-json\/wp\/v2\/posts\/3818"}],"collection":[{"href":"http:\/\/jornalismo.ufsj.edu.br\/site\/wp-json\/wp\/v2\/posts"}],"about":[{"href":"http:\/\/jornalismo.ufsj.edu.br\/site\/wp-json\/wp\/v2\/types\/post"}],"author":[{"embeddable":true,"href":"http:\/\/jornalismo.ufsj.edu.br\/site\/wp-json\/wp\/v2\/users\/3"}],"replies":[{"embeddable":true,"href":"http:\/\/jornalismo.ufsj.edu.br\/site\/wp-json\/wp\/v2\/comments?post=3818"}],"version-history":[{"count":0,"href":"http:\/\/jornalismo.ufsj.edu.br\/site\/wp-json\/wp\/v2\/posts\/3818\/revisions"}],"wp:featuredmedia":[{"embeddable":true,"href":"http:\/\/jornalismo.ufsj.edu.br\/site\/wp-json\/"}],"wp:attachment":[{"href":"http:\/\/jornalismo.ufsj.edu.br\/site\/wp-json\/wp\/v2\/media?parent=3818"}],"wp:term":[{"taxonomy":"category","embeddable":true,"href":"http:\/\/jornalismo.ufsj.edu.br\/site\/wp-json\/wp\/v2\/categories?post=3818"},{"taxonomy":"post_tag","embeddable":true,"href":"http:\/\/jornalismo.ufsj.edu.br\/site\/wp-json\/wp\/v2\/tags?post=3818"}],"curies":[{"name":"wp","href":"https:\/\/api.w.org\/{rel}","templated":true}]}}