{"id":3739,"date":"2016-05-23T20:00:58","date_gmt":"2016-05-23T20:00:58","guid":{"rendered":"http:\/\/jornalismo.ufsj.edu.br\/?p=3739"},"modified":"2016-05-23T20:00:58","modified_gmt":"2016-05-23T20:00:58","slug":"politica-e-metaforas-para-uma-segunda-feira","status":"publish","type":"post","link":"http:\/\/jornalismo.ufsj.edu.br\/site\/alunos\/politica-e-metaforas-para-uma-segunda-feira\/","title":{"rendered":"Pol\u00edtica e met\u00e1foras para uma segunda-feira"},"content":{"rendered":"<p><img loading=\"lazy\" class=\"  wp-image-3763 alignleft\" src=\"http:\/\/jornalismo.ufsj.edu.br\/wp-content\/uploads\/2016\/05\/sarah.jpg\" alt=\"sarah\" width=\"144\" height=\"181\" \/>O Jornalismo sempre anda de bra\u00e7os dados com a Literatura. Em muitos jornalistas vive, em segredo, o sonho do grande romance&#8230; Em outros, vive um talento escancarado para narrar os fatos mais duros com os olhares mais sens\u00edveis.\u00a0\u00c9 o caso da estudante Sarah Rodrigues, do 5o. per\u00edodo, que mant\u00e9m o blog \u00a0<a href=\"http:\/\/oesticafio.blogspot.com.br\/\" target=\"_blank\">O Esticafio<\/a>, em que publica &#8220;cr\u00f4nicas, poesias e literatura pra amenizar as dificuldades do dia-a-dia&#8221;. Aprecie nesta cr\u00f4nica de segunda-feira as afli\u00e7\u00f5es, indigna\u00e7\u00f5es e belezas das letras de Sarah.<\/p>\n<h3 class=\"post-title entry-title\">Segunda-feira<\/h3>\n<div id=\"post-body-211353008918823522\" class=\"post-body entry-content\">Tudo que eu queria era um minuto de descanso sobre este meu pa\u00eds que pende para as ru\u00ednas. Nossos pol\u00edticos sapateiam e botam l\u00edngua para gente brasileira, e depois fazem passar um peda\u00e7o de pau com fogo na ponta &#8211; famigerada tocha ol\u00edmpica -, para ver se despertam nosso farrapento e sup\u00e9rfluo esp\u00edrito de coletividade, uni\u00e3o. Ah, pelamor, gente. Estamos tendo saco mais n\u00e3o. Os ativos, os en\u00e9rgicos, foram ao fim do trajeto da tocha, aqui em S\u00e3o Jo\u00e3o del-Rei, gritar um ardoroso fora ao novo presidente ilegal. Quisera eu que todos n\u00f3s f\u00f4ssemos assim, barulho vivo, e n\u00e3o batuque de panela seca.<\/p>\n<p>N\u00e3o h\u00e1 em mim mais est\u00f4mago ou f\u00f4lego. Estou tendo vontade de ser est\u00fapida, ir\u00f4nica, agressiva, de menosprezar intelig\u00eancias &#8211; facetas que v\u00e3o contra meu esfor\u00e7o de ter esp\u00edrito crist\u00e3o. Meus professores me abominariam: n\u00e3o estou tendo coragem para ler sempre as not\u00edcias, o jornalismo \u00e9 um campo que, apesar de meu irremedi\u00e1vel amor, \u00e9 sujo. Eu n\u00e3o posso com isso gente, sou bobinha, desde pequena choro quando chove porque lembro que os moradores de rua n\u00e3o tem como se abrigar do c\u00e9u furioso.<\/p>\n<p>Prestem aten\u00e7\u00e3o no absurdo da insanidade nova \u00a0que tem me cercado. Vou na festa &#8211; essas com mo\u00e7as jogando franja e fazendo pose pra foto e rapazes bobos de camisa p\u00f3lo &#8211; e come\u00e7o a me divertir com o \u00e1lcool e com a m\u00fasica est\u00fapida. A\u00ed eu lembro das adolescentes faveladas que v\u00e3o engravidar novas, que usam shorts mais curtos que os meus, e que nunca v\u00e3o estudar numa Universidade Federal &#8211; este ostensivo nome e lugar. Nem uma c\u00e9lula do meu corpo me faz mais ou melhor que elas, por motivo nenhum sou merecedora da minha mais privilegiada posi\u00e7\u00e3o.<\/p>\n<p>A\u00ed entriste\u00e7o e deixo as pessoas acreditarem que meus olhos distantes s\u00e3o culpa do \u00e1lcool fazendo oscilar minha \u00f3rbita, mas n\u00e3o \u00e9. \u00c9 esse sentimento de mundo que me d\u00f3i, de madalena arrependida, de freira que cuida de rosa no jardim, \u00a0sentimento de observar o menininho preto assustado na janela do \u00f4nibus. O cr\u00edtico liter\u00e1rio fala sobre meus poemas &#8220;ela muda de ideia rapidamente, soa meio p\u00f3s-adolescente&#8221;, e a professora de teatro: &#8220;quando voc\u00ea recita poesia, soa meio infantil. Parece que tem treze anos&#8221;. Acho que parei mesmo no sombrio inseguro dos meus treze anos.<\/p>\n<p>\u00c9 l\u00e1 que descobrimos que temos um corpo que menstrua, que lan\u00e7a \u00f3leo sobre a pele para gerar espinhas, que temos fomes cansativas. Foi onde comecei a brigar com meu peso e a minha vontade de existir, que queria desenhar vestidinhos, ler livros e escrever bobaginhas. Era viver de s\u00f3 ouvir minha m\u00e3e falar &#8220;lava as vasilhas pra mim&#8221;, minha tia falar, &#8220;n\u00e3o coma tanto bolo&#8221;, era n\u00e3o existir rapazes para irem embora e eu precisar ter um espa\u00e7o para sentir falta. Era t\u00e3o mais f\u00e1cil quando eu estava no in\u00edcio da minha afli\u00e7\u00e3o!<\/p>\n<p>Agora, c\u00e1 estou eu. Pensando na m\u00e1quina de lavar para arrumar, como conciliar os projetos da faculdade, tentando direcionar desejos \u00e0s pessoas adequadas &#8211; ou diria enfadonhas? -, e ainda, o que \u00e9 que vai ser de mim depois disso tudo? A consci\u00eancia do mundo pol\u00edtico me horrorizou para exist\u00eancia desta terra, abismada tive que constatar: somos mais ruins e burros do que bons e inteligentes. Ainda resta um espacinho no prato para digerir a pior das minhas constata\u00e7\u00f5es destes dias? N\u00e3o sei escrever e, n\u00e3o adianta que me iludam com elogios rasos. Minhas letras s\u00e3o mal-organizadas.<\/p>\n<p>Ah, mas me deixa formar, me deixa casar, me deixa tirar cut\u00edculas e lavar pratos, permitam-me arrumar um consolo pra pol\u00edtica de que \u00e9 assim mesmo, sempre foi \u00a0e sempre vai ser. Ningu\u00e9m merece conviver com minha exist\u00eancia agoniada. Nem eu.<\/p>\n<\/div>\n","protected":false},"excerpt":{"rendered":"<p>O Jornalismo sempre anda de bra\u00e7os dados com a Literatura. Em muitos jornalistas vive, em segredo, o sonho do grande romance&#8230; Em outros, vive um talento escancarado para narrar os fatos mais duros com os olhares mais sens\u00edveis.\u00a0\u00c9 o caso&#8230;<\/p>\n","protected":false},"author":3,"featured_media":3768,"comment_status":"open","ping_status":"open","sticky":false,"template":"","format":"standard","meta":{"_monsterinsights_skip_tracking":false,"_monsterinsights_sitenote_active":false,"_monsterinsights_sitenote_note":"","_monsterinsights_sitenote_category":0},"categories":[6],"tags":[],"yoast_head":"<!-- This site is optimized with the Yoast SEO plugin v20.6 - https:\/\/yoast.com\/wordpress\/plugins\/seo\/ -->\n<title>Pol\u00edtica e met\u00e1foras para uma segunda-feira - Jornalismo UFSJ<\/title>\n<meta name=\"robots\" content=\"index, follow, max-snippet:-1, max-image-preview:large, max-video-preview:-1\" \/>\n<link rel=\"canonical\" href=\"http:\/\/anu.ufsj.edu.br\/site\/alunos\/politica-e-metaforas-para-uma-segunda-feira\/\" \/>\n<meta property=\"og:locale\" content=\"pt_BR\" \/>\n<meta property=\"og:type\" content=\"article\" \/>\n<meta property=\"og:title\" content=\"Pol\u00edtica e met\u00e1foras para uma segunda-feira - Jornalismo UFSJ\" \/>\n<meta property=\"og:description\" content=\"O Jornalismo sempre anda de bra\u00e7os dados com a Literatura. Em muitos jornalistas vive, em segredo, o sonho do grande romance&#8230; Em outros, vive um talento escancarado para narrar os fatos mais duros com os olhares mais sens\u00edveis.\u00a0\u00c9 o caso...\" \/>\n<meta property=\"og:url\" content=\"http:\/\/anu.ufsj.edu.br\/site\/alunos\/politica-e-metaforas-para-uma-segunda-feira\/\" \/>\n<meta property=\"og:site_name\" content=\"Jornalismo UFSJ\" \/>\n<meta property=\"article:publisher\" content=\"https:\/\/www.facebook.com\/jornalismoufsj\/\" \/>\n<meta property=\"article:published_time\" content=\"2016-05-23T20:00:58+00:00\" \/>\n<meta name=\"twitter:card\" content=\"summary_large_image\" \/>\n<meta name=\"twitter:creator\" content=\"@jornalismoufsj\" \/>\n<meta name=\"twitter:site\" content=\"@jornalismoufsj\" \/>\n<meta name=\"twitter:label1\" content=\"Escrito por\" \/>\n\t<meta name=\"twitter:data1\" content=\"\" \/>\n\t<meta name=\"twitter:label2\" content=\"Est. tempo de leitura\" \/>\n\t<meta name=\"twitter:data2\" content=\"4 minutos\" \/>\n<script type=\"application\/ld+json\" class=\"yoast-schema-graph\">{\"@context\":\"https:\/\/schema.org\",\"@graph\":[{\"@type\":\"WebPage\",\"@id\":\"http:\/\/anu.ufsj.edu.br\/site\/alunos\/politica-e-metaforas-para-uma-segunda-feira\/\",\"url\":\"http:\/\/anu.ufsj.edu.br\/site\/alunos\/politica-e-metaforas-para-uma-segunda-feira\/\",\"name\":\"Pol\u00edtica e met\u00e1foras para uma segunda-feira - Jornalismo UFSJ\",\"isPartOf\":{\"@id\":\"http:\/\/jornalismo.ufsj.edu.br\/site\/#website\"},\"datePublished\":\"2016-05-23T20:00:58+00:00\",\"dateModified\":\"2016-05-23T20:00:58+00:00\",\"author\":{\"@id\":\"\"},\"breadcrumb\":{\"@id\":\"http:\/\/anu.ufsj.edu.br\/site\/alunos\/politica-e-metaforas-para-uma-segunda-feira\/#breadcrumb\"},\"inLanguage\":\"pt-BR\",\"potentialAction\":[{\"@type\":\"ReadAction\",\"target\":[\"http:\/\/anu.ufsj.edu.br\/site\/alunos\/politica-e-metaforas-para-uma-segunda-feira\/\"]}]},{\"@type\":\"BreadcrumbList\",\"@id\":\"http:\/\/anu.ufsj.edu.br\/site\/alunos\/politica-e-metaforas-para-uma-segunda-feira\/#breadcrumb\",\"itemListElement\":[{\"@type\":\"ListItem\",\"position\":1,\"name\":\"In\u00edcio\",\"item\":\"http:\/\/jornalismo.ufsj.edu.br\/site\/\"},{\"@type\":\"ListItem\",\"position\":2,\"name\":\"Pol\u00edtica e met\u00e1foras para uma segunda-feira\"}]},{\"@type\":\"WebSite\",\"@id\":\"http:\/\/jornalismo.ufsj.edu.br\/site\/#website\",\"url\":\"http:\/\/jornalismo.ufsj.edu.br\/site\/\",\"name\":\"Jornalismo UFSJ\",\"description\":\"\",\"potentialAction\":[{\"@type\":\"SearchAction\",\"target\":{\"@type\":\"EntryPoint\",\"urlTemplate\":\"http:\/\/jornalismo.ufsj.edu.br\/site\/?s={search_term_string}\"},\"query-input\":\"required name=search_term_string\"}],\"inLanguage\":\"pt-BR\"},{\"@type\":\"Person\",\"@id\":\"\"}]}<\/script>\n<!-- \/ Yoast SEO plugin. -->","yoast_head_json":{"title":"Pol\u00edtica e met\u00e1foras para uma segunda-feira - Jornalismo UFSJ","robots":{"index":"index","follow":"follow","max-snippet":"max-snippet:-1","max-image-preview":"max-image-preview:large","max-video-preview":"max-video-preview:-1"},"canonical":"http:\/\/anu.ufsj.edu.br\/site\/alunos\/politica-e-metaforas-para-uma-segunda-feira\/","og_locale":"pt_BR","og_type":"article","og_title":"Pol\u00edtica e met\u00e1foras para uma segunda-feira - Jornalismo UFSJ","og_description":"O Jornalismo sempre anda de bra\u00e7os dados com a Literatura. Em muitos jornalistas vive, em segredo, o sonho do grande romance&#8230; Em outros, vive um talento escancarado para narrar os fatos mais duros com os olhares mais sens\u00edveis.\u00a0\u00c9 o caso...","og_url":"http:\/\/anu.ufsj.edu.br\/site\/alunos\/politica-e-metaforas-para-uma-segunda-feira\/","og_site_name":"Jornalismo UFSJ","article_publisher":"https:\/\/www.facebook.com\/jornalismoufsj\/","article_published_time":"2016-05-23T20:00:58+00:00","twitter_card":"summary_large_image","twitter_creator":"@jornalismoufsj","twitter_site":"@jornalismoufsj","twitter_misc":{"Escrito por":"","Est. tempo de leitura":"4 minutos"},"schema":{"@context":"https:\/\/schema.org","@graph":[{"@type":"WebPage","@id":"http:\/\/anu.ufsj.edu.br\/site\/alunos\/politica-e-metaforas-para-uma-segunda-feira\/","url":"http:\/\/anu.ufsj.edu.br\/site\/alunos\/politica-e-metaforas-para-uma-segunda-feira\/","name":"Pol\u00edtica e met\u00e1foras para uma segunda-feira - Jornalismo UFSJ","isPartOf":{"@id":"http:\/\/jornalismo.ufsj.edu.br\/site\/#website"},"datePublished":"2016-05-23T20:00:58+00:00","dateModified":"2016-05-23T20:00:58+00:00","author":{"@id":""},"breadcrumb":{"@id":"http:\/\/anu.ufsj.edu.br\/site\/alunos\/politica-e-metaforas-para-uma-segunda-feira\/#breadcrumb"},"inLanguage":"pt-BR","potentialAction":[{"@type":"ReadAction","target":["http:\/\/anu.ufsj.edu.br\/site\/alunos\/politica-e-metaforas-para-uma-segunda-feira\/"]}]},{"@type":"BreadcrumbList","@id":"http:\/\/anu.ufsj.edu.br\/site\/alunos\/politica-e-metaforas-para-uma-segunda-feira\/#breadcrumb","itemListElement":[{"@type":"ListItem","position":1,"name":"In\u00edcio","item":"http:\/\/jornalismo.ufsj.edu.br\/site\/"},{"@type":"ListItem","position":2,"name":"Pol\u00edtica e met\u00e1foras para uma segunda-feira"}]},{"@type":"WebSite","@id":"http:\/\/jornalismo.ufsj.edu.br\/site\/#website","url":"http:\/\/jornalismo.ufsj.edu.br\/site\/","name":"Jornalismo UFSJ","description":"","potentialAction":[{"@type":"SearchAction","target":{"@type":"EntryPoint","urlTemplate":"http:\/\/jornalismo.ufsj.edu.br\/site\/?s={search_term_string}"},"query-input":"required name=search_term_string"}],"inLanguage":"pt-BR"},{"@type":"Person","@id":""}]}},"jetpack_featured_media_url":"","_links":{"self":[{"href":"http:\/\/jornalismo.ufsj.edu.br\/site\/wp-json\/wp\/v2\/posts\/3739"}],"collection":[{"href":"http:\/\/jornalismo.ufsj.edu.br\/site\/wp-json\/wp\/v2\/posts"}],"about":[{"href":"http:\/\/jornalismo.ufsj.edu.br\/site\/wp-json\/wp\/v2\/types\/post"}],"author":[{"embeddable":true,"href":"http:\/\/jornalismo.ufsj.edu.br\/site\/wp-json\/wp\/v2\/users\/3"}],"replies":[{"embeddable":true,"href":"http:\/\/jornalismo.ufsj.edu.br\/site\/wp-json\/wp\/v2\/comments?post=3739"}],"version-history":[{"count":0,"href":"http:\/\/jornalismo.ufsj.edu.br\/site\/wp-json\/wp\/v2\/posts\/3739\/revisions"}],"wp:featuredmedia":[{"embeddable":true,"href":"http:\/\/jornalismo.ufsj.edu.br\/site\/wp-json\/"}],"wp:attachment":[{"href":"http:\/\/jornalismo.ufsj.edu.br\/site\/wp-json\/wp\/v2\/media?parent=3739"}],"wp:term":[{"taxonomy":"category","embeddable":true,"href":"http:\/\/jornalismo.ufsj.edu.br\/site\/wp-json\/wp\/v2\/categories?post=3739"},{"taxonomy":"post_tag","embeddable":true,"href":"http:\/\/jornalismo.ufsj.edu.br\/site\/wp-json\/wp\/v2\/tags?post=3739"}],"curies":[{"name":"wp","href":"https:\/\/api.w.org\/{rel}","templated":true}]}}