{"id":3682,"date":"2016-05-20T19:20:00","date_gmt":"2016-05-20T19:20:00","guid":{"rendered":"http:\/\/jornalismo.ufsj.edu.br\/?p=3682"},"modified":"2016-05-20T19:20:00","modified_gmt":"2016-05-20T19:20:00","slug":"olhares-retratos","status":"publish","type":"post","link":"http:\/\/jornalismo.ufsj.edu.br\/site\/fotografia\/olhares-retratos\/","title":{"rendered":"Olhares &#8211; Retratos"},"content":{"rendered":"<div id=\"attachment_3713\" style=\"width: 237px\" class=\"wp-caption alignleft\"><img aria-describedby=\"caption-attachment-3713\" loading=\"lazy\" class=\"wp-image-3713 alignleft\" src=\"http:\/\/jornalismo.ufsj.edu.br\/wp-content\/uploads\/2016\/05\/c3adndice.jpg\" alt=\"\u00edndice\" width=\"227\" height=\"227\" \/><p id=\"caption-attachment-3713\" class=\"wp-caption-text\">Frederico Reis<\/p><\/div>\n<p>A galeria de hoje \u00e9 do Frederico Reis, do 3\u00ba per\u00edodo. Ele fotografa desde os 18 anos e trouxe parte de seu repert\u00f3rio para o nosso site :<\/p>\n<p>\u201cUm retrato n\u00e3o \u00e9 feito na c\u00e2mera, mas sim na frente e atr\u00e1s dela.\u201d<\/p>\n<p><em>Edward Steichen<\/em><\/p>\n<p>Mergulhamos em retratos. Somos seres humanos, n\u00e9? Assim sempre nos relacionamos com pessoas de alguma forma. A gente retrata pra representar, imitar, situar&#8230; No fundo \u00e9 a nossa vontade de recordar, de guardar e de contar uma hist\u00f3ria.<\/p>\n<p>Representamos pessoas desde as cavernas, mas l\u00e1 era mais uma cerim\u00f4nia que uma retrata\u00e7\u00e3o. Em termos de retrato mesmo, primeiro vieram os eg\u00edpcios com os deuses e os fara\u00f3s e depois os gregos e romanos na mesma linha at\u00e9 a era medieval onde eram representadas as figuras religiosas.<\/p>\n<p>Buscamos a perfei\u00e7\u00e3o, a beleza, o poder e a nossa interpreta\u00e7\u00e3o de tudo isso. Interpreta\u00e7\u00e3o essa que \u00e9 n\u00e3o somente pessoal, mas social. Poucos antes podiam ser retratados, imortalizados. O registro de si era uma forma de ser, de mostrar, primeiro com a pintura e depois \u2013 de forma menos elitizada \u2013 com as primeiras c\u00e2maras escuras. Depois, por\u00e9m, a fotografia tornou mais reais as pessoas e os contextos em que elas est\u00e3o inseridas.<\/p>\n<p>Com a explos\u00e3o do fotojornalismo e capacidade de percep\u00e7\u00e3o de diversas realidades na metade final do s\u00e9culo XX come\u00e7amos a utilizar retratos como forma de express\u00e3o e n\u00e3o mais somente um simples registro.<\/p>\n<p>Hoje voltamos \u00e0s celebridades que s\u00e3o vers\u00f5es modernas dos deuses, mas hoje n\u00e3o somente elas s\u00e3o fotografadas. Os nossos olhos est\u00e3o mais abertos e quase todo o mundo pode ver!<\/p>\n<p>Agora, ver um retrato atrav\u00e9s de uma lente 85mm (1.8\/1.4\/1.2) \u00e9 muito bom! Al\u00e9m de ser uma lente leve e resistente, ela apresenta uma imagem que \u00e9 muito pr\u00f3xima do que conseguem ver os nossos olhos e ela consegue aquele efeito de fundo desfocado em uma grande abertura, o bokeh (termo que vem do japon\u00eas e significa desfoque)!<\/p>\n<p>A quest\u00e3o \u00e9 que nem todos t\u00eam uma lente dessas, certo? E c\u00e1 entre n\u00f3s, as lentes fixas s\u00e3o bem carinhas&#8230; Ent\u00e3o, o que a gente faz? A gente pode utilizar uma lente de kit mesmo, aquela que vem com a nossa c\u00e2mera e utilizar a menor abertura poss\u00edvel, digamos, 3.5 e afastar o nosso sujeito do fundo. Assim, a gente consegue um efeito de desfoque legal por conta da distancia e n\u00e3o perde o foco.<\/p>\n<p>Alguns dos grandes fot\u00f3grafos de retrato n\u00e3o fazem quest\u00e3o dessa lente. O Joel Santos e o Steve McCurry, por exemplo variam nas lentes que usam pra fazer retratos.<\/p>\n\n<p>Texto: Frederico Reis<\/p>\n","protected":false},"excerpt":{"rendered":"<p>A galeria de hoje \u00e9 do Frederico Reis, do 3\u00ba per\u00edodo. Ele fotografa desde os 18 anos e trouxe parte de seu repert\u00f3rio para o nosso site : \u201cUm retrato n\u00e3o \u00e9 feito na c\u00e2mera, mas sim na frente e&#8230;<\/p>\n","protected":false},"author":3,"featured_media":3703,"comment_status":"open","ping_status":"open","sticky":false,"template":"","format":"standard","meta":{"_monsterinsights_skip_tracking":false,"_monsterinsights_sitenote_active":false,"_monsterinsights_sitenote_note":"","_monsterinsights_sitenote_category":0},"categories":[32,57],"tags":[81],"yoast_head":"<!-- This site is optimized with the Yoast SEO plugin v20.6 - https:\/\/yoast.com\/wordpress\/plugins\/seo\/ -->\n<title>Olhares - Retratos - Jornalismo UFSJ<\/title>\n<meta name=\"robots\" content=\"index, follow, max-snippet:-1, max-image-preview:large, max-video-preview:-1\" \/>\n<link rel=\"canonical\" href=\"http:\/\/jornalismo.ufsj.edu.br\/site\/fotografia\/olhares-retratos\/\" \/>\n<meta property=\"og:locale\" content=\"pt_BR\" \/>\n<meta property=\"og:type\" content=\"article\" \/>\n<meta property=\"og:title\" content=\"Olhares - Retratos - Jornalismo UFSJ\" \/>\n<meta property=\"og:description\" content=\"A galeria de hoje \u00e9 do Frederico Reis, do 3\u00ba per\u00edodo. Ele fotografa desde os 18 anos e trouxe parte de seu repert\u00f3rio para o nosso site : \u201cUm retrato n\u00e3o \u00e9 feito na c\u00e2mera, mas sim na frente e...\" \/>\n<meta property=\"og:url\" content=\"http:\/\/jornalismo.ufsj.edu.br\/site\/fotografia\/olhares-retratos\/\" \/>\n<meta property=\"og:site_name\" content=\"Jornalismo UFSJ\" \/>\n<meta property=\"article:publisher\" content=\"https:\/\/www.facebook.com\/jornalismoufsj\/\" \/>\n<meta property=\"article:published_time\" content=\"2016-05-20T19:20:00+00:00\" \/>\n<meta name=\"twitter:card\" content=\"summary_large_image\" \/>\n<meta name=\"twitter:creator\" content=\"@jornalismoufsj\" \/>\n<meta name=\"twitter:site\" content=\"@jornalismoufsj\" \/>\n<meta name=\"twitter:label1\" content=\"Escrito por\" \/>\n\t<meta name=\"twitter:data1\" content=\"\" \/>\n\t<meta name=\"twitter:label2\" content=\"Est. tempo de leitura\" \/>\n\t<meta name=\"twitter:data2\" content=\"2 minutos\" \/>\n<script type=\"application\/ld+json\" class=\"yoast-schema-graph\">{\"@context\":\"https:\/\/schema.org\",\"@graph\":[{\"@type\":\"WebPage\",\"@id\":\"http:\/\/jornalismo.ufsj.edu.br\/site\/fotografia\/olhares-retratos\/\",\"url\":\"http:\/\/jornalismo.ufsj.edu.br\/site\/fotografia\/olhares-retratos\/\",\"name\":\"Olhares - Retratos - Jornalismo UFSJ\",\"isPartOf\":{\"@id\":\"http:\/\/jornalismo.ufsj.edu.br\/site\/#website\"},\"datePublished\":\"2016-05-20T19:20:00+00:00\",\"dateModified\":\"2016-05-20T19:20:00+00:00\",\"author\":{\"@id\":\"\"},\"breadcrumb\":{\"@id\":\"http:\/\/jornalismo.ufsj.edu.br\/site\/fotografia\/olhares-retratos\/#breadcrumb\"},\"inLanguage\":\"pt-BR\",\"potentialAction\":[{\"@type\":\"ReadAction\",\"target\":[\"http:\/\/jornalismo.ufsj.edu.br\/site\/fotografia\/olhares-retratos\/\"]}]},{\"@type\":\"BreadcrumbList\",\"@id\":\"http:\/\/jornalismo.ufsj.edu.br\/site\/fotografia\/olhares-retratos\/#breadcrumb\",\"itemListElement\":[{\"@type\":\"ListItem\",\"position\":1,\"name\":\"In\u00edcio\",\"item\":\"http:\/\/jornalismo.ufsj.edu.br\/site\/\"},{\"@type\":\"ListItem\",\"position\":2,\"name\":\"Olhares &#8211; Retratos\"}]},{\"@type\":\"WebSite\",\"@id\":\"http:\/\/jornalismo.ufsj.edu.br\/site\/#website\",\"url\":\"http:\/\/jornalismo.ufsj.edu.br\/site\/\",\"name\":\"Jornalismo UFSJ\",\"description\":\"\",\"potentialAction\":[{\"@type\":\"SearchAction\",\"target\":{\"@type\":\"EntryPoint\",\"urlTemplate\":\"http:\/\/jornalismo.ufsj.edu.br\/site\/?s={search_term_string}\"},\"query-input\":\"required name=search_term_string\"}],\"inLanguage\":\"pt-BR\"},{\"@type\":\"Person\",\"@id\":\"\"}]}<\/script>\n<!-- \/ Yoast SEO plugin. -->","yoast_head_json":{"title":"Olhares - Retratos - Jornalismo UFSJ","robots":{"index":"index","follow":"follow","max-snippet":"max-snippet:-1","max-image-preview":"max-image-preview:large","max-video-preview":"max-video-preview:-1"},"canonical":"http:\/\/jornalismo.ufsj.edu.br\/site\/fotografia\/olhares-retratos\/","og_locale":"pt_BR","og_type":"article","og_title":"Olhares - Retratos - Jornalismo UFSJ","og_description":"A galeria de hoje \u00e9 do Frederico Reis, do 3\u00ba per\u00edodo. Ele fotografa desde os 18 anos e trouxe parte de seu repert\u00f3rio para o nosso site : \u201cUm retrato n\u00e3o \u00e9 feito na c\u00e2mera, mas sim na frente e...","og_url":"http:\/\/jornalismo.ufsj.edu.br\/site\/fotografia\/olhares-retratos\/","og_site_name":"Jornalismo UFSJ","article_publisher":"https:\/\/www.facebook.com\/jornalismoufsj\/","article_published_time":"2016-05-20T19:20:00+00:00","twitter_card":"summary_large_image","twitter_creator":"@jornalismoufsj","twitter_site":"@jornalismoufsj","twitter_misc":{"Escrito por":"","Est. tempo de leitura":"2 minutos"},"schema":{"@context":"https:\/\/schema.org","@graph":[{"@type":"WebPage","@id":"http:\/\/jornalismo.ufsj.edu.br\/site\/fotografia\/olhares-retratos\/","url":"http:\/\/jornalismo.ufsj.edu.br\/site\/fotografia\/olhares-retratos\/","name":"Olhares - Retratos - Jornalismo UFSJ","isPartOf":{"@id":"http:\/\/jornalismo.ufsj.edu.br\/site\/#website"},"datePublished":"2016-05-20T19:20:00+00:00","dateModified":"2016-05-20T19:20:00+00:00","author":{"@id":""},"breadcrumb":{"@id":"http:\/\/jornalismo.ufsj.edu.br\/site\/fotografia\/olhares-retratos\/#breadcrumb"},"inLanguage":"pt-BR","potentialAction":[{"@type":"ReadAction","target":["http:\/\/jornalismo.ufsj.edu.br\/site\/fotografia\/olhares-retratos\/"]}]},{"@type":"BreadcrumbList","@id":"http:\/\/jornalismo.ufsj.edu.br\/site\/fotografia\/olhares-retratos\/#breadcrumb","itemListElement":[{"@type":"ListItem","position":1,"name":"In\u00edcio","item":"http:\/\/jornalismo.ufsj.edu.br\/site\/"},{"@type":"ListItem","position":2,"name":"Olhares &#8211; Retratos"}]},{"@type":"WebSite","@id":"http:\/\/jornalismo.ufsj.edu.br\/site\/#website","url":"http:\/\/jornalismo.ufsj.edu.br\/site\/","name":"Jornalismo UFSJ","description":"","potentialAction":[{"@type":"SearchAction","target":{"@type":"EntryPoint","urlTemplate":"http:\/\/jornalismo.ufsj.edu.br\/site\/?s={search_term_string}"},"query-input":"required name=search_term_string"}],"inLanguage":"pt-BR"},{"@type":"Person","@id":""}]}},"jetpack_featured_media_url":"","_links":{"self":[{"href":"http:\/\/jornalismo.ufsj.edu.br\/site\/wp-json\/wp\/v2\/posts\/3682"}],"collection":[{"href":"http:\/\/jornalismo.ufsj.edu.br\/site\/wp-json\/wp\/v2\/posts"}],"about":[{"href":"http:\/\/jornalismo.ufsj.edu.br\/site\/wp-json\/wp\/v2\/types\/post"}],"author":[{"embeddable":true,"href":"http:\/\/jornalismo.ufsj.edu.br\/site\/wp-json\/wp\/v2\/users\/3"}],"replies":[{"embeddable":true,"href":"http:\/\/jornalismo.ufsj.edu.br\/site\/wp-json\/wp\/v2\/comments?post=3682"}],"version-history":[{"count":0,"href":"http:\/\/jornalismo.ufsj.edu.br\/site\/wp-json\/wp\/v2\/posts\/3682\/revisions"}],"wp:featuredmedia":[{"embeddable":true,"href":"http:\/\/jornalismo.ufsj.edu.br\/site\/wp-json\/"}],"wp:attachment":[{"href":"http:\/\/jornalismo.ufsj.edu.br\/site\/wp-json\/wp\/v2\/media?parent=3682"}],"wp:term":[{"taxonomy":"category","embeddable":true,"href":"http:\/\/jornalismo.ufsj.edu.br\/site\/wp-json\/wp\/v2\/categories?post=3682"},{"taxonomy":"post_tag","embeddable":true,"href":"http:\/\/jornalismo.ufsj.edu.br\/site\/wp-json\/wp\/v2\/tags?post=3682"}],"curies":[{"name":"wp","href":"https:\/\/api.w.org\/{rel}","templated":true}]}}