{"id":3670,"date":"2016-05-20T17:00:34","date_gmt":"2016-05-20T17:00:34","guid":{"rendered":"http:\/\/jornalismo.ufsj.edu.br\/?p=3670"},"modified":"2016-05-20T17:00:34","modified_gmt":"2016-05-20T17:00:34","slug":"show-encerra-a-semana-academica","status":"publish","type":"post","link":"http:\/\/jornalismo.ufsj.edu.br\/site\/semana-academica\/show-encerra-a-semana-academica\/","title":{"rendered":"Show encerra semana de oficinas e debates"},"content":{"rendered":"<p><img loading=\"lazy\" class=\"  wp-image-3678 alignleft\" src=\"http:\/\/jornalismo.ufsj.edu.br\/wp-content\/uploads\/2016\/05\/dsc_0128.jpg\" alt=\"DSC_0128\" width=\"341\" height=\"227\" \/>Muita m\u00fasica, dan\u00e7as e express\u00f5es culturais do pluralismo brasileiro fecharam a V Semana Acad\u00eamica de Jornalismo da UFSJ com chave de ouro. A iniciativa por meio do Programa de Extens\u00e3o 5\u00aa cultural trouxe como atra\u00e7\u00e3o grupos de dan\u00e7as e o duo de Samuel e Tales que trouxeram m\u00fasicas autorais e vers\u00f5es de diversas m\u00fasicas populares do cen\u00e1rio nacional. As apresenta\u00e7\u00f5es agitaram o campus Tancredo Neves (CTan) at\u00e9 as 22h, deixando \u00f3timas expectativas para o pr\u00f3ximo ano!<\/p>\n<p>Durante a Semana os alunos puderam participar de v\u00e1rias oficinas e mesas-redondas, como forma\u00e7\u00f5es importantes e complementares ao ensino.\u00a0A Oficina de Photoshop ocorreu no dia 18 de maio no laborat\u00f3rio de fotografia, sendo ministrada pela Mosaico &#8211; Empresa J\u00fanior de Comunica\u00e7\u00e3o. Cada participante p\u00f4de escolher imagens e verificar fun\u00e7\u00f5es do programa na pr\u00e1tica. A oficina foi importante como uma inicia\u00e7\u00e3o, com o objetivo de familiarizar os participantes com o programa, sua interface e todos os seus recursos.<\/p>\n<p>A Oficina de Locu\u00e7\u00e3o aconteceu ontem e segue hoje, 20 de maio, no laborat\u00f3rio de r\u00e1dio. Est\u00e1 sendo ministrada pelo t\u00e9cnico de r\u00e1dio Bruno Caputo. Passando um pouco sobre a hist\u00f3ria da evolu\u00e7\u00e3o da r\u00e1dio e da voz de seus locutores, Bruno ressalta como todos podem ser radialistas se conseguirem dominar a entona\u00e7\u00e3o e atua\u00e7\u00e3o. A oficina tamb\u00e9m conta com algumas atividades pr\u00e1ticas como exerc\u00edcio de aquecimento de voz e a grava\u00e7\u00e3o de texto curto.<\/p>\n<p>Na oficina de WebDocument\u00e1rio, realizada na segunda e ter\u00e7a-feira, o documentarista Richardson Pontone abordou especificidades do document\u00e1rio criado para a web.\u00a0J\u00e1 a oficina de Cinema Comentado, ministrada pelo jornalista Leandro Lopes, aconteceu no dia 18 de maio. Nela os alunos tiveram a oportunidade de assistir o document\u00e1rio do oficineiro <a href=\"https:\/\/www.facebook.com\/umhumanistaporacasoescritor\/?__mref=message\" target=\"_blank\">Um humanista por acaso escritor<\/a>, que homenageia o escritor Jos\u00e9 Saramago.<\/p>\n<p>Fellipe Faleiro est\u00e1 cursando o s\u00e9timo per\u00edodo de jornalismo e aproveitou as oficinas da Semana Acad\u00eamica para ter mais experi\u00eancias pr\u00e1ticas dentro do curso. \u201cEssas oficinas s\u00e3o importantes, pois ajudam os estudantes a entenderem um pouco mais do que o curso pode oferecer, muitas vezes os alunos se veem desmotivados e as oficinas ajudam a exemplificar o trabalho que eles poder\u00e3o desenvolver\u201d, explica o aluno. Ele participou da oficina de Cinema Comentado e da Oficina de Escrita Criativa, ambas focadas no lado criativo e cr\u00edtico do comunicador.<\/p>\n<p>Leandro Lopes, oficineiro de Cinema, trabalha no n\u00facleo de reportagens especiais da Rede Minas e aproveitou a oficina para compartilhar com os futuros-jornalistas curiosidades da profiss\u00e3o.\u00a0Quanto \u00e0 inspira\u00e7\u00e3o, ele recomendou que os alunos busquem sempre algo diferente, mesmo que isso se prove mais dif\u00edcil: \u201cPara quem quer produzir algo fora do comum: procurem outras possibilidades, tanto de trabalho quanto de felicidade\u201d.<\/p>\n<p>Sejam felizes, colegas! Desejamos que a Semana tenha sido de muito aprendizado e boas ideias para todos!<\/p>\n<p style=\"text-align:right;\">Texto: Beatriz Estima, Maria J\u00falia Rodrigues, J\u00falia Benatti e Dani da Gama<br \/>\nRevis\u00e3o e edi\u00e7\u00e3o: Dani da Gama<br \/>\nImagens: Maria J\u00falia Rodrigues<\/p>\n<p style=\"text-align:right;\"><img loading=\"lazy\" class=\"alignnone size-full wp-image-3694\" src=\"http:\/\/jornalismo.ufsj.edu.br\/wp-content\/uploads\/2016\/05\/dsc_0007.jpg\" alt=\"DSC_0007\" width=\"1800\" height=\"1200\" \/><\/p>\n<p style=\"text-align:right;\">\n","protected":false},"excerpt":{"rendered":"<p>Muita m\u00fasica, dan\u00e7as e express\u00f5es culturais do pluralismo brasileiro fecharam a V Semana Acad\u00eamica de Jornalismo da UFSJ com chave de ouro. A iniciativa por meio do Programa de Extens\u00e3o 5\u00aa cultural trouxe como atra\u00e7\u00e3o grupos de dan\u00e7as e o&#8230;<\/p>\n","protected":false},"author":3,"featured_media":3680,"comment_status":"open","ping_status":"open","sticky":false,"template":"","format":"standard","meta":{"_monsterinsights_skip_tracking":false,"_monsterinsights_sitenote_active":false,"_monsterinsights_sitenote_note":"","_monsterinsights_sitenote_category":0},"categories":[71],"tags":[],"yoast_head":"<!-- This site is optimized with the Yoast SEO plugin v20.6 - https:\/\/yoast.com\/wordpress\/plugins\/seo\/ -->\n<title>Show encerra semana de oficinas e debates - Jornalismo UFSJ<\/title>\n<meta name=\"robots\" content=\"index, follow, max-snippet:-1, max-image-preview:large, max-video-preview:-1\" \/>\n<link rel=\"canonical\" href=\"https:\/\/jornalismo.ufsj.edu.br\/site\/semana-academica\/show-encerra-a-semana-academica\/\" \/>\n<meta property=\"og:locale\" content=\"pt_BR\" \/>\n<meta property=\"og:type\" content=\"article\" \/>\n<meta property=\"og:title\" content=\"Show encerra semana de oficinas e debates - Jornalismo UFSJ\" \/>\n<meta property=\"og:description\" content=\"Muita m\u00fasica, dan\u00e7as e express\u00f5es culturais do pluralismo brasileiro fecharam a V Semana Acad\u00eamica de Jornalismo da UFSJ com chave de ouro. A iniciativa por meio do Programa de Extens\u00e3o 5\u00aa cultural trouxe como atra\u00e7\u00e3o grupos de dan\u00e7as e o...\" \/>\n<meta property=\"og:url\" content=\"https:\/\/jornalismo.ufsj.edu.br\/site\/semana-academica\/show-encerra-a-semana-academica\/\" \/>\n<meta property=\"og:site_name\" content=\"Jornalismo UFSJ\" \/>\n<meta property=\"article:publisher\" content=\"https:\/\/www.facebook.com\/jornalismoufsj\/\" \/>\n<meta property=\"article:published_time\" content=\"2016-05-20T17:00:34+00:00\" \/>\n<meta name=\"twitter:card\" content=\"summary_large_image\" \/>\n<meta name=\"twitter:creator\" content=\"@jornalismoufsj\" \/>\n<meta name=\"twitter:site\" content=\"@jornalismoufsj\" \/>\n<meta name=\"twitter:label1\" content=\"Escrito por\" \/>\n\t<meta name=\"twitter:data1\" content=\"\" \/>\n\t<meta name=\"twitter:label2\" content=\"Est. tempo de leitura\" \/>\n\t<meta name=\"twitter:data2\" content=\"3 minutos\" \/>\n<script type=\"application\/ld+json\" class=\"yoast-schema-graph\">{\"@context\":\"https:\/\/schema.org\",\"@graph\":[{\"@type\":\"WebPage\",\"@id\":\"https:\/\/jornalismo.ufsj.edu.br\/site\/semana-academica\/show-encerra-a-semana-academica\/\",\"url\":\"https:\/\/jornalismo.ufsj.edu.br\/site\/semana-academica\/show-encerra-a-semana-academica\/\",\"name\":\"Show encerra semana de oficinas e debates - Jornalismo UFSJ\",\"isPartOf\":{\"@id\":\"http:\/\/jornalismo.ufsj.edu.br\/site\/#website\"},\"datePublished\":\"2016-05-20T17:00:34+00:00\",\"dateModified\":\"2016-05-20T17:00:34+00:00\",\"author\":{\"@id\":\"\"},\"breadcrumb\":{\"@id\":\"https:\/\/jornalismo.ufsj.edu.br\/site\/semana-academica\/show-encerra-a-semana-academica\/#breadcrumb\"},\"inLanguage\":\"pt-BR\",\"potentialAction\":[{\"@type\":\"ReadAction\",\"target\":[\"https:\/\/jornalismo.ufsj.edu.br\/site\/semana-academica\/show-encerra-a-semana-academica\/\"]}]},{\"@type\":\"BreadcrumbList\",\"@id\":\"https:\/\/jornalismo.ufsj.edu.br\/site\/semana-academica\/show-encerra-a-semana-academica\/#breadcrumb\",\"itemListElement\":[{\"@type\":\"ListItem\",\"position\":1,\"name\":\"In\u00edcio\",\"item\":\"http:\/\/jornalismo.ufsj.edu.br\/site\/\"},{\"@type\":\"ListItem\",\"position\":2,\"name\":\"Show encerra semana de oficinas e debates\"}]},{\"@type\":\"WebSite\",\"@id\":\"http:\/\/jornalismo.ufsj.edu.br\/site\/#website\",\"url\":\"http:\/\/jornalismo.ufsj.edu.br\/site\/\",\"name\":\"Jornalismo UFSJ\",\"description\":\"\",\"potentialAction\":[{\"@type\":\"SearchAction\",\"target\":{\"@type\":\"EntryPoint\",\"urlTemplate\":\"http:\/\/jornalismo.ufsj.edu.br\/site\/?s={search_term_string}\"},\"query-input\":\"required name=search_term_string\"}],\"inLanguage\":\"pt-BR\"},{\"@type\":\"Person\",\"@id\":\"\"}]}<\/script>\n<!-- \/ Yoast SEO plugin. -->","yoast_head_json":{"title":"Show encerra semana de oficinas e debates - Jornalismo UFSJ","robots":{"index":"index","follow":"follow","max-snippet":"max-snippet:-1","max-image-preview":"max-image-preview:large","max-video-preview":"max-video-preview:-1"},"canonical":"https:\/\/jornalismo.ufsj.edu.br\/site\/semana-academica\/show-encerra-a-semana-academica\/","og_locale":"pt_BR","og_type":"article","og_title":"Show encerra semana de oficinas e debates - Jornalismo UFSJ","og_description":"Muita m\u00fasica, dan\u00e7as e express\u00f5es culturais do pluralismo brasileiro fecharam a V Semana Acad\u00eamica de Jornalismo da UFSJ com chave de ouro. A iniciativa por meio do Programa de Extens\u00e3o 5\u00aa cultural trouxe como atra\u00e7\u00e3o grupos de dan\u00e7as e o...","og_url":"https:\/\/jornalismo.ufsj.edu.br\/site\/semana-academica\/show-encerra-a-semana-academica\/","og_site_name":"Jornalismo UFSJ","article_publisher":"https:\/\/www.facebook.com\/jornalismoufsj\/","article_published_time":"2016-05-20T17:00:34+00:00","twitter_card":"summary_large_image","twitter_creator":"@jornalismoufsj","twitter_site":"@jornalismoufsj","twitter_misc":{"Escrito por":"","Est. tempo de leitura":"3 minutos"},"schema":{"@context":"https:\/\/schema.org","@graph":[{"@type":"WebPage","@id":"https:\/\/jornalismo.ufsj.edu.br\/site\/semana-academica\/show-encerra-a-semana-academica\/","url":"https:\/\/jornalismo.ufsj.edu.br\/site\/semana-academica\/show-encerra-a-semana-academica\/","name":"Show encerra semana de oficinas e debates - Jornalismo UFSJ","isPartOf":{"@id":"http:\/\/jornalismo.ufsj.edu.br\/site\/#website"},"datePublished":"2016-05-20T17:00:34+00:00","dateModified":"2016-05-20T17:00:34+00:00","author":{"@id":""},"breadcrumb":{"@id":"https:\/\/jornalismo.ufsj.edu.br\/site\/semana-academica\/show-encerra-a-semana-academica\/#breadcrumb"},"inLanguage":"pt-BR","potentialAction":[{"@type":"ReadAction","target":["https:\/\/jornalismo.ufsj.edu.br\/site\/semana-academica\/show-encerra-a-semana-academica\/"]}]},{"@type":"BreadcrumbList","@id":"https:\/\/jornalismo.ufsj.edu.br\/site\/semana-academica\/show-encerra-a-semana-academica\/#breadcrumb","itemListElement":[{"@type":"ListItem","position":1,"name":"In\u00edcio","item":"http:\/\/jornalismo.ufsj.edu.br\/site\/"},{"@type":"ListItem","position":2,"name":"Show encerra semana de oficinas e debates"}]},{"@type":"WebSite","@id":"http:\/\/jornalismo.ufsj.edu.br\/site\/#website","url":"http:\/\/jornalismo.ufsj.edu.br\/site\/","name":"Jornalismo UFSJ","description":"","potentialAction":[{"@type":"SearchAction","target":{"@type":"EntryPoint","urlTemplate":"http:\/\/jornalismo.ufsj.edu.br\/site\/?s={search_term_string}"},"query-input":"required name=search_term_string"}],"inLanguage":"pt-BR"},{"@type":"Person","@id":""}]}},"jetpack_featured_media_url":"","_links":{"self":[{"href":"http:\/\/jornalismo.ufsj.edu.br\/site\/wp-json\/wp\/v2\/posts\/3670"}],"collection":[{"href":"http:\/\/jornalismo.ufsj.edu.br\/site\/wp-json\/wp\/v2\/posts"}],"about":[{"href":"http:\/\/jornalismo.ufsj.edu.br\/site\/wp-json\/wp\/v2\/types\/post"}],"author":[{"embeddable":true,"href":"http:\/\/jornalismo.ufsj.edu.br\/site\/wp-json\/wp\/v2\/users\/3"}],"replies":[{"embeddable":true,"href":"http:\/\/jornalismo.ufsj.edu.br\/site\/wp-json\/wp\/v2\/comments?post=3670"}],"version-history":[{"count":0,"href":"http:\/\/jornalismo.ufsj.edu.br\/site\/wp-json\/wp\/v2\/posts\/3670\/revisions"}],"wp:featuredmedia":[{"embeddable":true,"href":"http:\/\/jornalismo.ufsj.edu.br\/site\/wp-json\/"}],"wp:attachment":[{"href":"http:\/\/jornalismo.ufsj.edu.br\/site\/wp-json\/wp\/v2\/media?parent=3670"}],"wp:term":[{"taxonomy":"category","embeddable":true,"href":"http:\/\/jornalismo.ufsj.edu.br\/site\/wp-json\/wp\/v2\/categories?post=3670"},{"taxonomy":"post_tag","embeddable":true,"href":"http:\/\/jornalismo.ufsj.edu.br\/site\/wp-json\/wp\/v2\/tags?post=3670"}],"curies":[{"name":"wp","href":"https:\/\/api.w.org\/{rel}","templated":true}]}}