{"id":3592,"date":"2016-05-19T17:01:22","date_gmt":"2016-05-19T17:01:22","guid":{"rendered":"http:\/\/jornalismo.ufsj.edu.br\/?p=3592"},"modified":"2016-05-19T17:01:22","modified_gmt":"2016-05-19T17:01:22","slug":"jornalismo-tambem-e-arte","status":"publish","type":"post","link":"http:\/\/jornalismo.ufsj.edu.br\/site\/semana-academica\/jornalismo-tambem-e-arte\/","title":{"rendered":"Jornalismo tamb\u00e9m \u00e9 arte"},"content":{"rendered":"<p>As mesas redondas trouxeram diferentes maneiras de atuar como jornalista sem depender do mercado tradicional e das grandes m\u00eddias. Ontem foi a vez de falar sobre jornalismo que faz arte com a ex-aluna e atual cartunista do jornal <a href=\"http:\/\/barbacenaonline.com.br\/\" target=\"_blank\">Barbacena Online<\/a>\u00a0Bruna de Faria e\u00a0 Leandro Lopes, jornalista do n\u00facleo de reportagens especiais da <a href=\"http:\/\/redeminas.tv\/\" target=\"_blank\">Rede Minas<\/a>.<\/p>\n<p>Muitas vezes nos preocupamos em nos encaixar nos padr\u00f5es da grande m\u00eddia e deixamos os nossos projetos mais sonhadores de lado. Por que n\u00e3o inovar?\u00a0Pedro Lago, poeta, agitador cultural e calouro do curso de Jornalismo tem suas opini\u00f5es sobre o assunto e \u00e9 pela poesia que ele d\u00e1 sua resposta.<\/p>\n<blockquote><p>&#8220;(N\u00e3o) penso, (n\u00e3o) imagino, fa\u00e7o. N\u00e3o fa\u00e7o nada (- \u00e9) o que penso. Sinto muito: sonho o sonho que (n\u00e3o) vivo. Acordo com um peso enorme na nuca. O primeiro golpe a gente nunca esquece, n\u00e3o posso n\u00e3o fazer nada, calar-me&#8230; Se eu n\u00e3o fa\u00e7o o bem que quero, E se fa\u00e7o o mal que n\u00e3o quero, Ent\u00e3o deveria fazer o que n\u00e3o quero e n\u00e3o fazer o que quero (?!) Devo entrar na pauta? Dan\u00e7ar nu no mercado? Jogar o jogo? Com tanta ferramenta! Com tanto Alto conhecimento! Eu me comunico comigo (?) Eu comungo co\u00b4amigo (?) Sinto-me Um&#8230; (???) Com um verso, Preencho a pauta&#8230; A pauta n\u00e3o me preenche. Compreendo a mat\u00e9ria. A mat\u00e9ria n\u00e3o me compreende. O problema \u00e9 da comunica\u00e7\u00e3o. Encho a pauta com o que a alma quer&#8230;\u00a0\u00c9, Poesia o que interessa&#8230; O resto \u00e9 prosa, desabafo, breve exce\u00e7\u00e3o&#8221;.<\/p><\/blockquote>\n\n<p style=\"text-align:right;\">Texto: Tulio Moura e Dani da Gama<br \/>\nCr\u00e9dito das Fotos: Maria J\u00falia Rodrigues<\/p>\n","protected":false},"excerpt":{"rendered":"<p>As mesas redondas trouxeram diferentes maneiras de atuar como jornalista sem depender do mercado tradicional e das grandes m\u00eddias. Ontem foi a vez de falar sobre jornalismo que faz arte com a ex-aluna e atual cartunista do jornal Barbacena Online\u00a0Bruna&#8230;<\/p>\n","protected":false},"author":3,"featured_media":3662,"comment_status":"open","ping_status":"open","sticky":false,"template":"","format":"standard","meta":{"_monsterinsights_skip_tracking":false,"_monsterinsights_sitenote_active":false,"_monsterinsights_sitenote_note":"","_monsterinsights_sitenote_category":0},"categories":[71],"tags":[],"yoast_head":"<!-- This site is optimized with the Yoast SEO plugin v20.6 - https:\/\/yoast.com\/wordpress\/plugins\/seo\/ -->\n<title>Jornalismo tamb\u00e9m \u00e9 arte - Jornalismo UFSJ<\/title>\n<meta name=\"robots\" content=\"index, follow, max-snippet:-1, max-image-preview:large, max-video-preview:-1\" \/>\n<link rel=\"canonical\" href=\"http:\/\/jornalismo.ufsj.edu.br\/site\/semana-academica\/jornalismo-tambem-e-arte\/\" \/>\n<meta property=\"og:locale\" content=\"pt_BR\" \/>\n<meta property=\"og:type\" content=\"article\" \/>\n<meta property=\"og:title\" content=\"Jornalismo tamb\u00e9m \u00e9 arte - Jornalismo UFSJ\" \/>\n<meta property=\"og:description\" content=\"As mesas redondas trouxeram diferentes maneiras de atuar como jornalista sem depender do mercado tradicional e das grandes m\u00eddias. Ontem foi a vez de falar sobre jornalismo que faz arte com a ex-aluna e atual cartunista do jornal Barbacena Online\u00a0Bruna...\" \/>\n<meta property=\"og:url\" content=\"http:\/\/jornalismo.ufsj.edu.br\/site\/semana-academica\/jornalismo-tambem-e-arte\/\" \/>\n<meta property=\"og:site_name\" content=\"Jornalismo UFSJ\" \/>\n<meta property=\"article:publisher\" content=\"https:\/\/www.facebook.com\/jornalismoufsj\/\" \/>\n<meta property=\"article:published_time\" content=\"2016-05-19T17:01:22+00:00\" \/>\n<meta name=\"twitter:card\" content=\"summary_large_image\" \/>\n<meta name=\"twitter:creator\" content=\"@jornalismoufsj\" \/>\n<meta name=\"twitter:site\" content=\"@jornalismoufsj\" \/>\n<meta name=\"twitter:label1\" content=\"Escrito por\" \/>\n\t<meta name=\"twitter:data1\" content=\"\" \/>\n\t<meta name=\"twitter:label2\" content=\"Est. tempo de leitura\" \/>\n\t<meta name=\"twitter:data2\" content=\"1 minuto\" \/>\n<script type=\"application\/ld+json\" class=\"yoast-schema-graph\">{\"@context\":\"https:\/\/schema.org\",\"@graph\":[{\"@type\":\"WebPage\",\"@id\":\"http:\/\/jornalismo.ufsj.edu.br\/site\/semana-academica\/jornalismo-tambem-e-arte\/\",\"url\":\"http:\/\/jornalismo.ufsj.edu.br\/site\/semana-academica\/jornalismo-tambem-e-arte\/\",\"name\":\"Jornalismo tamb\u00e9m \u00e9 arte - Jornalismo UFSJ\",\"isPartOf\":{\"@id\":\"http:\/\/jornalismo.ufsj.edu.br\/site\/#website\"},\"datePublished\":\"2016-05-19T17:01:22+00:00\",\"dateModified\":\"2016-05-19T17:01:22+00:00\",\"author\":{\"@id\":\"\"},\"breadcrumb\":{\"@id\":\"http:\/\/jornalismo.ufsj.edu.br\/site\/semana-academica\/jornalismo-tambem-e-arte\/#breadcrumb\"},\"inLanguage\":\"pt-BR\",\"potentialAction\":[{\"@type\":\"ReadAction\",\"target\":[\"http:\/\/jornalismo.ufsj.edu.br\/site\/semana-academica\/jornalismo-tambem-e-arte\/\"]}]},{\"@type\":\"BreadcrumbList\",\"@id\":\"http:\/\/jornalismo.ufsj.edu.br\/site\/semana-academica\/jornalismo-tambem-e-arte\/#breadcrumb\",\"itemListElement\":[{\"@type\":\"ListItem\",\"position\":1,\"name\":\"In\u00edcio\",\"item\":\"http:\/\/jornalismo.ufsj.edu.br\/site\/\"},{\"@type\":\"ListItem\",\"position\":2,\"name\":\"Jornalismo tamb\u00e9m \u00e9 arte\"}]},{\"@type\":\"WebSite\",\"@id\":\"http:\/\/jornalismo.ufsj.edu.br\/site\/#website\",\"url\":\"http:\/\/jornalismo.ufsj.edu.br\/site\/\",\"name\":\"Jornalismo UFSJ\",\"description\":\"\",\"potentialAction\":[{\"@type\":\"SearchAction\",\"target\":{\"@type\":\"EntryPoint\",\"urlTemplate\":\"http:\/\/jornalismo.ufsj.edu.br\/site\/?s={search_term_string}\"},\"query-input\":\"required name=search_term_string\"}],\"inLanguage\":\"pt-BR\"},{\"@type\":\"Person\",\"@id\":\"\"}]}<\/script>\n<!-- \/ Yoast SEO plugin. -->","yoast_head_json":{"title":"Jornalismo tamb\u00e9m \u00e9 arte - Jornalismo UFSJ","robots":{"index":"index","follow":"follow","max-snippet":"max-snippet:-1","max-image-preview":"max-image-preview:large","max-video-preview":"max-video-preview:-1"},"canonical":"http:\/\/jornalismo.ufsj.edu.br\/site\/semana-academica\/jornalismo-tambem-e-arte\/","og_locale":"pt_BR","og_type":"article","og_title":"Jornalismo tamb\u00e9m \u00e9 arte - Jornalismo UFSJ","og_description":"As mesas redondas trouxeram diferentes maneiras de atuar como jornalista sem depender do mercado tradicional e das grandes m\u00eddias. Ontem foi a vez de falar sobre jornalismo que faz arte com a ex-aluna e atual cartunista do jornal Barbacena Online\u00a0Bruna...","og_url":"http:\/\/jornalismo.ufsj.edu.br\/site\/semana-academica\/jornalismo-tambem-e-arte\/","og_site_name":"Jornalismo UFSJ","article_publisher":"https:\/\/www.facebook.com\/jornalismoufsj\/","article_published_time":"2016-05-19T17:01:22+00:00","twitter_card":"summary_large_image","twitter_creator":"@jornalismoufsj","twitter_site":"@jornalismoufsj","twitter_misc":{"Escrito por":"","Est. tempo de leitura":"1 minuto"},"schema":{"@context":"https:\/\/schema.org","@graph":[{"@type":"WebPage","@id":"http:\/\/jornalismo.ufsj.edu.br\/site\/semana-academica\/jornalismo-tambem-e-arte\/","url":"http:\/\/jornalismo.ufsj.edu.br\/site\/semana-academica\/jornalismo-tambem-e-arte\/","name":"Jornalismo tamb\u00e9m \u00e9 arte - Jornalismo UFSJ","isPartOf":{"@id":"http:\/\/jornalismo.ufsj.edu.br\/site\/#website"},"datePublished":"2016-05-19T17:01:22+00:00","dateModified":"2016-05-19T17:01:22+00:00","author":{"@id":""},"breadcrumb":{"@id":"http:\/\/jornalismo.ufsj.edu.br\/site\/semana-academica\/jornalismo-tambem-e-arte\/#breadcrumb"},"inLanguage":"pt-BR","potentialAction":[{"@type":"ReadAction","target":["http:\/\/jornalismo.ufsj.edu.br\/site\/semana-academica\/jornalismo-tambem-e-arte\/"]}]},{"@type":"BreadcrumbList","@id":"http:\/\/jornalismo.ufsj.edu.br\/site\/semana-academica\/jornalismo-tambem-e-arte\/#breadcrumb","itemListElement":[{"@type":"ListItem","position":1,"name":"In\u00edcio","item":"http:\/\/jornalismo.ufsj.edu.br\/site\/"},{"@type":"ListItem","position":2,"name":"Jornalismo tamb\u00e9m \u00e9 arte"}]},{"@type":"WebSite","@id":"http:\/\/jornalismo.ufsj.edu.br\/site\/#website","url":"http:\/\/jornalismo.ufsj.edu.br\/site\/","name":"Jornalismo UFSJ","description":"","potentialAction":[{"@type":"SearchAction","target":{"@type":"EntryPoint","urlTemplate":"http:\/\/jornalismo.ufsj.edu.br\/site\/?s={search_term_string}"},"query-input":"required name=search_term_string"}],"inLanguage":"pt-BR"},{"@type":"Person","@id":""}]}},"jetpack_featured_media_url":"","_links":{"self":[{"href":"http:\/\/jornalismo.ufsj.edu.br\/site\/wp-json\/wp\/v2\/posts\/3592"}],"collection":[{"href":"http:\/\/jornalismo.ufsj.edu.br\/site\/wp-json\/wp\/v2\/posts"}],"about":[{"href":"http:\/\/jornalismo.ufsj.edu.br\/site\/wp-json\/wp\/v2\/types\/post"}],"author":[{"embeddable":true,"href":"http:\/\/jornalismo.ufsj.edu.br\/site\/wp-json\/wp\/v2\/users\/3"}],"replies":[{"embeddable":true,"href":"http:\/\/jornalismo.ufsj.edu.br\/site\/wp-json\/wp\/v2\/comments?post=3592"}],"version-history":[{"count":0,"href":"http:\/\/jornalismo.ufsj.edu.br\/site\/wp-json\/wp\/v2\/posts\/3592\/revisions"}],"wp:featuredmedia":[{"embeddable":true,"href":"http:\/\/jornalismo.ufsj.edu.br\/site\/wp-json\/"}],"wp:attachment":[{"href":"http:\/\/jornalismo.ufsj.edu.br\/site\/wp-json\/wp\/v2\/media?parent=3592"}],"wp:term":[{"taxonomy":"category","embeddable":true,"href":"http:\/\/jornalismo.ufsj.edu.br\/site\/wp-json\/wp\/v2\/categories?post=3592"},{"taxonomy":"post_tag","embeddable":true,"href":"http:\/\/jornalismo.ufsj.edu.br\/site\/wp-json\/wp\/v2\/tags?post=3592"}],"curies":[{"name":"wp","href":"https:\/\/api.w.org\/{rel}","templated":true}]}}