{"id":3356,"date":"2016-05-17T13:23:16","date_gmt":"2016-05-17T13:23:16","guid":{"rendered":"http:\/\/jornalismo.ufsj.edu.br\/?p=3356"},"modified":"2016-05-17T13:23:16","modified_gmt":"2016-05-17T13:23:16","slug":"apocaliptica-ou-desafiadora","status":"publish","type":"post","link":"http:\/\/jornalismo.ufsj.edu.br\/site\/semana-academica\/apocaliptica-ou-desafiadora\/","title":{"rendered":"Apocal\u00edptica ou desafiadora?"},"content":{"rendered":"<div id=\"attachment_3373\" style=\"width: 260px\" class=\"wp-caption alignleft\"><img aria-describedby=\"caption-attachment-3373\" loading=\"lazy\" class=\"  wp-image-3373 alignleft\" src=\"http:\/\/jornalismo.ufsj.edu.br\/wp-content\/uploads\/2016\/05\/palestrantes-mesa-segunda.png\" alt=\"palestrantes mesa segunda\" width=\"250\" height=\"250\" \/><p id=\"caption-attachment-3373\" class=\"wp-caption-text\">Cr\u00e9ditos: Maria J\u00falia Rodrigues<\/p><\/div>\n<p>A V Semana Acad\u00eamica do curso de Jornalismo da UFSJ j\u00e1 come\u00e7ou\u00a0intensa. A mesa de debates: \u201cA evolu\u00e7\u00e3o dos ve\u00edculos de comunica\u00e7\u00e3o rumo \u00e0s novas m\u00eddias&#8221; fez todo mundo ir dormir com a pergunta: \u00e9 poss\u00edvel sonhar com uma comunica\u00e7\u00e3o independente e autossustent\u00e1vel nos dias de hoje?<\/p>\n<p>A mesa contou com a participa\u00e7\u00e3o de Leo Drummond, do coletivo fotogr\u00e1fico\u00a0<a href=\"http:\/\/www.nitroimagens.com.br\/quem-somos\/\" target=\"_blank\">Nitro<\/a>\u00a0Imagens e membro do coletivo <a href=\"https:\/\/medium.com\/jornalistas-livres\" target=\"_blank\">Jornalistas Livres<\/a>\u00a0e\u00a0de Richardson Pontone, professor, publicit\u00e1rio e documentarista. Os convidados colocaram na roda os principais dilemas que envolvem o jornalismo independente e colaborativo e a distribui\u00e7\u00e3o da informa\u00e7\u00e3o.<\/p>\n<p>Richardson Pontone, professor e pesquisador da UEMG, ressaltou\u00a0a import\u00e2ncia do jornalismo independente em reconfigurar narrativas produzidas pela m\u00eddia tradicional \u2013 ou seja, possibilitar que outras hist\u00f3rias sejam tamb\u00e9m contadas. E nos lembrou que \u00e9 preciso pensar em estrat\u00e9gias que possam\u00a0contribuir para\u00a0o empoderamento das comunidades em realidades locais, em nossas pequenas e m\u00e9dias cidades. (Veja nossa mat\u00e9ria sobre o jornal <a href=\"https:\/\/jornalismoufsj.com.br\/2016\/05\/06\/o-morro-tambem-tem-voz\/\" target=\"_blank\">Voz do Morro<\/a>!).<\/p>\n<p>Mas\u00a0tamb\u00e9m destacou\u00a0os problemas do mercado de trabalho, e o certo &#8220;hero\u00edsmo&#8221; dos que fazem jornalismo fora das grandes m\u00eddias. Avisando, divertido, que n\u00e3o \u00e9 preciso que os alunos v\u00e3o \u00e0 Coordena\u00e7\u00e3o trocar de curso, Pontone encara as novas m\u00eddias e o mercado on line como sa\u00eddas, al\u00e9m do rastreio de novas fontes de financiamento. Para ele,\u00a0o que falta aos comunicadores \u00e9 esp\u00edrito empreendedor para criar modelos de neg\u00f3cios com os quais os jornalistas possam pagar suas contas e aos quais possam se dedicar integralmente.<\/p>\n<p><strong>Jornalistas Livres e a &#8220;prega\u00e7\u00e3o para convertidos&#8221;<\/strong><\/p>\n<p>O fot\u00f3grafo Leo Drummond colaborou demonstrando\u00a0como funciona a rede Jornalistas Livres, que agrega coletivos e profissionais que atuam de maneira independente, em uma rede de informa\u00e7\u00f5es com um interesse em comum: a defesa dos direitos humanos. Drummond explica\u00a0que tudo \u00e9 decidido colaborativamente e a atividade b\u00e1sica \u00e9 na rua, em campos de \u201cguerra\u201d: manifesta\u00e7\u00f5es, situa\u00e7\u00f5es de abuso de direitos humanos e apura\u00e7\u00f5es de den\u00fancias.<\/p>\n<p>Uma \u00f3tima not\u00edcia para voc\u00ea que j\u00e1 saltou na cadeira: a rede aceita trabalhos de estudantes de jornalismo. Hoje s\u00e3o de 30 a 40 postagens por dia\u00a0na\u00a0<a href=\"https:\/\/www.facebook.com\/jornalistaslivres\/?fref=ts\" target=\"_blank\">p\u00e1gina<\/a>\u00a0do grupo, desde charges at\u00e9 v\u00eddeos e fotos.\u00a0Para Leo, \u00e9 uma atividade intensa e um \u00f3timo laborat\u00f3rio de treinamento. Mais ainda no momento vivido hoje no pa\u00eds, que Drummond considera uma \u201cguerra de narrativas\u201d: coletivos de m\u00eddia independente, embora n\u00e3o sejam\u00a0movimentos sociais, d\u00e3o espa\u00e7o para a contra-narrativa que possibilita voz aos movimentos e \u00e0s minorias. Que, em verdade, representam\u00a0a\u00a0grande maioria da popula\u00e7\u00e3o n\u00e3o pautada pela m\u00eddia tradicional.<\/p>\n<p>Entre medos e possibilidades, os dois convidados concordam em frisar a import\u00e2ncia da m\u00eddia para as comunidades. Em meio a jornalistas e estudantes de jornalismo em polvorosa precisamos\u00a0nos perguntar se estamos de verdade fazendo jornalismo para as pessoas, ou conversando entre n\u00f3s mesmos. Se estamos falando com a parte da popula\u00e7\u00e3o que est\u00e1 nos bancos universit\u00e1rios ou efetivamente chegando \u00e0s &#8220;pontas&#8221;, como define\u00a0Pontone, o morador de uma ocupa\u00e7\u00e3o, o aposentado. A bab\u00e1 que vai a uma manifesta\u00e7\u00e3o sem muitas esperan\u00e7as de mudan\u00e7a.<\/p>\n<p>Leo Drummond endossa\u00a0que n\u00e3o podemos continuar \u201cpregando para convertidos\u201d. Traduzindo, \u00e9 preciso criar a\u00e7\u00f5es tamb\u00e9m fora da web, para atingir aquela parte da popula\u00e7\u00e3o que n\u00e3o est\u00e1\u00a0conectada. Criar conte\u00fados diferentes para atingir p\u00fablicos diferentes. E pensar na fun\u00e7\u00e3o da Comunica\u00e7\u00e3o Social. Buscar a inclus\u00e3o, no discurso e na distribui\u00e7\u00e3o da informa\u00e7\u00e3o, da parcela da popula\u00e7\u00e3o que legitimar\u00e1 o movimento como, realmente, de democratiza\u00e7\u00e3o. Da m\u00eddia, e do pa\u00eds.<\/p>\n<p>Se a palestra te deu sensa\u00e7\u00f5es f\u00edsicas que foram do cora\u00e7\u00e3o apertado ao brilho nos olhos, fique tranquilo: voc\u00ea est\u00e1 na profiss\u00e3o certa! E a Semana est\u00e1 s\u00f3 come\u00e7ando!<\/p>\n<p style=\"text-align:right;\">Texto: Dani da Gama<\/p>\n<p>&nbsp;<\/p>\n<p>&nbsp;<\/p>\n","protected":false},"excerpt":{"rendered":"<p>A V Semana Acad\u00eamica do curso de Jornalismo da UFSJ j\u00e1 come\u00e7ou\u00a0intensa. A mesa de debates: \u201cA evolu\u00e7\u00e3o dos ve\u00edculos de comunica\u00e7\u00e3o rumo \u00e0s novas m\u00eddias&#8221; fez todo mundo ir dormir com a pergunta: \u00e9 poss\u00edvel sonhar com uma comunica\u00e7\u00e3o&#8230;<\/p>\n","protected":false},"author":3,"featured_media":3457,"comment_status":"open","ping_status":"open","sticky":false,"template":"","format":"standard","meta":{"_monsterinsights_skip_tracking":false,"_monsterinsights_sitenote_active":false,"_monsterinsights_sitenote_note":"","_monsterinsights_sitenote_category":0},"categories":[71],"tags":[],"yoast_head":"<!-- This site is optimized with the Yoast SEO plugin v20.6 - https:\/\/yoast.com\/wordpress\/plugins\/seo\/ -->\n<title>Apocal\u00edptica ou desafiadora? - Jornalismo UFSJ<\/title>\n<meta name=\"robots\" content=\"index, follow, max-snippet:-1, max-image-preview:large, max-video-preview:-1\" \/>\n<link rel=\"canonical\" href=\"http:\/\/jornalismo.ufsj.edu.br\/site\/semana-academica\/apocaliptica-ou-desafiadora\/\" \/>\n<meta property=\"og:locale\" content=\"pt_BR\" \/>\n<meta property=\"og:type\" content=\"article\" \/>\n<meta property=\"og:title\" content=\"Apocal\u00edptica ou desafiadora? - Jornalismo UFSJ\" \/>\n<meta property=\"og:description\" content=\"A V Semana Acad\u00eamica do curso de Jornalismo da UFSJ j\u00e1 come\u00e7ou\u00a0intensa. A mesa de debates: \u201cA evolu\u00e7\u00e3o dos ve\u00edculos de comunica\u00e7\u00e3o rumo \u00e0s novas m\u00eddias&#8221; fez todo mundo ir dormir com a pergunta: \u00e9 poss\u00edvel sonhar com uma comunica\u00e7\u00e3o...\" \/>\n<meta property=\"og:url\" content=\"http:\/\/jornalismo.ufsj.edu.br\/site\/semana-academica\/apocaliptica-ou-desafiadora\/\" \/>\n<meta property=\"og:site_name\" content=\"Jornalismo UFSJ\" \/>\n<meta property=\"article:publisher\" content=\"https:\/\/www.facebook.com\/jornalismoufsj\/\" \/>\n<meta property=\"article:published_time\" content=\"2016-05-17T13:23:16+00:00\" \/>\n<meta name=\"twitter:card\" content=\"summary_large_image\" \/>\n<meta name=\"twitter:creator\" content=\"@jornalismoufsj\" \/>\n<meta name=\"twitter:site\" content=\"@jornalismoufsj\" \/>\n<meta name=\"twitter:label1\" content=\"Escrito por\" \/>\n\t<meta name=\"twitter:data1\" content=\"\" \/>\n\t<meta name=\"twitter:label2\" content=\"Est. tempo de leitura\" \/>\n\t<meta name=\"twitter:data2\" content=\"3 minutos\" \/>\n<script type=\"application\/ld+json\" class=\"yoast-schema-graph\">{\"@context\":\"https:\/\/schema.org\",\"@graph\":[{\"@type\":\"WebPage\",\"@id\":\"http:\/\/jornalismo.ufsj.edu.br\/site\/semana-academica\/apocaliptica-ou-desafiadora\/\",\"url\":\"http:\/\/jornalismo.ufsj.edu.br\/site\/semana-academica\/apocaliptica-ou-desafiadora\/\",\"name\":\"Apocal\u00edptica ou desafiadora? - Jornalismo UFSJ\",\"isPartOf\":{\"@id\":\"http:\/\/jornalismo.ufsj.edu.br\/site\/#website\"},\"datePublished\":\"2016-05-17T13:23:16+00:00\",\"dateModified\":\"2016-05-17T13:23:16+00:00\",\"author\":{\"@id\":\"\"},\"breadcrumb\":{\"@id\":\"http:\/\/jornalismo.ufsj.edu.br\/site\/semana-academica\/apocaliptica-ou-desafiadora\/#breadcrumb\"},\"inLanguage\":\"pt-BR\",\"potentialAction\":[{\"@type\":\"ReadAction\",\"target\":[\"http:\/\/jornalismo.ufsj.edu.br\/site\/semana-academica\/apocaliptica-ou-desafiadora\/\"]}]},{\"@type\":\"BreadcrumbList\",\"@id\":\"http:\/\/jornalismo.ufsj.edu.br\/site\/semana-academica\/apocaliptica-ou-desafiadora\/#breadcrumb\",\"itemListElement\":[{\"@type\":\"ListItem\",\"position\":1,\"name\":\"In\u00edcio\",\"item\":\"http:\/\/jornalismo.ufsj.edu.br\/site\/\"},{\"@type\":\"ListItem\",\"position\":2,\"name\":\"Apocal\u00edptica ou desafiadora?\"}]},{\"@type\":\"WebSite\",\"@id\":\"http:\/\/jornalismo.ufsj.edu.br\/site\/#website\",\"url\":\"http:\/\/jornalismo.ufsj.edu.br\/site\/\",\"name\":\"Jornalismo UFSJ\",\"description\":\"\",\"potentialAction\":[{\"@type\":\"SearchAction\",\"target\":{\"@type\":\"EntryPoint\",\"urlTemplate\":\"http:\/\/jornalismo.ufsj.edu.br\/site\/?s={search_term_string}\"},\"query-input\":\"required name=search_term_string\"}],\"inLanguage\":\"pt-BR\"},{\"@type\":\"Person\",\"@id\":\"\"}]}<\/script>\n<!-- \/ Yoast SEO plugin. -->","yoast_head_json":{"title":"Apocal\u00edptica ou desafiadora? - Jornalismo UFSJ","robots":{"index":"index","follow":"follow","max-snippet":"max-snippet:-1","max-image-preview":"max-image-preview:large","max-video-preview":"max-video-preview:-1"},"canonical":"http:\/\/jornalismo.ufsj.edu.br\/site\/semana-academica\/apocaliptica-ou-desafiadora\/","og_locale":"pt_BR","og_type":"article","og_title":"Apocal\u00edptica ou desafiadora? - Jornalismo UFSJ","og_description":"A V Semana Acad\u00eamica do curso de Jornalismo da UFSJ j\u00e1 come\u00e7ou\u00a0intensa. A mesa de debates: \u201cA evolu\u00e7\u00e3o dos ve\u00edculos de comunica\u00e7\u00e3o rumo \u00e0s novas m\u00eddias&#8221; fez todo mundo ir dormir com a pergunta: \u00e9 poss\u00edvel sonhar com uma comunica\u00e7\u00e3o...","og_url":"http:\/\/jornalismo.ufsj.edu.br\/site\/semana-academica\/apocaliptica-ou-desafiadora\/","og_site_name":"Jornalismo UFSJ","article_publisher":"https:\/\/www.facebook.com\/jornalismoufsj\/","article_published_time":"2016-05-17T13:23:16+00:00","twitter_card":"summary_large_image","twitter_creator":"@jornalismoufsj","twitter_site":"@jornalismoufsj","twitter_misc":{"Escrito por":"","Est. tempo de leitura":"3 minutos"},"schema":{"@context":"https:\/\/schema.org","@graph":[{"@type":"WebPage","@id":"http:\/\/jornalismo.ufsj.edu.br\/site\/semana-academica\/apocaliptica-ou-desafiadora\/","url":"http:\/\/jornalismo.ufsj.edu.br\/site\/semana-academica\/apocaliptica-ou-desafiadora\/","name":"Apocal\u00edptica ou desafiadora? - Jornalismo UFSJ","isPartOf":{"@id":"http:\/\/jornalismo.ufsj.edu.br\/site\/#website"},"datePublished":"2016-05-17T13:23:16+00:00","dateModified":"2016-05-17T13:23:16+00:00","author":{"@id":""},"breadcrumb":{"@id":"http:\/\/jornalismo.ufsj.edu.br\/site\/semana-academica\/apocaliptica-ou-desafiadora\/#breadcrumb"},"inLanguage":"pt-BR","potentialAction":[{"@type":"ReadAction","target":["http:\/\/jornalismo.ufsj.edu.br\/site\/semana-academica\/apocaliptica-ou-desafiadora\/"]}]},{"@type":"BreadcrumbList","@id":"http:\/\/jornalismo.ufsj.edu.br\/site\/semana-academica\/apocaliptica-ou-desafiadora\/#breadcrumb","itemListElement":[{"@type":"ListItem","position":1,"name":"In\u00edcio","item":"http:\/\/jornalismo.ufsj.edu.br\/site\/"},{"@type":"ListItem","position":2,"name":"Apocal\u00edptica ou desafiadora?"}]},{"@type":"WebSite","@id":"http:\/\/jornalismo.ufsj.edu.br\/site\/#website","url":"http:\/\/jornalismo.ufsj.edu.br\/site\/","name":"Jornalismo UFSJ","description":"","potentialAction":[{"@type":"SearchAction","target":{"@type":"EntryPoint","urlTemplate":"http:\/\/jornalismo.ufsj.edu.br\/site\/?s={search_term_string}"},"query-input":"required name=search_term_string"}],"inLanguage":"pt-BR"},{"@type":"Person","@id":""}]}},"jetpack_featured_media_url":"","_links":{"self":[{"href":"http:\/\/jornalismo.ufsj.edu.br\/site\/wp-json\/wp\/v2\/posts\/3356"}],"collection":[{"href":"http:\/\/jornalismo.ufsj.edu.br\/site\/wp-json\/wp\/v2\/posts"}],"about":[{"href":"http:\/\/jornalismo.ufsj.edu.br\/site\/wp-json\/wp\/v2\/types\/post"}],"author":[{"embeddable":true,"href":"http:\/\/jornalismo.ufsj.edu.br\/site\/wp-json\/wp\/v2\/users\/3"}],"replies":[{"embeddable":true,"href":"http:\/\/jornalismo.ufsj.edu.br\/site\/wp-json\/wp\/v2\/comments?post=3356"}],"version-history":[{"count":0,"href":"http:\/\/jornalismo.ufsj.edu.br\/site\/wp-json\/wp\/v2\/posts\/3356\/revisions"}],"wp:featuredmedia":[{"embeddable":true,"href":"http:\/\/jornalismo.ufsj.edu.br\/site\/wp-json\/"}],"wp:attachment":[{"href":"http:\/\/jornalismo.ufsj.edu.br\/site\/wp-json\/wp\/v2\/media?parent=3356"}],"wp:term":[{"taxonomy":"category","embeddable":true,"href":"http:\/\/jornalismo.ufsj.edu.br\/site\/wp-json\/wp\/v2\/categories?post=3356"},{"taxonomy":"post_tag","embeddable":true,"href":"http:\/\/jornalismo.ufsj.edu.br\/site\/wp-json\/wp\/v2\/tags?post=3356"}],"curies":[{"name":"wp","href":"https:\/\/api.w.org\/{rel}","templated":true}]}}