{"id":3345,"date":"2016-05-16T16:58:29","date_gmt":"2016-05-16T16:58:29","guid":{"rendered":"http:\/\/jornalismo.ufsj.edu.br\/?p=3345"},"modified":"2016-05-16T16:58:29","modified_gmt":"2016-05-16T16:58:29","slug":"comeca-hoje-a-semana-academica","status":"publish","type":"post","link":"http:\/\/jornalismo.ufsj.edu.br\/site\/semana-academica\/comeca-hoje-a-semana-academica\/","title":{"rendered":"Come\u00e7a hoje a Semana Acad\u00eamica"},"content":{"rendered":"<p><img loading=\"lazy\" class=\" size-full wp-image-3159 alignleft\" src=\"http:\/\/jornalismo.ufsj.edu.br\/wp-content\/uploads\/2016\/05\/arte-jornalismo.png\" alt=\"Arte Jornalismo\" width=\"180\" height=\"180\" \/><br \/>\nSe liga que essa semana \u00e9 especial para voc\u00eas!<br \/>\nAcontece a V Semana Acad\u00eamica de Jornalismo da UFSJ. Teremos mesas redondas, exposi\u00e7\u00f5es, oficinas e muito mais.<br \/>\nNo fim fecharemos com a tradicional calourada do Jornalismo.<\/p>\n<div class=\"text_exposed_show\">\n<p>Acompanhe a nossa cobertura na <a href=\"https:\/\/www.facebook.com\/jornalismoufsj\/?fref=ts\" target=\"_blank\">fanpage<\/a>\u00a0e no nosso site!<\/p>\n<\/div>\n","protected":false},"excerpt":{"rendered":"<p>Se liga que essa semana \u00e9 especial para voc\u00eas! Acontece a V Semana Acad\u00eamica de Jornalismo da UFSJ. Teremos mesas redondas, exposi\u00e7\u00f5es, oficinas e muito mais. No fim fecharemos com a tradicional calourada do Jornalismo. Acompanhe a nossa cobertura na&#8230;<\/p>\n","protected":false},"author":3,"featured_media":3352,"comment_status":"open","ping_status":"open","sticky":false,"template":"","format":"standard","meta":{"_monsterinsights_skip_tracking":false,"_monsterinsights_sitenote_active":false,"_monsterinsights_sitenote_note":"","_monsterinsights_sitenote_category":0},"categories":[71],"tags":[],"yoast_head":"<!-- This site is optimized with the Yoast SEO plugin v20.6 - https:\/\/yoast.com\/wordpress\/plugins\/seo\/ -->\n<title>Come\u00e7a hoje a Semana Acad\u00eamica - Jornalismo UFSJ<\/title>\n<meta name=\"robots\" content=\"index, follow, max-snippet:-1, max-image-preview:large, max-video-preview:-1\" \/>\n<link rel=\"canonical\" href=\"http:\/\/jornalismo.ufsj.edu.br\/site\/semana-academica\/comeca-hoje-a-semana-academica\/\" \/>\n<meta property=\"og:locale\" content=\"pt_BR\" \/>\n<meta property=\"og:type\" content=\"article\" \/>\n<meta property=\"og:title\" content=\"Come\u00e7a hoje a Semana Acad\u00eamica - Jornalismo UFSJ\" \/>\n<meta property=\"og:description\" content=\"Se liga que essa semana \u00e9 especial para voc\u00eas! Acontece a V Semana Acad\u00eamica de Jornalismo da UFSJ. Teremos mesas redondas, exposi\u00e7\u00f5es, oficinas e muito mais. No fim fecharemos com a tradicional calourada do Jornalismo. Acompanhe a nossa cobertura na...\" \/>\n<meta property=\"og:url\" content=\"http:\/\/jornalismo.ufsj.edu.br\/site\/semana-academica\/comeca-hoje-a-semana-academica\/\" \/>\n<meta property=\"og:site_name\" content=\"Jornalismo UFSJ\" \/>\n<meta property=\"article:publisher\" content=\"https:\/\/www.facebook.com\/jornalismoufsj\/\" \/>\n<meta property=\"article:published_time\" content=\"2016-05-16T16:58:29+00:00\" \/>\n<meta name=\"twitter:card\" content=\"summary_large_image\" \/>\n<meta name=\"twitter:creator\" content=\"@jornalismoufsj\" \/>\n<meta name=\"twitter:site\" content=\"@jornalismoufsj\" \/>\n<meta name=\"twitter:label1\" content=\"Escrito por\" \/>\n\t<meta name=\"twitter:data1\" content=\"\" \/>\n<script type=\"application\/ld+json\" class=\"yoast-schema-graph\">{\"@context\":\"https:\/\/schema.org\",\"@graph\":[{\"@type\":\"WebPage\",\"@id\":\"http:\/\/jornalismo.ufsj.edu.br\/site\/semana-academica\/comeca-hoje-a-semana-academica\/\",\"url\":\"http:\/\/jornalismo.ufsj.edu.br\/site\/semana-academica\/comeca-hoje-a-semana-academica\/\",\"name\":\"Come\u00e7a hoje a Semana Acad\u00eamica - Jornalismo UFSJ\",\"isPartOf\":{\"@id\":\"http:\/\/jornalismo.ufsj.edu.br\/site\/#website\"},\"datePublished\":\"2016-05-16T16:58:29+00:00\",\"dateModified\":\"2016-05-16T16:58:29+00:00\",\"author\":{\"@id\":\"\"},\"breadcrumb\":{\"@id\":\"http:\/\/jornalismo.ufsj.edu.br\/site\/semana-academica\/comeca-hoje-a-semana-academica\/#breadcrumb\"},\"inLanguage\":\"pt-BR\",\"potentialAction\":[{\"@type\":\"ReadAction\",\"target\":[\"http:\/\/jornalismo.ufsj.edu.br\/site\/semana-academica\/comeca-hoje-a-semana-academica\/\"]}]},{\"@type\":\"BreadcrumbList\",\"@id\":\"http:\/\/jornalismo.ufsj.edu.br\/site\/semana-academica\/comeca-hoje-a-semana-academica\/#breadcrumb\",\"itemListElement\":[{\"@type\":\"ListItem\",\"position\":1,\"name\":\"In\u00edcio\",\"item\":\"http:\/\/jornalismo.ufsj.edu.br\/site\/\"},{\"@type\":\"ListItem\",\"position\":2,\"name\":\"Come\u00e7a hoje a Semana Acad\u00eamica\"}]},{\"@type\":\"WebSite\",\"@id\":\"http:\/\/jornalismo.ufsj.edu.br\/site\/#website\",\"url\":\"http:\/\/jornalismo.ufsj.edu.br\/site\/\",\"name\":\"Jornalismo UFSJ\",\"description\":\"\",\"potentialAction\":[{\"@type\":\"SearchAction\",\"target\":{\"@type\":\"EntryPoint\",\"urlTemplate\":\"http:\/\/jornalismo.ufsj.edu.br\/site\/?s={search_term_string}\"},\"query-input\":\"required name=search_term_string\"}],\"inLanguage\":\"pt-BR\"},{\"@type\":\"Person\",\"@id\":\"\"}]}<\/script>\n<!-- \/ Yoast SEO plugin. -->","yoast_head_json":{"title":"Come\u00e7a hoje a Semana Acad\u00eamica - Jornalismo UFSJ","robots":{"index":"index","follow":"follow","max-snippet":"max-snippet:-1","max-image-preview":"max-image-preview:large","max-video-preview":"max-video-preview:-1"},"canonical":"http:\/\/jornalismo.ufsj.edu.br\/site\/semana-academica\/comeca-hoje-a-semana-academica\/","og_locale":"pt_BR","og_type":"article","og_title":"Come\u00e7a hoje a Semana Acad\u00eamica - Jornalismo UFSJ","og_description":"Se liga que essa semana \u00e9 especial para voc\u00eas! Acontece a V Semana Acad\u00eamica de Jornalismo da UFSJ. Teremos mesas redondas, exposi\u00e7\u00f5es, oficinas e muito mais. No fim fecharemos com a tradicional calourada do Jornalismo. Acompanhe a nossa cobertura na...","og_url":"http:\/\/jornalismo.ufsj.edu.br\/site\/semana-academica\/comeca-hoje-a-semana-academica\/","og_site_name":"Jornalismo UFSJ","article_publisher":"https:\/\/www.facebook.com\/jornalismoufsj\/","article_published_time":"2016-05-16T16:58:29+00:00","twitter_card":"summary_large_image","twitter_creator":"@jornalismoufsj","twitter_site":"@jornalismoufsj","twitter_misc":{"Escrito por":""},"schema":{"@context":"https:\/\/schema.org","@graph":[{"@type":"WebPage","@id":"http:\/\/jornalismo.ufsj.edu.br\/site\/semana-academica\/comeca-hoje-a-semana-academica\/","url":"http:\/\/jornalismo.ufsj.edu.br\/site\/semana-academica\/comeca-hoje-a-semana-academica\/","name":"Come\u00e7a hoje a Semana Acad\u00eamica - Jornalismo UFSJ","isPartOf":{"@id":"http:\/\/jornalismo.ufsj.edu.br\/site\/#website"},"datePublished":"2016-05-16T16:58:29+00:00","dateModified":"2016-05-16T16:58:29+00:00","author":{"@id":""},"breadcrumb":{"@id":"http:\/\/jornalismo.ufsj.edu.br\/site\/semana-academica\/comeca-hoje-a-semana-academica\/#breadcrumb"},"inLanguage":"pt-BR","potentialAction":[{"@type":"ReadAction","target":["http:\/\/jornalismo.ufsj.edu.br\/site\/semana-academica\/comeca-hoje-a-semana-academica\/"]}]},{"@type":"BreadcrumbList","@id":"http:\/\/jornalismo.ufsj.edu.br\/site\/semana-academica\/comeca-hoje-a-semana-academica\/#breadcrumb","itemListElement":[{"@type":"ListItem","position":1,"name":"In\u00edcio","item":"http:\/\/jornalismo.ufsj.edu.br\/site\/"},{"@type":"ListItem","position":2,"name":"Come\u00e7a hoje a Semana Acad\u00eamica"}]},{"@type":"WebSite","@id":"http:\/\/jornalismo.ufsj.edu.br\/site\/#website","url":"http:\/\/jornalismo.ufsj.edu.br\/site\/","name":"Jornalismo UFSJ","description":"","potentialAction":[{"@type":"SearchAction","target":{"@type":"EntryPoint","urlTemplate":"http:\/\/jornalismo.ufsj.edu.br\/site\/?s={search_term_string}"},"query-input":"required name=search_term_string"}],"inLanguage":"pt-BR"},{"@type":"Person","@id":""}]}},"jetpack_featured_media_url":"","_links":{"self":[{"href":"http:\/\/jornalismo.ufsj.edu.br\/site\/wp-json\/wp\/v2\/posts\/3345"}],"collection":[{"href":"http:\/\/jornalismo.ufsj.edu.br\/site\/wp-json\/wp\/v2\/posts"}],"about":[{"href":"http:\/\/jornalismo.ufsj.edu.br\/site\/wp-json\/wp\/v2\/types\/post"}],"author":[{"embeddable":true,"href":"http:\/\/jornalismo.ufsj.edu.br\/site\/wp-json\/wp\/v2\/users\/3"}],"replies":[{"embeddable":true,"href":"http:\/\/jornalismo.ufsj.edu.br\/site\/wp-json\/wp\/v2\/comments?post=3345"}],"version-history":[{"count":0,"href":"http:\/\/jornalismo.ufsj.edu.br\/site\/wp-json\/wp\/v2\/posts\/3345\/revisions"}],"wp:featuredmedia":[{"embeddable":true,"href":"http:\/\/jornalismo.ufsj.edu.br\/site\/wp-json\/"}],"wp:attachment":[{"href":"http:\/\/jornalismo.ufsj.edu.br\/site\/wp-json\/wp\/v2\/media?parent=3345"}],"wp:term":[{"taxonomy":"category","embeddable":true,"href":"http:\/\/jornalismo.ufsj.edu.br\/site\/wp-json\/wp\/v2\/categories?post=3345"},{"taxonomy":"post_tag","embeddable":true,"href":"http:\/\/jornalismo.ufsj.edu.br\/site\/wp-json\/wp\/v2\/tags?post=3345"}],"curies":[{"name":"wp","href":"https:\/\/api.w.org\/{rel}","templated":true}]}}