{"id":3270,"date":"2016-05-13T16:20:21","date_gmt":"2016-05-13T16:20:21","guid":{"rendered":"http:\/\/jornalismo.ufsj.edu.br\/?p=3270"},"modified":"2016-05-13T16:20:21","modified_gmt":"2016-05-13T16:20:21","slug":"olhares","status":"publish","type":"post","link":"http:\/\/jornalismo.ufsj.edu.br\/site\/fotografia\/olhares\/","title":{"rendered":"Olhares &#8211; Jos\u00e9 Eug\u00eanio"},"content":{"rendered":"<p><span class=\"_5yl5\">&#8220;Fotografar \u00e9 colocar na mesma linha de mira a cabe\u00e7a, o olho e o cora\u00e7\u00e3o&#8221;, disse <\/span><a href=\"http:\/\/foto.espm.br\/index.php\/o-curso\/mestres-da-fotografia-henri-cartier-bresson\/\" target=\"_blank\">Henri Cartier-Bresson<\/a>, fot\u00f3grafo franc\u00eas que viveu no s\u00e9culo XX. A s\u00e9rie &#8220;Olhares&#8221; busca compartilhar um pouco do que esse &#8216;conjunto fotogr\u00e1fico&#8217; leva os alunos a fotografar. Muitos alunos descobrem o fasc\u00ednio pela fotografia ao cursar a disciplina de Fotojornalismo, com a professora K\u00e1tia Lombardi. De fato, \u00e9 uma grande oportunidade para exercitar o olhar fotogr\u00e1fico e mergulhar de cabe\u00e7a nas sensa\u00e7\u00f5es que a fotografia pode nos proporcionar.<\/p>\n<div id=\"attachment_3269\" style=\"width: 260px\" class=\"wp-caption alignleft\"><img aria-describedby=\"caption-attachment-3269\" loading=\"lazy\" class=\"  wp-image-3269 alignleft\" src=\"http:\/\/jornalismo.ufsj.edu.br\/wp-content\/uploads\/2016\/05\/enlight1.jpg\" alt=\"enlight1\" width=\"250\" height=\"250\" \/><p id=\"caption-attachment-3269\" class=\"wp-caption-text\">Jos\u00e9 Eug\u00eanio, aluno do 5\u00b0 per\u00edodo<\/p><\/div>\n<p>A nossa primeira galeria traz fotos de Jos\u00e9 Eug\u00eanio, aluno do 5\u00b0 per\u00edodo. Ele nos contou que desde pequeno tem uma admira\u00e7\u00e3o grande pela beleza da luz difusa nos c\u00e9us. Suas fotos selecionadas buscam mostrar S\u00e3o Jo\u00e3o del-Rei n\u00e3o apenas por seu lado hist\u00f3rico, como as igrejas e a arquitetura colonial\/barroca, mas tamb\u00e9m pelas belezas que o c\u00e9u \u00e9 capaz de exibir.<\/p>\n<p>Jos\u00e9 utilizou algumas t\u00e9cnicas\u00a0 para captar fen\u00f4menos r\u00e1pidos de forma majestosa e contou um pouco pra gente:<\/p>\n<div class=\"_5wd9\">\n<div class=\"_5wde _n4o\">\n<div class=\"_5w1r _3_om _5wdf\">\n<div class=\"_4gx_\">\n<div class=\"_d97\"><span class=\"_5yl5\">&#8220;Pra algumas fotos, a longa exposi\u00e7\u00e3o permite capturar os &#8220;movimentos&#8221; da luz no c\u00e9u, como um raio ou as estrelas; pra outras, o tempo faz muita diferen\u00e7a e ent\u00e3o precisam ser feitas muito rapidamente, como as fotos durante o p\u00f4r do sol, j\u00e1 que em poucos minutos a luz muda completamente na cena&#8221;, afirma o estudante.<br \/>\n<\/span><\/div>\n<\/div>\n<\/div>\n<\/div>\n<div class=\"_d97\"><\/div>\n<div class=\"_d97\"><\/div>\n<\/div>\n<div class=\"_d97\">Confira as fotos que Jos\u00e9 Eug\u00eanio nos enviou:<\/div>\n<div class=\"_d97\"><\/div>\n<div class=\"_d97\">\n\n<p>Mais fotos no <a href=\"http:\/\/flickr.com\/photos\/welovebac0n\" target=\"_blank\">flickr<\/a> do Jos\u00e9<\/p>\n<p>Quer participar? Envie suas fotos para a <a href=\"https:\/\/www.facebook.com\/jornalismoufsj\" target=\"_blank\">fanpage<\/a> do site e aguarde. Toda sexta teremos uma galeria nova.<\/p>\n<\/div>\n<p>&nbsp;<\/p>\n<p>&nbsp;<\/p>\n<p>Texto: T\u00falio Moura<\/p>\n","protected":false},"excerpt":{"rendered":"<p>&#8220;Fotografar \u00e9 colocar na mesma linha de mira a cabe\u00e7a, o olho e o cora\u00e7\u00e3o&#8221;, disse Henri Cartier-Bresson, fot\u00f3grafo franc\u00eas que viveu no s\u00e9culo XX. A s\u00e9rie &#8220;Olhares&#8221; busca compartilhar um pouco do que esse &#8216;conjunto fotogr\u00e1fico&#8217; leva os alunos&#8230;<\/p>\n","protected":false},"author":3,"featured_media":3354,"comment_status":"open","ping_status":"open","sticky":false,"template":"","format":"standard","meta":{"_monsterinsights_skip_tracking":false,"_monsterinsights_sitenote_active":false,"_monsterinsights_sitenote_note":"","_monsterinsights_sitenote_category":0},"categories":[32,57,70],"tags":[81],"yoast_head":"<!-- This site is optimized with the Yoast SEO plugin v20.6 - https:\/\/yoast.com\/wordpress\/plugins\/seo\/ -->\n<title>Olhares - Jos\u00e9 Eug\u00eanio - Jornalismo UFSJ<\/title>\n<meta name=\"robots\" content=\"index, follow, max-snippet:-1, max-image-preview:large, max-video-preview:-1\" \/>\n<link rel=\"canonical\" href=\"http:\/\/jornalismo.ufsj.edu.br\/site\/fotografia\/olhares\/\" \/>\n<meta property=\"og:locale\" content=\"pt_BR\" \/>\n<meta property=\"og:type\" content=\"article\" \/>\n<meta property=\"og:title\" content=\"Olhares - Jos\u00e9 Eug\u00eanio - Jornalismo UFSJ\" \/>\n<meta property=\"og:description\" content=\"&#8220;Fotografar \u00e9 colocar na mesma linha de mira a cabe\u00e7a, o olho e o cora\u00e7\u00e3o&#8221;, disse Henri Cartier-Bresson, fot\u00f3grafo franc\u00eas que viveu no s\u00e9culo XX. A s\u00e9rie &#8220;Olhares&#8221; busca compartilhar um pouco do que esse &#8216;conjunto fotogr\u00e1fico&#8217; leva os alunos...\" \/>\n<meta property=\"og:url\" content=\"http:\/\/jornalismo.ufsj.edu.br\/site\/fotografia\/olhares\/\" \/>\n<meta property=\"og:site_name\" content=\"Jornalismo UFSJ\" \/>\n<meta property=\"article:publisher\" content=\"https:\/\/www.facebook.com\/jornalismoufsj\/\" \/>\n<meta property=\"article:published_time\" content=\"2016-05-13T16:20:21+00:00\" \/>\n<meta name=\"twitter:card\" content=\"summary_large_image\" \/>\n<meta name=\"twitter:creator\" content=\"@jornalismoufsj\" \/>\n<meta name=\"twitter:site\" content=\"@jornalismoufsj\" \/>\n<meta name=\"twitter:label1\" content=\"Escrito por\" \/>\n\t<meta name=\"twitter:data1\" content=\"\" \/>\n\t<meta name=\"twitter:label2\" content=\"Est. tempo de leitura\" \/>\n\t<meta name=\"twitter:data2\" content=\"2 minutos\" \/>\n<script type=\"application\/ld+json\" class=\"yoast-schema-graph\">{\"@context\":\"https:\/\/schema.org\",\"@graph\":[{\"@type\":\"WebPage\",\"@id\":\"http:\/\/jornalismo.ufsj.edu.br\/site\/fotografia\/olhares\/\",\"url\":\"http:\/\/jornalismo.ufsj.edu.br\/site\/fotografia\/olhares\/\",\"name\":\"Olhares - Jos\u00e9 Eug\u00eanio - Jornalismo UFSJ\",\"isPartOf\":{\"@id\":\"http:\/\/jornalismo.ufsj.edu.br\/site\/#website\"},\"datePublished\":\"2016-05-13T16:20:21+00:00\",\"dateModified\":\"2016-05-13T16:20:21+00:00\",\"author\":{\"@id\":\"\"},\"breadcrumb\":{\"@id\":\"http:\/\/jornalismo.ufsj.edu.br\/site\/fotografia\/olhares\/#breadcrumb\"},\"inLanguage\":\"pt-BR\",\"potentialAction\":[{\"@type\":\"ReadAction\",\"target\":[\"http:\/\/jornalismo.ufsj.edu.br\/site\/fotografia\/olhares\/\"]}]},{\"@type\":\"BreadcrumbList\",\"@id\":\"http:\/\/jornalismo.ufsj.edu.br\/site\/fotografia\/olhares\/#breadcrumb\",\"itemListElement\":[{\"@type\":\"ListItem\",\"position\":1,\"name\":\"In\u00edcio\",\"item\":\"http:\/\/jornalismo.ufsj.edu.br\/site\/\"},{\"@type\":\"ListItem\",\"position\":2,\"name\":\"Olhares &#8211; Jos\u00e9 Eug\u00eanio\"}]},{\"@type\":\"WebSite\",\"@id\":\"http:\/\/jornalismo.ufsj.edu.br\/site\/#website\",\"url\":\"http:\/\/jornalismo.ufsj.edu.br\/site\/\",\"name\":\"Jornalismo UFSJ\",\"description\":\"\",\"potentialAction\":[{\"@type\":\"SearchAction\",\"target\":{\"@type\":\"EntryPoint\",\"urlTemplate\":\"http:\/\/jornalismo.ufsj.edu.br\/site\/?s={search_term_string}\"},\"query-input\":\"required name=search_term_string\"}],\"inLanguage\":\"pt-BR\"},{\"@type\":\"Person\",\"@id\":\"\"}]}<\/script>\n<!-- \/ Yoast SEO plugin. -->","yoast_head_json":{"title":"Olhares - Jos\u00e9 Eug\u00eanio - Jornalismo UFSJ","robots":{"index":"index","follow":"follow","max-snippet":"max-snippet:-1","max-image-preview":"max-image-preview:large","max-video-preview":"max-video-preview:-1"},"canonical":"http:\/\/jornalismo.ufsj.edu.br\/site\/fotografia\/olhares\/","og_locale":"pt_BR","og_type":"article","og_title":"Olhares - Jos\u00e9 Eug\u00eanio - Jornalismo UFSJ","og_description":"&#8220;Fotografar \u00e9 colocar na mesma linha de mira a cabe\u00e7a, o olho e o cora\u00e7\u00e3o&#8221;, disse Henri Cartier-Bresson, fot\u00f3grafo franc\u00eas que viveu no s\u00e9culo XX. A s\u00e9rie &#8220;Olhares&#8221; busca compartilhar um pouco do que esse &#8216;conjunto fotogr\u00e1fico&#8217; leva os alunos...","og_url":"http:\/\/jornalismo.ufsj.edu.br\/site\/fotografia\/olhares\/","og_site_name":"Jornalismo UFSJ","article_publisher":"https:\/\/www.facebook.com\/jornalismoufsj\/","article_published_time":"2016-05-13T16:20:21+00:00","twitter_card":"summary_large_image","twitter_creator":"@jornalismoufsj","twitter_site":"@jornalismoufsj","twitter_misc":{"Escrito por":"","Est. tempo de leitura":"2 minutos"},"schema":{"@context":"https:\/\/schema.org","@graph":[{"@type":"WebPage","@id":"http:\/\/jornalismo.ufsj.edu.br\/site\/fotografia\/olhares\/","url":"http:\/\/jornalismo.ufsj.edu.br\/site\/fotografia\/olhares\/","name":"Olhares - Jos\u00e9 Eug\u00eanio - Jornalismo UFSJ","isPartOf":{"@id":"http:\/\/jornalismo.ufsj.edu.br\/site\/#website"},"datePublished":"2016-05-13T16:20:21+00:00","dateModified":"2016-05-13T16:20:21+00:00","author":{"@id":""},"breadcrumb":{"@id":"http:\/\/jornalismo.ufsj.edu.br\/site\/fotografia\/olhares\/#breadcrumb"},"inLanguage":"pt-BR","potentialAction":[{"@type":"ReadAction","target":["http:\/\/jornalismo.ufsj.edu.br\/site\/fotografia\/olhares\/"]}]},{"@type":"BreadcrumbList","@id":"http:\/\/jornalismo.ufsj.edu.br\/site\/fotografia\/olhares\/#breadcrumb","itemListElement":[{"@type":"ListItem","position":1,"name":"In\u00edcio","item":"http:\/\/jornalismo.ufsj.edu.br\/site\/"},{"@type":"ListItem","position":2,"name":"Olhares &#8211; Jos\u00e9 Eug\u00eanio"}]},{"@type":"WebSite","@id":"http:\/\/jornalismo.ufsj.edu.br\/site\/#website","url":"http:\/\/jornalismo.ufsj.edu.br\/site\/","name":"Jornalismo UFSJ","description":"","potentialAction":[{"@type":"SearchAction","target":{"@type":"EntryPoint","urlTemplate":"http:\/\/jornalismo.ufsj.edu.br\/site\/?s={search_term_string}"},"query-input":"required name=search_term_string"}],"inLanguage":"pt-BR"},{"@type":"Person","@id":""}]}},"jetpack_featured_media_url":"","_links":{"self":[{"href":"http:\/\/jornalismo.ufsj.edu.br\/site\/wp-json\/wp\/v2\/posts\/3270"}],"collection":[{"href":"http:\/\/jornalismo.ufsj.edu.br\/site\/wp-json\/wp\/v2\/posts"}],"about":[{"href":"http:\/\/jornalismo.ufsj.edu.br\/site\/wp-json\/wp\/v2\/types\/post"}],"author":[{"embeddable":true,"href":"http:\/\/jornalismo.ufsj.edu.br\/site\/wp-json\/wp\/v2\/users\/3"}],"replies":[{"embeddable":true,"href":"http:\/\/jornalismo.ufsj.edu.br\/site\/wp-json\/wp\/v2\/comments?post=3270"}],"version-history":[{"count":0,"href":"http:\/\/jornalismo.ufsj.edu.br\/site\/wp-json\/wp\/v2\/posts\/3270\/revisions"}],"wp:featuredmedia":[{"embeddable":true,"href":"http:\/\/jornalismo.ufsj.edu.br\/site\/wp-json\/"}],"wp:attachment":[{"href":"http:\/\/jornalismo.ufsj.edu.br\/site\/wp-json\/wp\/v2\/media?parent=3270"}],"wp:term":[{"taxonomy":"category","embeddable":true,"href":"http:\/\/jornalismo.ufsj.edu.br\/site\/wp-json\/wp\/v2\/categories?post=3270"},{"taxonomy":"post_tag","embeddable":true,"href":"http:\/\/jornalismo.ufsj.edu.br\/site\/wp-json\/wp\/v2\/tags?post=3270"}],"curies":[{"name":"wp","href":"https:\/\/api.w.org\/{rel}","templated":true}]}}