{"id":3241,"date":"2016-05-12T14:49:11","date_gmt":"2016-05-12T14:49:11","guid":{"rendered":"http:\/\/jornalismo.ufsj.edu.br\/?p=3241"},"modified":"2016-05-12T14:49:11","modified_gmt":"2016-05-12T14:49:11","slug":"alunos-sao-treinados-para-cobertura-fotografica-do-inverno-cultural","status":"publish","type":"post","link":"http:\/\/jornalismo.ufsj.edu.br\/site\/fotografia\/alunos-sao-treinados-para-cobertura-fotografica-do-inverno-cultural\/","title":{"rendered":"Cobertura fotogr\u00e1fica do Inverno Cultural ser\u00e1 feita por alunos"},"content":{"rendered":"<div id=\"attachment_3242\" style=\"width: 346px\" class=\"wp-caption alignleft\"><img aria-describedby=\"caption-attachment-3242\" loading=\"lazy\" class=\"  wp-image-3242 alignleft\" src=\"http:\/\/jornalismo.ufsj.edu.br\/wp-content\/uploads\/2016\/05\/treinamento-fotografia.jpg\" alt=\"Treinamento fotografia\" width=\"336\" height=\"187\" \/><p id=\"caption-attachment-3242\" class=\"wp-caption-text\">Cr\u00e9dito: Marcius Barcelos<\/p><\/div>\n<p>O 29\u00ba Inverno Cultural da UFSJ, que acontecer\u00e1 este ano entre 16 e 31 de julho, contar\u00e1 pela primeira vez com cobertura fotogr\u00e1fica realizada pelos alunos do curso de Jornalismo. Nos anos anteriores, eram contratados profissionais do mercado para cobrir o evento.<\/p>\n<p>A sele\u00e7\u00e3o dos alunos que participar\u00e3o da cobertura est\u00e1 sendo realizada atrav\u00e9s de um processo de treinamento, ministrado pelo t\u00e9cnico do laborat\u00f3rio de fotografia, Marcius Barcelos. Ap\u00f3s uma triagem inicial, com realiza\u00e7\u00e3o de uma prova pr\u00e1tica, foram escolhidos\u00a010 alunos que participa\u00e7\u00e3o de uma oficina com dois encontros semanais at\u00e9 o dia 08 de julho.<\/p>\n<p>Os estudantes\u00a0que demonstrarem melhor desempenho ser\u00e3o selecionados para recebimento de bolsas, os demais poder\u00e3o trabalhar como volunt\u00e1rios. Ainda n\u00e3o foi divulgada a quantidade de bolsas que ser\u00e3o distribu\u00eddas.<\/p>\n<p>Entre as atividades previstas no treinamento, est\u00e1 a passagem da Tocha Ol\u00edmpica pela cidade, no pr\u00f3ximo dia 15. Os alunos ter\u00e3o oportunidade de colocar seus talentos em pr\u00e1tica em uma situa\u00e7\u00e3o real de cobertura fotogr\u00e1fica.<\/p>\n<p>Ana Beatriz Peres, aluna do 7\u00ba per\u00edodo que est\u00e1 participando do processo de treinamento e sele\u00e7\u00e3o, est\u00e1 animada: \u201c\u00c9 uma oportunidade incr\u00edvel, para mim \u00e9 quase um sonho. S\u00e3o duas coisas que eu gosto muito: Inverno Cultural e fotografia. E poder participar disso est\u00e1 sendo gratificante\u201d. Ela considera que, com essa iniciativa, os alunos do curso t\u00eam oportunidade de praticar e mostrar um pouco seu trabalho.<\/p>\n<p style=\"text-align:right;\">Texto: Dani da Gama<br \/>\nRevis\u00e3o: Julia Benatti<\/p>\n","protected":false},"excerpt":{"rendered":"<p>O 29\u00ba Inverno Cultural da UFSJ, que acontecer\u00e1 este ano entre 16 e 31 de julho, contar\u00e1 pela primeira vez com cobertura fotogr\u00e1fica realizada pelos alunos do curso de Jornalismo. Nos anos anteriores, eram contratados profissionais do mercado para cobrir&#8230;<\/p>\n","protected":false},"author":3,"featured_media":3242,"comment_status":"open","ping_status":"open","sticky":false,"template":"","format":"standard","meta":{"_monsterinsights_skip_tracking":false,"_monsterinsights_sitenote_active":false,"_monsterinsights_sitenote_note":"","_monsterinsights_sitenote_category":0},"categories":[32],"tags":[],"yoast_head":"<!-- This site is optimized with the Yoast SEO plugin v20.6 - https:\/\/yoast.com\/wordpress\/plugins\/seo\/ -->\n<title>Cobertura fotogr\u00e1fica do Inverno Cultural ser\u00e1 feita por alunos - Jornalismo UFSJ<\/title>\n<meta name=\"robots\" content=\"index, follow, max-snippet:-1, max-image-preview:large, max-video-preview:-1\" \/>\n<link rel=\"canonical\" href=\"http:\/\/jornalismo.ufsj.edu.br\/site\/fotografia\/alunos-sao-treinados-para-cobertura-fotografica-do-inverno-cultural\/\" \/>\n<meta property=\"og:locale\" content=\"pt_BR\" \/>\n<meta property=\"og:type\" content=\"article\" \/>\n<meta property=\"og:title\" content=\"Cobertura fotogr\u00e1fica do Inverno Cultural ser\u00e1 feita por alunos - Jornalismo UFSJ\" \/>\n<meta property=\"og:description\" content=\"O 29\u00ba Inverno Cultural da UFSJ, que acontecer\u00e1 este ano entre 16 e 31 de julho, contar\u00e1 pela primeira vez com cobertura fotogr\u00e1fica realizada pelos alunos do curso de Jornalismo. Nos anos anteriores, eram contratados profissionais do mercado para cobrir...\" \/>\n<meta property=\"og:url\" content=\"http:\/\/jornalismo.ufsj.edu.br\/site\/fotografia\/alunos-sao-treinados-para-cobertura-fotografica-do-inverno-cultural\/\" \/>\n<meta property=\"og:site_name\" content=\"Jornalismo UFSJ\" \/>\n<meta property=\"article:publisher\" content=\"https:\/\/www.facebook.com\/jornalismoufsj\/\" \/>\n<meta property=\"article:published_time\" content=\"2016-05-12T14:49:11+00:00\" \/>\n<meta name=\"twitter:card\" content=\"summary_large_image\" \/>\n<meta name=\"twitter:creator\" content=\"@jornalismoufsj\" \/>\n<meta name=\"twitter:site\" content=\"@jornalismoufsj\" \/>\n<meta name=\"twitter:label1\" content=\"Escrito por\" \/>\n\t<meta name=\"twitter:data1\" content=\"\" \/>\n\t<meta name=\"twitter:label2\" content=\"Est. tempo de leitura\" \/>\n\t<meta name=\"twitter:data2\" content=\"1 minuto\" \/>\n<script type=\"application\/ld+json\" class=\"yoast-schema-graph\">{\"@context\":\"https:\/\/schema.org\",\"@graph\":[{\"@type\":\"WebPage\",\"@id\":\"http:\/\/jornalismo.ufsj.edu.br\/site\/fotografia\/alunos-sao-treinados-para-cobertura-fotografica-do-inverno-cultural\/\",\"url\":\"http:\/\/jornalismo.ufsj.edu.br\/site\/fotografia\/alunos-sao-treinados-para-cobertura-fotografica-do-inverno-cultural\/\",\"name\":\"Cobertura fotogr\u00e1fica do Inverno Cultural ser\u00e1 feita por alunos - Jornalismo UFSJ\",\"isPartOf\":{\"@id\":\"http:\/\/jornalismo.ufsj.edu.br\/site\/#website\"},\"datePublished\":\"2016-05-12T14:49:11+00:00\",\"dateModified\":\"2016-05-12T14:49:11+00:00\",\"author\":{\"@id\":\"\"},\"breadcrumb\":{\"@id\":\"http:\/\/jornalismo.ufsj.edu.br\/site\/fotografia\/alunos-sao-treinados-para-cobertura-fotografica-do-inverno-cultural\/#breadcrumb\"},\"inLanguage\":\"pt-BR\",\"potentialAction\":[{\"@type\":\"ReadAction\",\"target\":[\"http:\/\/jornalismo.ufsj.edu.br\/site\/fotografia\/alunos-sao-treinados-para-cobertura-fotografica-do-inverno-cultural\/\"]}]},{\"@type\":\"BreadcrumbList\",\"@id\":\"http:\/\/jornalismo.ufsj.edu.br\/site\/fotografia\/alunos-sao-treinados-para-cobertura-fotografica-do-inverno-cultural\/#breadcrumb\",\"itemListElement\":[{\"@type\":\"ListItem\",\"position\":1,\"name\":\"In\u00edcio\",\"item\":\"http:\/\/jornalismo.ufsj.edu.br\/site\/\"},{\"@type\":\"ListItem\",\"position\":2,\"name\":\"Cobertura fotogr\u00e1fica do Inverno Cultural ser\u00e1 feita por alunos\"}]},{\"@type\":\"WebSite\",\"@id\":\"http:\/\/jornalismo.ufsj.edu.br\/site\/#website\",\"url\":\"http:\/\/jornalismo.ufsj.edu.br\/site\/\",\"name\":\"Jornalismo UFSJ\",\"description\":\"\",\"potentialAction\":[{\"@type\":\"SearchAction\",\"target\":{\"@type\":\"EntryPoint\",\"urlTemplate\":\"http:\/\/jornalismo.ufsj.edu.br\/site\/?s={search_term_string}\"},\"query-input\":\"required name=search_term_string\"}],\"inLanguage\":\"pt-BR\"},{\"@type\":\"Person\",\"@id\":\"\"}]}<\/script>\n<!-- \/ Yoast SEO plugin. -->","yoast_head_json":{"title":"Cobertura fotogr\u00e1fica do Inverno Cultural ser\u00e1 feita por alunos - Jornalismo UFSJ","robots":{"index":"index","follow":"follow","max-snippet":"max-snippet:-1","max-image-preview":"max-image-preview:large","max-video-preview":"max-video-preview:-1"},"canonical":"http:\/\/jornalismo.ufsj.edu.br\/site\/fotografia\/alunos-sao-treinados-para-cobertura-fotografica-do-inverno-cultural\/","og_locale":"pt_BR","og_type":"article","og_title":"Cobertura fotogr\u00e1fica do Inverno Cultural ser\u00e1 feita por alunos - Jornalismo UFSJ","og_description":"O 29\u00ba Inverno Cultural da UFSJ, que acontecer\u00e1 este ano entre 16 e 31 de julho, contar\u00e1 pela primeira vez com cobertura fotogr\u00e1fica realizada pelos alunos do curso de Jornalismo. Nos anos anteriores, eram contratados profissionais do mercado para cobrir...","og_url":"http:\/\/jornalismo.ufsj.edu.br\/site\/fotografia\/alunos-sao-treinados-para-cobertura-fotografica-do-inverno-cultural\/","og_site_name":"Jornalismo UFSJ","article_publisher":"https:\/\/www.facebook.com\/jornalismoufsj\/","article_published_time":"2016-05-12T14:49:11+00:00","twitter_card":"summary_large_image","twitter_creator":"@jornalismoufsj","twitter_site":"@jornalismoufsj","twitter_misc":{"Escrito por":"","Est. tempo de leitura":"1 minuto"},"schema":{"@context":"https:\/\/schema.org","@graph":[{"@type":"WebPage","@id":"http:\/\/jornalismo.ufsj.edu.br\/site\/fotografia\/alunos-sao-treinados-para-cobertura-fotografica-do-inverno-cultural\/","url":"http:\/\/jornalismo.ufsj.edu.br\/site\/fotografia\/alunos-sao-treinados-para-cobertura-fotografica-do-inverno-cultural\/","name":"Cobertura fotogr\u00e1fica do Inverno Cultural ser\u00e1 feita por alunos - Jornalismo UFSJ","isPartOf":{"@id":"http:\/\/jornalismo.ufsj.edu.br\/site\/#website"},"datePublished":"2016-05-12T14:49:11+00:00","dateModified":"2016-05-12T14:49:11+00:00","author":{"@id":""},"breadcrumb":{"@id":"http:\/\/jornalismo.ufsj.edu.br\/site\/fotografia\/alunos-sao-treinados-para-cobertura-fotografica-do-inverno-cultural\/#breadcrumb"},"inLanguage":"pt-BR","potentialAction":[{"@type":"ReadAction","target":["http:\/\/jornalismo.ufsj.edu.br\/site\/fotografia\/alunos-sao-treinados-para-cobertura-fotografica-do-inverno-cultural\/"]}]},{"@type":"BreadcrumbList","@id":"http:\/\/jornalismo.ufsj.edu.br\/site\/fotografia\/alunos-sao-treinados-para-cobertura-fotografica-do-inverno-cultural\/#breadcrumb","itemListElement":[{"@type":"ListItem","position":1,"name":"In\u00edcio","item":"http:\/\/jornalismo.ufsj.edu.br\/site\/"},{"@type":"ListItem","position":2,"name":"Cobertura fotogr\u00e1fica do Inverno Cultural ser\u00e1 feita por alunos"}]},{"@type":"WebSite","@id":"http:\/\/jornalismo.ufsj.edu.br\/site\/#website","url":"http:\/\/jornalismo.ufsj.edu.br\/site\/","name":"Jornalismo UFSJ","description":"","potentialAction":[{"@type":"SearchAction","target":{"@type":"EntryPoint","urlTemplate":"http:\/\/jornalismo.ufsj.edu.br\/site\/?s={search_term_string}"},"query-input":"required name=search_term_string"}],"inLanguage":"pt-BR"},{"@type":"Person","@id":""}]}},"jetpack_featured_media_url":"","_links":{"self":[{"href":"http:\/\/jornalismo.ufsj.edu.br\/site\/wp-json\/wp\/v2\/posts\/3241"}],"collection":[{"href":"http:\/\/jornalismo.ufsj.edu.br\/site\/wp-json\/wp\/v2\/posts"}],"about":[{"href":"http:\/\/jornalismo.ufsj.edu.br\/site\/wp-json\/wp\/v2\/types\/post"}],"author":[{"embeddable":true,"href":"http:\/\/jornalismo.ufsj.edu.br\/site\/wp-json\/wp\/v2\/users\/3"}],"replies":[{"embeddable":true,"href":"http:\/\/jornalismo.ufsj.edu.br\/site\/wp-json\/wp\/v2\/comments?post=3241"}],"version-history":[{"count":0,"href":"http:\/\/jornalismo.ufsj.edu.br\/site\/wp-json\/wp\/v2\/posts\/3241\/revisions"}],"wp:featuredmedia":[{"embeddable":true,"href":"http:\/\/jornalismo.ufsj.edu.br\/site\/wp-json\/"}],"wp:attachment":[{"href":"http:\/\/jornalismo.ufsj.edu.br\/site\/wp-json\/wp\/v2\/media?parent=3241"}],"wp:term":[{"taxonomy":"category","embeddable":true,"href":"http:\/\/jornalismo.ufsj.edu.br\/site\/wp-json\/wp\/v2\/categories?post=3241"},{"taxonomy":"post_tag","embeddable":true,"href":"http:\/\/jornalismo.ufsj.edu.br\/site\/wp-json\/wp\/v2\/tags?post=3241"}],"curies":[{"name":"wp","href":"https:\/\/api.w.org\/{rel}","templated":true}]}}