{"id":3160,"date":"2016-05-11T21:45:10","date_gmt":"2016-05-11T21:45:10","guid":{"rendered":"http:\/\/jornalismo.ufsj.edu.br\/?p=3160"},"modified":"2016-05-11T21:45:10","modified_gmt":"2016-05-11T21:45:10","slug":"aluna-abre-empresa-de-design-de-comunicacao","status":"publish","type":"post","link":"http:\/\/jornalismo.ufsj.edu.br\/site\/alunos\/aluna-abre-empresa-de-design-de-comunicacao\/","title":{"rendered":"Aluna abre empresa de design de Comunica\u00e7\u00e3o"},"content":{"rendered":"<div id=\"attachment_3159\" style=\"width: 190px\" class=\"wp-caption alignleft\"><img aria-describedby=\"caption-attachment-3159\" loading=\"lazy\" class=\"alignnone size-full wp-image-3159\" src=\"http:\/\/jornalismo.ufsj.edu.br\/wp-content\/uploads\/2016\/05\/arte-jornalismo.png\" alt=\"Arte Jornalismo\" width=\"180\" height=\"180\" \/><p id=\"caption-attachment-3159\" class=\"wp-caption-text\">Logo elaborada pela Anyl para a fanpage do curso<\/p><\/div>\n<p>Voc\u00ea j\u00e1 deve ter reparado que nossa <a href=\"https:\/\/www.facebook.com\/jornalismoufsj\/?fref=ts\" target=\"_blank\">fanpage<\/a>\u00a0est\u00e1 de cara nova! A raposa atenta lendo not\u00edcias agora \u00e9 a nossa simp\u00e1tica logomarca.<\/p>\n<p>A cria\u00e7\u00e3o da nova identidade visual\u00a0foi feita pela <a href=\"https:\/\/www.facebook.com\/agencianyl\/?fref=ts\" target=\"_blank\">Anyl<\/a>, empresa rec\u00e9m-criada pela aluna do 7. per\u00edodo, Ana Martins, com seu namorado Kylmer Sebastian. A Anyl\u00a0\u00e9 uma ag\u00eancia de design de comunica\u00e7\u00e3o e cria\u00e7\u00e3o art\u00edstica, em que t\u00e9cnica e arte se misturam. A proposta da empresa \u00e9 realizar uma &#8220;tradu\u00e7\u00e3o&#8221; da marca\u00a0para os clientes, a partir da comunica\u00e7\u00e3o visual.<\/p>\n<p>A gente conversou com a Ana para saber como est\u00e1 sendo esse trabalho:<\/p>\n<p><strong>Site Jornalismo<\/strong>: Como surgiu a ideia de criar a Anyl?<br \/>\n<strong>Ana<\/strong>: A empresa\u00a0surgiu com a ideia de produzir design gr\u00e1fico de qualidade por um pre\u00e7o bacana pra quem quer investir em identidade visual mas n\u00e3o pode pagar um pre\u00e7o muito alto. N\u00f3s come\u00e7amos a fazer uns trabalhos j\u00e1 em mar\u00e7o, mas como estamos legalizando agora, deixamos pra divulgar para o p\u00fablico com mais seguran\u00e7a e uma base j\u00e1 estruturada.<\/p>\n<p><strong>SJ<\/strong>: Que trabalhos voc\u00eas j\u00e1 realizaram e o que t\u00eam aprendido com eles?<br \/>\n<strong>Ana<\/strong>: Fizemos a identidade para um amigo que tamb\u00e9m est\u00e1 come\u00e7ando seu neg\u00f3cio e quando recebemos\u00a0o feedback dele em rela\u00e7\u00e3o \u00e0s vendas, sentimos que \u00e9ramos capazes de oferecer um servi\u00e7o diferenciado e ajudar pessoas como n\u00f3s: empreendedores com pouco dinheiro. E\u00a0fizemos a identidade visual da Semana Acad\u00eamica de Jornalismo. Isso envolveu muita an\u00e1lise. N\u00f3s lemos e debatemos o conceito e isso envolveu cada detalhe: a paleta de cores, as formas, tudo para representar a hist\u00f3ria do jornalismo escrita e reescrita atualmente mais democr\u00e1tica e art\u00edstica, e as ferramentas digitais e tecnol\u00f3gicas que ajudam esse fen\u00f4meno a acontecer. Design \u00e9 mais do que uma t\u00e9cnica a ser aplicada, \u00e9 arte e envolve muita criatividade pra funcionar bem pra todos os lados e a gente leva isso muito a s\u00e9rio.<\/p>\n<p><strong>SJ<\/strong>: E como foi trabalhar na identidade visual da fanpage do nosso curso?<br \/>\n<strong>Ana<\/strong>: Foi muito bom. Acho que quando a gente tem intimidade com algo, fica mais f\u00e1cil representar isso. Tinha que ser moderno, porque o curso \u00e9 novo, ter cores mais vivas porque o curso \u00e9 caracterizado por uma diversidade em v\u00e1rios segmentos, mas ainda assim tem que ter rela\u00e7\u00e3o com algo mais acad\u00eamico, mais s\u00e9rio. Fui pesquisar e gostei da ideia de colocar a raposa, que \u00e9 um dos s\u00edmbolos do jornalismo e do jornalista, com as orelhinhas atentas enquanto l\u00ea o jornal. A fonte tamb\u00e9m passa essa ideia: ao mesmo tempo que \u00e9 est\u00e9tica, tem personalidade e tenta fugir do &#8220;mais do mesmo&#8221;.<\/p>\n<p>N\u00f3s agradecemos pela nossa p\u00e1gina mais animada! A Anyl est\u00e1 s\u00f3 come\u00e7ando, mas j\u00e1 est\u00e1 fazendo bonito.<\/p>\n<p style=\"text-align:right;\">Texto: Dani da Gama<\/p>\n<p>&nbsp;<\/p>\n<p>&nbsp;<\/p>\n","protected":false},"excerpt":{"rendered":"<p>Voc\u00ea j\u00e1 deve ter reparado que nossa fanpage\u00a0est\u00e1 de cara nova! A raposa atenta lendo not\u00edcias agora \u00e9 a nossa simp\u00e1tica logomarca. A cria\u00e7\u00e3o da nova identidade visual\u00a0foi feita pela Anyl, empresa rec\u00e9m-criada pela aluna do 7. per\u00edodo, Ana Martins,&#8230;<\/p>\n","protected":false},"author":3,"featured_media":3158,"comment_status":"open","ping_status":"open","sticky":false,"template":"","format":"standard","meta":{"_monsterinsights_skip_tracking":false,"_monsterinsights_sitenote_active":false,"_monsterinsights_sitenote_note":"","_monsterinsights_sitenote_category":0},"categories":[6],"tags":[],"yoast_head":"<!-- This site is optimized with the Yoast SEO plugin v20.6 - https:\/\/yoast.com\/wordpress\/plugins\/seo\/ -->\n<title>Aluna abre empresa de design de Comunica\u00e7\u00e3o - Jornalismo UFSJ<\/title>\n<meta name=\"robots\" content=\"index, follow, max-snippet:-1, max-image-preview:large, max-video-preview:-1\" \/>\n<link rel=\"canonical\" href=\"http:\/\/jornalismo.ufsj.edu.br\/site\/alunos\/aluna-abre-empresa-de-design-de-comunicacao\/\" \/>\n<meta property=\"og:locale\" content=\"pt_BR\" \/>\n<meta property=\"og:type\" content=\"article\" \/>\n<meta property=\"og:title\" content=\"Aluna abre empresa de design de Comunica\u00e7\u00e3o - Jornalismo UFSJ\" \/>\n<meta property=\"og:description\" content=\"Voc\u00ea j\u00e1 deve ter reparado que nossa fanpage\u00a0est\u00e1 de cara nova! A raposa atenta lendo not\u00edcias agora \u00e9 a nossa simp\u00e1tica logomarca. A cria\u00e7\u00e3o da nova identidade visual\u00a0foi feita pela Anyl, empresa rec\u00e9m-criada pela aluna do 7. per\u00edodo, Ana Martins,...\" \/>\n<meta property=\"og:url\" content=\"http:\/\/jornalismo.ufsj.edu.br\/site\/alunos\/aluna-abre-empresa-de-design-de-comunicacao\/\" \/>\n<meta property=\"og:site_name\" content=\"Jornalismo UFSJ\" \/>\n<meta property=\"article:publisher\" content=\"https:\/\/www.facebook.com\/jornalismoufsj\/\" \/>\n<meta property=\"article:published_time\" content=\"2016-05-11T21:45:10+00:00\" \/>\n<meta name=\"twitter:card\" content=\"summary_large_image\" \/>\n<meta name=\"twitter:creator\" content=\"@jornalismoufsj\" \/>\n<meta name=\"twitter:site\" content=\"@jornalismoufsj\" \/>\n<meta name=\"twitter:label1\" content=\"Escrito por\" \/>\n\t<meta name=\"twitter:data1\" content=\"\" \/>\n\t<meta name=\"twitter:label2\" content=\"Est. tempo de leitura\" \/>\n\t<meta name=\"twitter:data2\" content=\"3 minutos\" \/>\n<script type=\"application\/ld+json\" class=\"yoast-schema-graph\">{\"@context\":\"https:\/\/schema.org\",\"@graph\":[{\"@type\":\"WebPage\",\"@id\":\"http:\/\/jornalismo.ufsj.edu.br\/site\/alunos\/aluna-abre-empresa-de-design-de-comunicacao\/\",\"url\":\"http:\/\/jornalismo.ufsj.edu.br\/site\/alunos\/aluna-abre-empresa-de-design-de-comunicacao\/\",\"name\":\"Aluna abre empresa de design de Comunica\u00e7\u00e3o - Jornalismo UFSJ\",\"isPartOf\":{\"@id\":\"http:\/\/jornalismo.ufsj.edu.br\/site\/#website\"},\"datePublished\":\"2016-05-11T21:45:10+00:00\",\"dateModified\":\"2016-05-11T21:45:10+00:00\",\"author\":{\"@id\":\"\"},\"breadcrumb\":{\"@id\":\"http:\/\/jornalismo.ufsj.edu.br\/site\/alunos\/aluna-abre-empresa-de-design-de-comunicacao\/#breadcrumb\"},\"inLanguage\":\"pt-BR\",\"potentialAction\":[{\"@type\":\"ReadAction\",\"target\":[\"http:\/\/jornalismo.ufsj.edu.br\/site\/alunos\/aluna-abre-empresa-de-design-de-comunicacao\/\"]}]},{\"@type\":\"BreadcrumbList\",\"@id\":\"http:\/\/jornalismo.ufsj.edu.br\/site\/alunos\/aluna-abre-empresa-de-design-de-comunicacao\/#breadcrumb\",\"itemListElement\":[{\"@type\":\"ListItem\",\"position\":1,\"name\":\"In\u00edcio\",\"item\":\"http:\/\/jornalismo.ufsj.edu.br\/site\/\"},{\"@type\":\"ListItem\",\"position\":2,\"name\":\"Aluna abre empresa de design de Comunica\u00e7\u00e3o\"}]},{\"@type\":\"WebSite\",\"@id\":\"http:\/\/jornalismo.ufsj.edu.br\/site\/#website\",\"url\":\"http:\/\/jornalismo.ufsj.edu.br\/site\/\",\"name\":\"Jornalismo UFSJ\",\"description\":\"\",\"potentialAction\":[{\"@type\":\"SearchAction\",\"target\":{\"@type\":\"EntryPoint\",\"urlTemplate\":\"http:\/\/jornalismo.ufsj.edu.br\/site\/?s={search_term_string}\"},\"query-input\":\"required name=search_term_string\"}],\"inLanguage\":\"pt-BR\"},{\"@type\":\"Person\",\"@id\":\"\"}]}<\/script>\n<!-- \/ Yoast SEO plugin. -->","yoast_head_json":{"title":"Aluna abre empresa de design de Comunica\u00e7\u00e3o - Jornalismo UFSJ","robots":{"index":"index","follow":"follow","max-snippet":"max-snippet:-1","max-image-preview":"max-image-preview:large","max-video-preview":"max-video-preview:-1"},"canonical":"http:\/\/jornalismo.ufsj.edu.br\/site\/alunos\/aluna-abre-empresa-de-design-de-comunicacao\/","og_locale":"pt_BR","og_type":"article","og_title":"Aluna abre empresa de design de Comunica\u00e7\u00e3o - Jornalismo UFSJ","og_description":"Voc\u00ea j\u00e1 deve ter reparado que nossa fanpage\u00a0est\u00e1 de cara nova! A raposa atenta lendo not\u00edcias agora \u00e9 a nossa simp\u00e1tica logomarca. A cria\u00e7\u00e3o da nova identidade visual\u00a0foi feita pela Anyl, empresa rec\u00e9m-criada pela aluna do 7. per\u00edodo, Ana Martins,...","og_url":"http:\/\/jornalismo.ufsj.edu.br\/site\/alunos\/aluna-abre-empresa-de-design-de-comunicacao\/","og_site_name":"Jornalismo UFSJ","article_publisher":"https:\/\/www.facebook.com\/jornalismoufsj\/","article_published_time":"2016-05-11T21:45:10+00:00","twitter_card":"summary_large_image","twitter_creator":"@jornalismoufsj","twitter_site":"@jornalismoufsj","twitter_misc":{"Escrito por":"","Est. tempo de leitura":"3 minutos"},"schema":{"@context":"https:\/\/schema.org","@graph":[{"@type":"WebPage","@id":"http:\/\/jornalismo.ufsj.edu.br\/site\/alunos\/aluna-abre-empresa-de-design-de-comunicacao\/","url":"http:\/\/jornalismo.ufsj.edu.br\/site\/alunos\/aluna-abre-empresa-de-design-de-comunicacao\/","name":"Aluna abre empresa de design de Comunica\u00e7\u00e3o - Jornalismo UFSJ","isPartOf":{"@id":"http:\/\/jornalismo.ufsj.edu.br\/site\/#website"},"datePublished":"2016-05-11T21:45:10+00:00","dateModified":"2016-05-11T21:45:10+00:00","author":{"@id":""},"breadcrumb":{"@id":"http:\/\/jornalismo.ufsj.edu.br\/site\/alunos\/aluna-abre-empresa-de-design-de-comunicacao\/#breadcrumb"},"inLanguage":"pt-BR","potentialAction":[{"@type":"ReadAction","target":["http:\/\/jornalismo.ufsj.edu.br\/site\/alunos\/aluna-abre-empresa-de-design-de-comunicacao\/"]}]},{"@type":"BreadcrumbList","@id":"http:\/\/jornalismo.ufsj.edu.br\/site\/alunos\/aluna-abre-empresa-de-design-de-comunicacao\/#breadcrumb","itemListElement":[{"@type":"ListItem","position":1,"name":"In\u00edcio","item":"http:\/\/jornalismo.ufsj.edu.br\/site\/"},{"@type":"ListItem","position":2,"name":"Aluna abre empresa de design de Comunica\u00e7\u00e3o"}]},{"@type":"WebSite","@id":"http:\/\/jornalismo.ufsj.edu.br\/site\/#website","url":"http:\/\/jornalismo.ufsj.edu.br\/site\/","name":"Jornalismo UFSJ","description":"","potentialAction":[{"@type":"SearchAction","target":{"@type":"EntryPoint","urlTemplate":"http:\/\/jornalismo.ufsj.edu.br\/site\/?s={search_term_string}"},"query-input":"required name=search_term_string"}],"inLanguage":"pt-BR"},{"@type":"Person","@id":""}]}},"jetpack_featured_media_url":"","_links":{"self":[{"href":"http:\/\/jornalismo.ufsj.edu.br\/site\/wp-json\/wp\/v2\/posts\/3160"}],"collection":[{"href":"http:\/\/jornalismo.ufsj.edu.br\/site\/wp-json\/wp\/v2\/posts"}],"about":[{"href":"http:\/\/jornalismo.ufsj.edu.br\/site\/wp-json\/wp\/v2\/types\/post"}],"author":[{"embeddable":true,"href":"http:\/\/jornalismo.ufsj.edu.br\/site\/wp-json\/wp\/v2\/users\/3"}],"replies":[{"embeddable":true,"href":"http:\/\/jornalismo.ufsj.edu.br\/site\/wp-json\/wp\/v2\/comments?post=3160"}],"version-history":[{"count":0,"href":"http:\/\/jornalismo.ufsj.edu.br\/site\/wp-json\/wp\/v2\/posts\/3160\/revisions"}],"wp:featuredmedia":[{"embeddable":true,"href":"http:\/\/jornalismo.ufsj.edu.br\/site\/wp-json\/"}],"wp:attachment":[{"href":"http:\/\/jornalismo.ufsj.edu.br\/site\/wp-json\/wp\/v2\/media?parent=3160"}],"wp:term":[{"taxonomy":"category","embeddable":true,"href":"http:\/\/jornalismo.ufsj.edu.br\/site\/wp-json\/wp\/v2\/categories?post=3160"},{"taxonomy":"post_tag","embeddable":true,"href":"http:\/\/jornalismo.ufsj.edu.br\/site\/wp-json\/wp\/v2\/tags?post=3160"}],"curies":[{"name":"wp","href":"https:\/\/api.w.org\/{rel}","templated":true}]}}