{"id":2993,"date":"2016-05-06T21:34:43","date_gmt":"2016-05-06T21:34:43","guid":{"rendered":"http:\/\/jornalismo.ufsj.edu.br\/?p=2993"},"modified":"2016-05-06T21:34:43","modified_gmt":"2016-05-06T21:34:43","slug":"o-morro-tambem-tem-voz","status":"publish","type":"post","link":"http:\/\/jornalismo.ufsj.edu.br\/site\/jornalismo-cidadao\/o-morro-tambem-tem-voz\/","title":{"rendered":"O morro tamb\u00e9m tem voz"},"content":{"rendered":"<p><img loading=\"lazy\" class=\"alignnone size-full wp-image-2994\" src=\"http:\/\/jornalismo.ufsj.edu.br\/wp-content\/uploads\/2016\/05\/voz-do-morro.jpg\" alt=\"Voz do Morro\" width=\"663\" height=\"315\" \/><\/p>\n<p>Um jornalismo que d\u00ea voz aos que est\u00e3o invis\u00edveis. A tend\u00eancia de inclus\u00e3o que j\u00e1 influencia grandes nomes do jornalismo tamb\u00e9m inspira projetos de alunos do curso de Comunica\u00e7\u00e3o Social da UFSJ.<\/p>\n<p>J\u00e1 contamos\u00a0aqui sobre os projetos desenvolvidos pelas alunas Thais Andressa e Maria Julia Rodrigues. Nas p\u00e1ginas <a href=\"https:\/\/www.facebook.com\/Prosa-Arte-1005055179555584\/?fref=ts\" target=\"_blank\">Prosa&amp;Arte<\/a>\u00a0e <a href=\"https:\/\/www.facebook.com\/sjdrinvisivel\/?fref=ts\" target=\"_blank\">SJDR Invis\u00edvel<\/a>, elas buscam, nas vidas de pessoas comuns, boas hist\u00f3rias para contar.<\/p>\n<p>Tamb\u00e9m conversamos com Isabella Sales e Ana Resende Quadros que pesquisam, em suas Inicia\u00e7\u00f5es Cient\u00edficas, trabalhos j\u00e1 consolidados e que tamb\u00e9m tratam de personagens do cotidiano como mat\u00e9ria <a href=\"https:\/\/jornalismoufsj.com.br\/2016\/04\/13\/pesquisas-abordam-narrativas-do-cotidiano\/\" target=\"_blank\">principal<\/a>.<\/p>\n<p>Na terceira e \u00faltima mat\u00e9ria desta s\u00e9rie, conversamos com a equipe que produz o jornal Voz do Morro. Criado por alunos do 3o. per\u00edodo, na disciplina de Planejamento Visual Gr\u00e1fico, o jornal divulga not\u00edcias e atividades de bairros de S\u00e3o Jo\u00e3o del-Rei, valorizando e visibilizando regi\u00f5es da cidade quase sempre esquecidas\u00a0pela m\u00eddia tradicional.<\/p>\n<p>O jornal, que come\u00e7ou em formato de mural, hoje est\u00e1 dispon\u00edvel online (<a href=\"https:\/\/www.facebook.com\/muralvozdomorro\" target=\"_blank\">veja aqui<\/a>). E agora\u00a0voc\u00ea pode ouvir essa hist\u00f3ria por eles mesmos: Alisson Santos, Julia Lemos e Rebeca Oliveira, criadores e editores do jornal, contam um pouco sobre o projeto, no nosso primeiro\u00a0<a href=\"http:\/\/jornalismoufsj.podomatic.com\/entry\/2016-05-06T15_33_40-07_00\" target=\"_blank\">podcast<\/a>.<\/p>\n<p style=\"text-align:right;\">Texto e podcast: Dani da Gama<br \/>\nRevis\u00e3o: Julia Benatti<br \/>\nImagens: Divulga\u00e7\u00e3o\/<a href=\"https:\/\/www.facebook.com\/muralvozdomorro\/photos\/pb.1515024842128324.-2207520000.1462483119.\/1522021828095292\/?type=3&amp;theater\" target=\"_blank\">Facebook<\/a><\/p>\n","protected":false},"excerpt":{"rendered":"<p>Um jornalismo que d\u00ea voz aos que est\u00e3o invis\u00edveis. A tend\u00eancia de inclus\u00e3o que j\u00e1 influencia grandes nomes do jornalismo tamb\u00e9m inspira projetos de alunos do curso de Comunica\u00e7\u00e3o Social da UFSJ. J\u00e1 contamos\u00a0aqui sobre os projetos desenvolvidos pelas alunas&#8230;<\/p>\n","protected":false},"author":3,"featured_media":2996,"comment_status":"open","ping_status":"open","sticky":false,"template":"","format":"standard","meta":{"_monsterinsights_skip_tracking":false,"_monsterinsights_sitenote_active":false,"_monsterinsights_sitenote_note":"","_monsterinsights_sitenote_category":0},"categories":[41],"tags":[],"yoast_head":"<!-- This site is optimized with the Yoast SEO plugin v20.6 - https:\/\/yoast.com\/wordpress\/plugins\/seo\/ -->\n<title>O morro tamb\u00e9m tem voz - Jornalismo UFSJ<\/title>\n<meta name=\"robots\" content=\"index, follow, max-snippet:-1, max-image-preview:large, max-video-preview:-1\" \/>\n<link rel=\"canonical\" href=\"http:\/\/jornalismo.ufsj.edu.br\/site\/jornalismo-cidadao\/o-morro-tambem-tem-voz\/\" \/>\n<meta property=\"og:locale\" content=\"pt_BR\" \/>\n<meta property=\"og:type\" content=\"article\" \/>\n<meta property=\"og:title\" content=\"O morro tamb\u00e9m tem voz - Jornalismo UFSJ\" \/>\n<meta property=\"og:description\" content=\"Um jornalismo que d\u00ea voz aos que est\u00e3o invis\u00edveis. A tend\u00eancia de inclus\u00e3o que j\u00e1 influencia grandes nomes do jornalismo tamb\u00e9m inspira projetos de alunos do curso de Comunica\u00e7\u00e3o Social da UFSJ. J\u00e1 contamos\u00a0aqui sobre os projetos desenvolvidos pelas alunas...\" \/>\n<meta property=\"og:url\" content=\"http:\/\/jornalismo.ufsj.edu.br\/site\/jornalismo-cidadao\/o-morro-tambem-tem-voz\/\" \/>\n<meta property=\"og:site_name\" content=\"Jornalismo UFSJ\" \/>\n<meta property=\"article:publisher\" content=\"https:\/\/www.facebook.com\/jornalismoufsj\/\" \/>\n<meta property=\"article:published_time\" content=\"2016-05-06T21:34:43+00:00\" \/>\n<meta name=\"twitter:card\" content=\"summary_large_image\" \/>\n<meta name=\"twitter:creator\" content=\"@jornalismoufsj\" \/>\n<meta name=\"twitter:site\" content=\"@jornalismoufsj\" \/>\n<meta name=\"twitter:label1\" content=\"Escrito por\" \/>\n\t<meta name=\"twitter:data1\" content=\"\" \/>\n\t<meta name=\"twitter:label2\" content=\"Est. tempo de leitura\" \/>\n\t<meta name=\"twitter:data2\" content=\"1 minuto\" \/>\n<script type=\"application\/ld+json\" class=\"yoast-schema-graph\">{\"@context\":\"https:\/\/schema.org\",\"@graph\":[{\"@type\":\"WebPage\",\"@id\":\"http:\/\/jornalismo.ufsj.edu.br\/site\/jornalismo-cidadao\/o-morro-tambem-tem-voz\/\",\"url\":\"http:\/\/jornalismo.ufsj.edu.br\/site\/jornalismo-cidadao\/o-morro-tambem-tem-voz\/\",\"name\":\"O morro tamb\u00e9m tem voz - Jornalismo UFSJ\",\"isPartOf\":{\"@id\":\"http:\/\/jornalismo.ufsj.edu.br\/site\/#website\"},\"datePublished\":\"2016-05-06T21:34:43+00:00\",\"dateModified\":\"2016-05-06T21:34:43+00:00\",\"author\":{\"@id\":\"\"},\"breadcrumb\":{\"@id\":\"http:\/\/jornalismo.ufsj.edu.br\/site\/jornalismo-cidadao\/o-morro-tambem-tem-voz\/#breadcrumb\"},\"inLanguage\":\"pt-BR\",\"potentialAction\":[{\"@type\":\"ReadAction\",\"target\":[\"http:\/\/jornalismo.ufsj.edu.br\/site\/jornalismo-cidadao\/o-morro-tambem-tem-voz\/\"]}]},{\"@type\":\"BreadcrumbList\",\"@id\":\"http:\/\/jornalismo.ufsj.edu.br\/site\/jornalismo-cidadao\/o-morro-tambem-tem-voz\/#breadcrumb\",\"itemListElement\":[{\"@type\":\"ListItem\",\"position\":1,\"name\":\"In\u00edcio\",\"item\":\"http:\/\/jornalismo.ufsj.edu.br\/site\/\"},{\"@type\":\"ListItem\",\"position\":2,\"name\":\"O morro tamb\u00e9m tem voz\"}]},{\"@type\":\"WebSite\",\"@id\":\"http:\/\/jornalismo.ufsj.edu.br\/site\/#website\",\"url\":\"http:\/\/jornalismo.ufsj.edu.br\/site\/\",\"name\":\"Jornalismo UFSJ\",\"description\":\"\",\"potentialAction\":[{\"@type\":\"SearchAction\",\"target\":{\"@type\":\"EntryPoint\",\"urlTemplate\":\"http:\/\/jornalismo.ufsj.edu.br\/site\/?s={search_term_string}\"},\"query-input\":\"required name=search_term_string\"}],\"inLanguage\":\"pt-BR\"},{\"@type\":\"Person\",\"@id\":\"\"}]}<\/script>\n<!-- \/ Yoast SEO plugin. -->","yoast_head_json":{"title":"O morro tamb\u00e9m tem voz - Jornalismo UFSJ","robots":{"index":"index","follow":"follow","max-snippet":"max-snippet:-1","max-image-preview":"max-image-preview:large","max-video-preview":"max-video-preview:-1"},"canonical":"http:\/\/jornalismo.ufsj.edu.br\/site\/jornalismo-cidadao\/o-morro-tambem-tem-voz\/","og_locale":"pt_BR","og_type":"article","og_title":"O morro tamb\u00e9m tem voz - Jornalismo UFSJ","og_description":"Um jornalismo que d\u00ea voz aos que est\u00e3o invis\u00edveis. A tend\u00eancia de inclus\u00e3o que j\u00e1 influencia grandes nomes do jornalismo tamb\u00e9m inspira projetos de alunos do curso de Comunica\u00e7\u00e3o Social da UFSJ. J\u00e1 contamos\u00a0aqui sobre os projetos desenvolvidos pelas alunas...","og_url":"http:\/\/jornalismo.ufsj.edu.br\/site\/jornalismo-cidadao\/o-morro-tambem-tem-voz\/","og_site_name":"Jornalismo UFSJ","article_publisher":"https:\/\/www.facebook.com\/jornalismoufsj\/","article_published_time":"2016-05-06T21:34:43+00:00","twitter_card":"summary_large_image","twitter_creator":"@jornalismoufsj","twitter_site":"@jornalismoufsj","twitter_misc":{"Escrito por":"","Est. tempo de leitura":"1 minuto"},"schema":{"@context":"https:\/\/schema.org","@graph":[{"@type":"WebPage","@id":"http:\/\/jornalismo.ufsj.edu.br\/site\/jornalismo-cidadao\/o-morro-tambem-tem-voz\/","url":"http:\/\/jornalismo.ufsj.edu.br\/site\/jornalismo-cidadao\/o-morro-tambem-tem-voz\/","name":"O morro tamb\u00e9m tem voz - Jornalismo UFSJ","isPartOf":{"@id":"http:\/\/jornalismo.ufsj.edu.br\/site\/#website"},"datePublished":"2016-05-06T21:34:43+00:00","dateModified":"2016-05-06T21:34:43+00:00","author":{"@id":""},"breadcrumb":{"@id":"http:\/\/jornalismo.ufsj.edu.br\/site\/jornalismo-cidadao\/o-morro-tambem-tem-voz\/#breadcrumb"},"inLanguage":"pt-BR","potentialAction":[{"@type":"ReadAction","target":["http:\/\/jornalismo.ufsj.edu.br\/site\/jornalismo-cidadao\/o-morro-tambem-tem-voz\/"]}]},{"@type":"BreadcrumbList","@id":"http:\/\/jornalismo.ufsj.edu.br\/site\/jornalismo-cidadao\/o-morro-tambem-tem-voz\/#breadcrumb","itemListElement":[{"@type":"ListItem","position":1,"name":"In\u00edcio","item":"http:\/\/jornalismo.ufsj.edu.br\/site\/"},{"@type":"ListItem","position":2,"name":"O morro tamb\u00e9m tem voz"}]},{"@type":"WebSite","@id":"http:\/\/jornalismo.ufsj.edu.br\/site\/#website","url":"http:\/\/jornalismo.ufsj.edu.br\/site\/","name":"Jornalismo UFSJ","description":"","potentialAction":[{"@type":"SearchAction","target":{"@type":"EntryPoint","urlTemplate":"http:\/\/jornalismo.ufsj.edu.br\/site\/?s={search_term_string}"},"query-input":"required name=search_term_string"}],"inLanguage":"pt-BR"},{"@type":"Person","@id":""}]}},"jetpack_featured_media_url":"","_links":{"self":[{"href":"http:\/\/jornalismo.ufsj.edu.br\/site\/wp-json\/wp\/v2\/posts\/2993"}],"collection":[{"href":"http:\/\/jornalismo.ufsj.edu.br\/site\/wp-json\/wp\/v2\/posts"}],"about":[{"href":"http:\/\/jornalismo.ufsj.edu.br\/site\/wp-json\/wp\/v2\/types\/post"}],"author":[{"embeddable":true,"href":"http:\/\/jornalismo.ufsj.edu.br\/site\/wp-json\/wp\/v2\/users\/3"}],"replies":[{"embeddable":true,"href":"http:\/\/jornalismo.ufsj.edu.br\/site\/wp-json\/wp\/v2\/comments?post=2993"}],"version-history":[{"count":0,"href":"http:\/\/jornalismo.ufsj.edu.br\/site\/wp-json\/wp\/v2\/posts\/2993\/revisions"}],"wp:featuredmedia":[{"embeddable":true,"href":"http:\/\/jornalismo.ufsj.edu.br\/site\/wp-json\/"}],"wp:attachment":[{"href":"http:\/\/jornalismo.ufsj.edu.br\/site\/wp-json\/wp\/v2\/media?parent=2993"}],"wp:term":[{"taxonomy":"category","embeddable":true,"href":"http:\/\/jornalismo.ufsj.edu.br\/site\/wp-json\/wp\/v2\/categories?post=2993"},{"taxonomy":"post_tag","embeddable":true,"href":"http:\/\/jornalismo.ufsj.edu.br\/site\/wp-json\/wp\/v2\/tags?post=2993"}],"curies":[{"name":"wp","href":"https:\/\/api.w.org\/{rel}","templated":true}]}}