{"id":2391,"date":"2016-04-13T20:10:23","date_gmt":"2016-04-13T20:10:23","guid":{"rendered":"http:\/\/jornalismo.ufsj.edu.br\/?p=2391"},"modified":"2016-04-13T20:10:23","modified_gmt":"2016-04-13T20:10:23","slug":"pesquisas-abordam-narrativas-do-cotidiano","status":"publish","type":"post","link":"http:\/\/jornalismo.ufsj.edu.br\/site\/iniciacao-cientifica\/pesquisas-abordam-narrativas-do-cotidiano\/","title":{"rendered":"Pesquisas abordam narrativas do cotidiano"},"content":{"rendered":"<p>&nbsp;<\/p>\n<div id=\"attachment_2470\" style=\"width: 179px\" class=\"wp-caption alignleft\"><img aria-describedby=\"caption-attachment-2470\" loading=\"lazy\" class=\"  wp-image-2470 alignleft\" src=\"http:\/\/jornalismo.ufsj.edu.br\/wp-content\/uploads\/2016\/04\/capa_vida_q_ninguem_ve-200x300.jpg\" alt=\"capa_vida_q_ninguem_ve-200x300\" width=\"169\" height=\"253\" \/><p id=\"caption-attachment-2470\" class=\"wp-caption-text\"><\/p>\n<pre>Livro\u00a0utilizado   na pesquisa de  Ana  Resende<\/pre>\n<p>&nbsp;<\/p>\n<p><\/p><\/div>\n<p>Isabella Sales, aluna do 3<sup>o<\/sup>. per\u00edodo, sempre gostou de fotografia e de ouvir hist\u00f3rias. Para unir os dois prazeres, escolheu como tema de sua pesquisa de Inicia\u00e7\u00e3o Cient\u00edfica o Projeto Moradores, produzido pelo coletivo Nitro Imagens, de BH. O grupo que come\u00e7ou seu trabalho como ag\u00eancia fotogr\u00e1fica, hoje se define como &#8220;contador de hist\u00f3rias&#8221;.<\/p>\n<p>A a\u00e7\u00e3o proposta pelo coletivo \u00e9 simples: fotografar moradores em seu cotidiano e escutar o que t\u00eam a dizer sobre a cidade, depois as fotos s\u00e3o expostas em tamanho grande em pontos tur\u00edsticos da cidade. O interesse da pesquisa de Isabella, sob orienta\u00e7\u00e3o da professora K\u00e1tia Lombardi, est\u00e1 em analisar como o\u00a0projeto contribui na busca da singularidade do indiv\u00edduo e sua identifica\u00e7\u00e3o com o lugar onde vive.<\/p>\n<p>\u201cVoc\u00ea se sente parte daquela hist\u00f3ria quando v\u00ea seu vizinho ali ou uma pessoa que voc\u00ea conhece e acredito que, para quem \u00e9 fotografado, \u00e9 como se voc\u00ea se sentisse realmente valorizado. Naquele momento voc\u00ea se coloca realmente como protagonista do lugar onde vive\u201d, declara a aluna.<\/p>\n<p>Entusiasmada, Isabella conta que sempre encontra projetos similares que gostaria de estudar tamb\u00e9m, e que pretende ainda realizar sua pr\u00f3pria iniciativa\u00a0nessa \u00e1rea: \u201cEm forma de TCC ou um projeto meu, de vida\u201d.<\/p>\n<p>J\u00e1\u00a0Ana Resende Quadros, tamb\u00e9m do 3<sup>o<\/sup>. per\u00edodo, realiza\u00a0um\u00a0estudo de caso da\u00a0obra da jornalista Eliane Brum, premiada com o pr\u00eamio Jabuti de melhor livro-reportagem em 2007, com o livro \u201cO olho da rua\u201d.\u00a0Eliane usa narrativas t\u00edpicas do jornalismo liter\u00e1rio, sempre tratando de temas e pessoas em geral esquecidos\u00a0pela m\u00eddia tradicional.<\/p>\n<p>Ana explica sua escolha: \u201cAcho que o jornalismo est\u00e1 ignorando o que precisa ser feito: ele\u00a0deve servir \u00e0 sociedade&#8221;. E, para ela, o trabalho de Eliane cumpre esse papel, ao visibilizar pautas e pessoas que, inexistindo na imprensa, tamb\u00e9m\u00a0n\u00e3o existem na sociedade.<\/p>\n<p><span style=\"line-height:1.7;\">O cuidado com as pessoas est\u00e1 tamb\u00e9m na constru\u00e7\u00e3o do texto de Eliane. A estudante\u00a0explica que uma\u00a0caracter\u00edstica da autora \u00e9 preservar <\/span><span style=\"line-height:1.7;\">a<\/span><span style=\"line-height:1.7;\">\u00a0fala do entrevistado: \u201cA pessoa expressou-se daquela maneira, o jornalismo n\u00e3o pode alterar, para ela isso \u00e9 um pecado enorme&#8221;. <\/span><\/p>\n<p><span style=\"line-height:1.7;\">Ana\u00a0tamb\u00e9m busca em sua\u00a0pesquisa bases para \u00a0projetos futuros: \u201cEu gostaria muito de poder trabalhar com jornalismo liter\u00e1rio\u201d. Para <\/span><span style=\"line-height:1.7;\">ela<\/span><span style=\"line-height:1.7;\">, esse \u00e9 um g\u00eanero em que \u00e9 poss\u00edvel criar um texto mais acess\u00edvel, que o leitor sinta prazer em ler.<\/span><\/p>\n<p>Sonhadores incentivando sonhadores a abrir os olhos e colocar a m\u00e3o na massa. Se quiser conhecer mais dos projetos estudados\u00a0por aqui e se inspirar tamb\u00e9m, d\u00e1 um clique no\u00a0<a href=\"https:\/\/www.facebook.com\/projetomoradores\" target=\"_blank\">Projeto Moradores<\/a>\u00a0e no blog\u00a0<a style=\"line-height:1.7;\" href=\"http:\/\/desacontecimentos.com\" target=\"_blank\">Desacontecimentos<\/a>, de Eliane Brum.<\/p>\n<p style=\"text-align:right;\"><span style=\"text-align:right;line-height:1.7;\">Texto: Dani da Gama<\/span><\/p>\n","protected":false},"excerpt":{"rendered":"<p>&nbsp; Isabella Sales, aluna do 3o. per\u00edodo, sempre gostou de fotografia e de ouvir hist\u00f3rias. Para unir os dois prazeres, escolheu como tema de sua pesquisa de Inicia\u00e7\u00e3o Cient\u00edfica o Projeto Moradores, produzido pelo coletivo Nitro Imagens, de BH. O&#8230;<\/p>\n","protected":false},"author":3,"featured_media":2429,"comment_status":"open","ping_status":"open","sticky":false,"template":"","format":"standard","meta":{"_monsterinsights_skip_tracking":false,"_monsterinsights_sitenote_active":false,"_monsterinsights_sitenote_note":"","_monsterinsights_sitenote_category":0},"categories":[36],"tags":[],"yoast_head":"<!-- This site is optimized with the Yoast SEO plugin v20.6 - https:\/\/yoast.com\/wordpress\/plugins\/seo\/ -->\n<title>Pesquisas abordam narrativas do cotidiano - Jornalismo UFSJ<\/title>\n<meta name=\"robots\" content=\"index, follow, max-snippet:-1, max-image-preview:large, max-video-preview:-1\" \/>\n<link rel=\"canonical\" href=\"http:\/\/anu.ufsj.edu.br\/site\/iniciacao-cientifica\/pesquisas-abordam-narrativas-do-cotidiano\/\" \/>\n<meta property=\"og:locale\" content=\"pt_BR\" \/>\n<meta property=\"og:type\" content=\"article\" \/>\n<meta property=\"og:title\" content=\"Pesquisas abordam narrativas do cotidiano - Jornalismo UFSJ\" \/>\n<meta property=\"og:description\" content=\"&nbsp; Isabella Sales, aluna do 3o. per\u00edodo, sempre gostou de fotografia e de ouvir hist\u00f3rias. Para unir os dois prazeres, escolheu como tema de sua pesquisa de Inicia\u00e7\u00e3o Cient\u00edfica o Projeto Moradores, produzido pelo coletivo Nitro Imagens, de BH. O...\" \/>\n<meta property=\"og:url\" content=\"http:\/\/anu.ufsj.edu.br\/site\/iniciacao-cientifica\/pesquisas-abordam-narrativas-do-cotidiano\/\" \/>\n<meta property=\"og:site_name\" content=\"Jornalismo UFSJ\" \/>\n<meta property=\"article:publisher\" content=\"https:\/\/www.facebook.com\/jornalismoufsj\/\" \/>\n<meta property=\"article:published_time\" content=\"2016-04-13T20:10:23+00:00\" \/>\n<meta name=\"twitter:card\" content=\"summary_large_image\" \/>\n<meta name=\"twitter:creator\" content=\"@jornalismoufsj\" \/>\n<meta name=\"twitter:site\" content=\"@jornalismoufsj\" \/>\n<meta name=\"twitter:label1\" content=\"Escrito por\" \/>\n\t<meta name=\"twitter:data1\" content=\"\" \/>\n\t<meta name=\"twitter:label2\" content=\"Est. tempo de leitura\" \/>\n\t<meta name=\"twitter:data2\" content=\"2 minutos\" \/>\n<script type=\"application\/ld+json\" class=\"yoast-schema-graph\">{\"@context\":\"https:\/\/schema.org\",\"@graph\":[{\"@type\":\"WebPage\",\"@id\":\"http:\/\/anu.ufsj.edu.br\/site\/iniciacao-cientifica\/pesquisas-abordam-narrativas-do-cotidiano\/\",\"url\":\"http:\/\/anu.ufsj.edu.br\/site\/iniciacao-cientifica\/pesquisas-abordam-narrativas-do-cotidiano\/\",\"name\":\"Pesquisas abordam narrativas do cotidiano - Jornalismo UFSJ\",\"isPartOf\":{\"@id\":\"http:\/\/jornalismo.ufsj.edu.br\/site\/#website\"},\"datePublished\":\"2016-04-13T20:10:23+00:00\",\"dateModified\":\"2016-04-13T20:10:23+00:00\",\"author\":{\"@id\":\"\"},\"breadcrumb\":{\"@id\":\"http:\/\/anu.ufsj.edu.br\/site\/iniciacao-cientifica\/pesquisas-abordam-narrativas-do-cotidiano\/#breadcrumb\"},\"inLanguage\":\"pt-BR\",\"potentialAction\":[{\"@type\":\"ReadAction\",\"target\":[\"http:\/\/anu.ufsj.edu.br\/site\/iniciacao-cientifica\/pesquisas-abordam-narrativas-do-cotidiano\/\"]}]},{\"@type\":\"BreadcrumbList\",\"@id\":\"http:\/\/anu.ufsj.edu.br\/site\/iniciacao-cientifica\/pesquisas-abordam-narrativas-do-cotidiano\/#breadcrumb\",\"itemListElement\":[{\"@type\":\"ListItem\",\"position\":1,\"name\":\"In\u00edcio\",\"item\":\"http:\/\/jornalismo.ufsj.edu.br\/site\/\"},{\"@type\":\"ListItem\",\"position\":2,\"name\":\"Pesquisas abordam narrativas do cotidiano\"}]},{\"@type\":\"WebSite\",\"@id\":\"http:\/\/jornalismo.ufsj.edu.br\/site\/#website\",\"url\":\"http:\/\/jornalismo.ufsj.edu.br\/site\/\",\"name\":\"Jornalismo UFSJ\",\"description\":\"\",\"potentialAction\":[{\"@type\":\"SearchAction\",\"target\":{\"@type\":\"EntryPoint\",\"urlTemplate\":\"http:\/\/jornalismo.ufsj.edu.br\/site\/?s={search_term_string}\"},\"query-input\":\"required name=search_term_string\"}],\"inLanguage\":\"pt-BR\"},{\"@type\":\"Person\",\"@id\":\"\"}]}<\/script>\n<!-- \/ Yoast SEO plugin. -->","yoast_head_json":{"title":"Pesquisas abordam narrativas do cotidiano - Jornalismo UFSJ","robots":{"index":"index","follow":"follow","max-snippet":"max-snippet:-1","max-image-preview":"max-image-preview:large","max-video-preview":"max-video-preview:-1"},"canonical":"http:\/\/anu.ufsj.edu.br\/site\/iniciacao-cientifica\/pesquisas-abordam-narrativas-do-cotidiano\/","og_locale":"pt_BR","og_type":"article","og_title":"Pesquisas abordam narrativas do cotidiano - Jornalismo UFSJ","og_description":"&nbsp; Isabella Sales, aluna do 3o. per\u00edodo, sempre gostou de fotografia e de ouvir hist\u00f3rias. Para unir os dois prazeres, escolheu como tema de sua pesquisa de Inicia\u00e7\u00e3o Cient\u00edfica o Projeto Moradores, produzido pelo coletivo Nitro Imagens, de BH. O...","og_url":"http:\/\/anu.ufsj.edu.br\/site\/iniciacao-cientifica\/pesquisas-abordam-narrativas-do-cotidiano\/","og_site_name":"Jornalismo UFSJ","article_publisher":"https:\/\/www.facebook.com\/jornalismoufsj\/","article_published_time":"2016-04-13T20:10:23+00:00","twitter_card":"summary_large_image","twitter_creator":"@jornalismoufsj","twitter_site":"@jornalismoufsj","twitter_misc":{"Escrito por":"","Est. tempo de leitura":"2 minutos"},"schema":{"@context":"https:\/\/schema.org","@graph":[{"@type":"WebPage","@id":"http:\/\/anu.ufsj.edu.br\/site\/iniciacao-cientifica\/pesquisas-abordam-narrativas-do-cotidiano\/","url":"http:\/\/anu.ufsj.edu.br\/site\/iniciacao-cientifica\/pesquisas-abordam-narrativas-do-cotidiano\/","name":"Pesquisas abordam narrativas do cotidiano - Jornalismo UFSJ","isPartOf":{"@id":"http:\/\/jornalismo.ufsj.edu.br\/site\/#website"},"datePublished":"2016-04-13T20:10:23+00:00","dateModified":"2016-04-13T20:10:23+00:00","author":{"@id":""},"breadcrumb":{"@id":"http:\/\/anu.ufsj.edu.br\/site\/iniciacao-cientifica\/pesquisas-abordam-narrativas-do-cotidiano\/#breadcrumb"},"inLanguage":"pt-BR","potentialAction":[{"@type":"ReadAction","target":["http:\/\/anu.ufsj.edu.br\/site\/iniciacao-cientifica\/pesquisas-abordam-narrativas-do-cotidiano\/"]}]},{"@type":"BreadcrumbList","@id":"http:\/\/anu.ufsj.edu.br\/site\/iniciacao-cientifica\/pesquisas-abordam-narrativas-do-cotidiano\/#breadcrumb","itemListElement":[{"@type":"ListItem","position":1,"name":"In\u00edcio","item":"http:\/\/jornalismo.ufsj.edu.br\/site\/"},{"@type":"ListItem","position":2,"name":"Pesquisas abordam narrativas do cotidiano"}]},{"@type":"WebSite","@id":"http:\/\/jornalismo.ufsj.edu.br\/site\/#website","url":"http:\/\/jornalismo.ufsj.edu.br\/site\/","name":"Jornalismo UFSJ","description":"","potentialAction":[{"@type":"SearchAction","target":{"@type":"EntryPoint","urlTemplate":"http:\/\/jornalismo.ufsj.edu.br\/site\/?s={search_term_string}"},"query-input":"required name=search_term_string"}],"inLanguage":"pt-BR"},{"@type":"Person","@id":""}]}},"jetpack_featured_media_url":"","_links":{"self":[{"href":"http:\/\/jornalismo.ufsj.edu.br\/site\/wp-json\/wp\/v2\/posts\/2391"}],"collection":[{"href":"http:\/\/jornalismo.ufsj.edu.br\/site\/wp-json\/wp\/v2\/posts"}],"about":[{"href":"http:\/\/jornalismo.ufsj.edu.br\/site\/wp-json\/wp\/v2\/types\/post"}],"author":[{"embeddable":true,"href":"http:\/\/jornalismo.ufsj.edu.br\/site\/wp-json\/wp\/v2\/users\/3"}],"replies":[{"embeddable":true,"href":"http:\/\/jornalismo.ufsj.edu.br\/site\/wp-json\/wp\/v2\/comments?post=2391"}],"version-history":[{"count":0,"href":"http:\/\/jornalismo.ufsj.edu.br\/site\/wp-json\/wp\/v2\/posts\/2391\/revisions"}],"wp:featuredmedia":[{"embeddable":true,"href":"http:\/\/jornalismo.ufsj.edu.br\/site\/wp-json\/"}],"wp:attachment":[{"href":"http:\/\/jornalismo.ufsj.edu.br\/site\/wp-json\/wp\/v2\/media?parent=2391"}],"wp:term":[{"taxonomy":"category","embeddable":true,"href":"http:\/\/jornalismo.ufsj.edu.br\/site\/wp-json\/wp\/v2\/categories?post=2391"},{"taxonomy":"post_tag","embeddable":true,"href":"http:\/\/jornalismo.ufsj.edu.br\/site\/wp-json\/wp\/v2\/tags?post=2391"}],"curies":[{"name":"wp","href":"https:\/\/api.w.org\/{rel}","templated":true}]}}