{"id":2328,"date":"2016-04-09T17:47:11","date_gmt":"2016-04-09T17:47:11","guid":{"rendered":"http:\/\/jornalismo.ufsj.edu.br\/?p=2328"},"modified":"2016-04-09T17:47:11","modified_gmt":"2016-04-09T17:47:11","slug":"hoje-tem-cinema","status":"publish","type":"post","link":"http:\/\/jornalismo.ufsj.edu.br\/site\/documentario\/hoje-tem-cinema\/","title":{"rendered":"Hoje tem cinema!"},"content":{"rendered":"<div id=\"attachment_2372\" style=\"width: 295px\" class=\"wp-caption alignleft\"><img aria-describedby=\"caption-attachment-2372\" loading=\"lazy\" class=\"  wp-image-2372 alignleft\" src=\"http:\/\/jornalismo.ufsj.edu.br\/wp-content\/uploads\/2016\/04\/cine-no-muro.jpg\" alt=\"Cine no Muro\" width=\"285\" height=\"214\" \/><p id=\"caption-attachment-2372\" class=\"wp-caption-text\">Foto: Divulga\u00e7\u00e3o<\/p><\/div>\n<p>Prepara a pipoca! Hoje, no Largo do Carmo, acontece mais uma edi\u00e7\u00e3o do Cine no Muro. O evento \u00e9 promovido pelo Forno Harm\u00f4nico, incubadora de projetos culturais dirigida\u00a0por Pedro Lago, artista e aluno do primeiro per\u00edodo do curso de Jornalismo.<\/p>\n<p>Os\u00a0filmes s\u00e3o projetados no muro do Cemit\u00e9rio Nossa Senhora do Carmo, na famosa esquina do Cantinho Carioca, em sess\u00f5es \u00e0s 20 e 22 horas.<\/p>\n<p>A ideia \u00e9\u00a0divulgar v\u00eddeos autorais ou cl\u00e1ssicos do cinema mudo com trilha sonora ao vivo.<\/p>\n<p>E voc\u00ea? Quer participar\u00a0das pr\u00f3ximas edi\u00e7\u00f5es? Envie seu v\u00eddeo para o email fornoharmonico@gmail.com.<\/p>\n<p style=\"text-align:right;\">Texto: Dani da Gama<\/p>\n<p>&nbsp;<\/p>\n<p>&nbsp;<\/p>\n<div class=\"_4-u2 _24vz _4-u8\"><\/div>\n","protected":false},"excerpt":{"rendered":"<p>Prepara a pipoca! Hoje, no Largo do Carmo, acontece mais uma edi\u00e7\u00e3o do Cine no Muro. O evento \u00e9 promovido pelo Forno Harm\u00f4nico, incubadora de projetos culturais dirigida\u00a0por Pedro Lago, artista e aluno do primeiro per\u00edodo do curso de Jornalismo&#8230;.<\/p>\n","protected":false},"author":3,"featured_media":2372,"comment_status":"open","ping_status":"open","sticky":false,"template":"","format":"standard","meta":{"_monsterinsights_skip_tracking":false,"_monsterinsights_sitenote_active":false,"_monsterinsights_sitenote_note":"","_monsterinsights_sitenote_category":0},"categories":[22],"tags":[],"yoast_head":"<!-- This site is optimized with the Yoast SEO plugin v20.6 - https:\/\/yoast.com\/wordpress\/plugins\/seo\/ -->\n<title>Hoje tem cinema! - Jornalismo UFSJ<\/title>\n<meta name=\"robots\" content=\"index, follow, max-snippet:-1, max-image-preview:large, max-video-preview:-1\" \/>\n<link rel=\"canonical\" href=\"http:\/\/anu.ufsj.edu.br\/site\/documentario\/hoje-tem-cinema\/\" \/>\n<meta property=\"og:locale\" content=\"pt_BR\" \/>\n<meta property=\"og:type\" content=\"article\" \/>\n<meta property=\"og:title\" content=\"Hoje tem cinema! - Jornalismo UFSJ\" \/>\n<meta property=\"og:description\" content=\"Prepara a pipoca! Hoje, no Largo do Carmo, acontece mais uma edi\u00e7\u00e3o do Cine no Muro. O evento \u00e9 promovido pelo Forno Harm\u00f4nico, incubadora de projetos culturais dirigida\u00a0por Pedro Lago, artista e aluno do primeiro per\u00edodo do curso de Jornalismo....\" \/>\n<meta property=\"og:url\" content=\"http:\/\/anu.ufsj.edu.br\/site\/documentario\/hoje-tem-cinema\/\" \/>\n<meta property=\"og:site_name\" content=\"Jornalismo UFSJ\" \/>\n<meta property=\"article:publisher\" content=\"https:\/\/www.facebook.com\/jornalismoufsj\/\" \/>\n<meta property=\"article:published_time\" content=\"2016-04-09T17:47:11+00:00\" \/>\n<meta name=\"twitter:card\" content=\"summary_large_image\" \/>\n<meta name=\"twitter:creator\" content=\"@jornalismoufsj\" \/>\n<meta name=\"twitter:site\" content=\"@jornalismoufsj\" \/>\n<meta name=\"twitter:label1\" content=\"Escrito por\" \/>\n\t<meta name=\"twitter:data1\" content=\"\" \/>\n\t<meta name=\"twitter:label2\" content=\"Est. tempo de leitura\" \/>\n\t<meta name=\"twitter:data2\" content=\"1 minuto\" \/>\n<script type=\"application\/ld+json\" class=\"yoast-schema-graph\">{\"@context\":\"https:\/\/schema.org\",\"@graph\":[{\"@type\":\"WebPage\",\"@id\":\"http:\/\/anu.ufsj.edu.br\/site\/documentario\/hoje-tem-cinema\/\",\"url\":\"http:\/\/anu.ufsj.edu.br\/site\/documentario\/hoje-tem-cinema\/\",\"name\":\"Hoje tem cinema! - Jornalismo UFSJ\",\"isPartOf\":{\"@id\":\"http:\/\/jornalismo.ufsj.edu.br\/site\/#website\"},\"datePublished\":\"2016-04-09T17:47:11+00:00\",\"dateModified\":\"2016-04-09T17:47:11+00:00\",\"author\":{\"@id\":\"\"},\"breadcrumb\":{\"@id\":\"http:\/\/anu.ufsj.edu.br\/site\/documentario\/hoje-tem-cinema\/#breadcrumb\"},\"inLanguage\":\"pt-BR\",\"potentialAction\":[{\"@type\":\"ReadAction\",\"target\":[\"http:\/\/anu.ufsj.edu.br\/site\/documentario\/hoje-tem-cinema\/\"]}]},{\"@type\":\"BreadcrumbList\",\"@id\":\"http:\/\/anu.ufsj.edu.br\/site\/documentario\/hoje-tem-cinema\/#breadcrumb\",\"itemListElement\":[{\"@type\":\"ListItem\",\"position\":1,\"name\":\"In\u00edcio\",\"item\":\"http:\/\/jornalismo.ufsj.edu.br\/site\/\"},{\"@type\":\"ListItem\",\"position\":2,\"name\":\"Hoje tem cinema!\"}]},{\"@type\":\"WebSite\",\"@id\":\"http:\/\/jornalismo.ufsj.edu.br\/site\/#website\",\"url\":\"http:\/\/jornalismo.ufsj.edu.br\/site\/\",\"name\":\"Jornalismo UFSJ\",\"description\":\"\",\"potentialAction\":[{\"@type\":\"SearchAction\",\"target\":{\"@type\":\"EntryPoint\",\"urlTemplate\":\"http:\/\/jornalismo.ufsj.edu.br\/site\/?s={search_term_string}\"},\"query-input\":\"required name=search_term_string\"}],\"inLanguage\":\"pt-BR\"},{\"@type\":\"Person\",\"@id\":\"\"}]}<\/script>\n<!-- \/ Yoast SEO plugin. -->","yoast_head_json":{"title":"Hoje tem cinema! - Jornalismo UFSJ","robots":{"index":"index","follow":"follow","max-snippet":"max-snippet:-1","max-image-preview":"max-image-preview:large","max-video-preview":"max-video-preview:-1"},"canonical":"http:\/\/anu.ufsj.edu.br\/site\/documentario\/hoje-tem-cinema\/","og_locale":"pt_BR","og_type":"article","og_title":"Hoje tem cinema! - Jornalismo UFSJ","og_description":"Prepara a pipoca! Hoje, no Largo do Carmo, acontece mais uma edi\u00e7\u00e3o do Cine no Muro. O evento \u00e9 promovido pelo Forno Harm\u00f4nico, incubadora de projetos culturais dirigida\u00a0por Pedro Lago, artista e aluno do primeiro per\u00edodo do curso de Jornalismo....","og_url":"http:\/\/anu.ufsj.edu.br\/site\/documentario\/hoje-tem-cinema\/","og_site_name":"Jornalismo UFSJ","article_publisher":"https:\/\/www.facebook.com\/jornalismoufsj\/","article_published_time":"2016-04-09T17:47:11+00:00","twitter_card":"summary_large_image","twitter_creator":"@jornalismoufsj","twitter_site":"@jornalismoufsj","twitter_misc":{"Escrito por":"","Est. tempo de leitura":"1 minuto"},"schema":{"@context":"https:\/\/schema.org","@graph":[{"@type":"WebPage","@id":"http:\/\/anu.ufsj.edu.br\/site\/documentario\/hoje-tem-cinema\/","url":"http:\/\/anu.ufsj.edu.br\/site\/documentario\/hoje-tem-cinema\/","name":"Hoje tem cinema! - Jornalismo UFSJ","isPartOf":{"@id":"http:\/\/jornalismo.ufsj.edu.br\/site\/#website"},"datePublished":"2016-04-09T17:47:11+00:00","dateModified":"2016-04-09T17:47:11+00:00","author":{"@id":""},"breadcrumb":{"@id":"http:\/\/anu.ufsj.edu.br\/site\/documentario\/hoje-tem-cinema\/#breadcrumb"},"inLanguage":"pt-BR","potentialAction":[{"@type":"ReadAction","target":["http:\/\/anu.ufsj.edu.br\/site\/documentario\/hoje-tem-cinema\/"]}]},{"@type":"BreadcrumbList","@id":"http:\/\/anu.ufsj.edu.br\/site\/documentario\/hoje-tem-cinema\/#breadcrumb","itemListElement":[{"@type":"ListItem","position":1,"name":"In\u00edcio","item":"http:\/\/jornalismo.ufsj.edu.br\/site\/"},{"@type":"ListItem","position":2,"name":"Hoje tem cinema!"}]},{"@type":"WebSite","@id":"http:\/\/jornalismo.ufsj.edu.br\/site\/#website","url":"http:\/\/jornalismo.ufsj.edu.br\/site\/","name":"Jornalismo UFSJ","description":"","potentialAction":[{"@type":"SearchAction","target":{"@type":"EntryPoint","urlTemplate":"http:\/\/jornalismo.ufsj.edu.br\/site\/?s={search_term_string}"},"query-input":"required name=search_term_string"}],"inLanguage":"pt-BR"},{"@type":"Person","@id":""}]}},"jetpack_featured_media_url":"","_links":{"self":[{"href":"http:\/\/jornalismo.ufsj.edu.br\/site\/wp-json\/wp\/v2\/posts\/2328"}],"collection":[{"href":"http:\/\/jornalismo.ufsj.edu.br\/site\/wp-json\/wp\/v2\/posts"}],"about":[{"href":"http:\/\/jornalismo.ufsj.edu.br\/site\/wp-json\/wp\/v2\/types\/post"}],"author":[{"embeddable":true,"href":"http:\/\/jornalismo.ufsj.edu.br\/site\/wp-json\/wp\/v2\/users\/3"}],"replies":[{"embeddable":true,"href":"http:\/\/jornalismo.ufsj.edu.br\/site\/wp-json\/wp\/v2\/comments?post=2328"}],"version-history":[{"count":0,"href":"http:\/\/jornalismo.ufsj.edu.br\/site\/wp-json\/wp\/v2\/posts\/2328\/revisions"}],"wp:featuredmedia":[{"embeddable":true,"href":"http:\/\/jornalismo.ufsj.edu.br\/site\/wp-json\/"}],"wp:attachment":[{"href":"http:\/\/jornalismo.ufsj.edu.br\/site\/wp-json\/wp\/v2\/media?parent=2328"}],"wp:term":[{"taxonomy":"category","embeddable":true,"href":"http:\/\/jornalismo.ufsj.edu.br\/site\/wp-json\/wp\/v2\/categories?post=2328"},{"taxonomy":"post_tag","embeddable":true,"href":"http:\/\/jornalismo.ufsj.edu.br\/site\/wp-json\/wp\/v2\/tags?post=2328"}],"curies":[{"name":"wp","href":"https:\/\/api.w.org\/{rel}","templated":true}]}}