{"id":1685,"date":"2016-03-15T21:20:50","date_gmt":"2016-03-15T21:20:50","guid":{"rendered":"http:\/\/jornalismo.ufsj.edu.br\/?p=1685"},"modified":"2016-03-15T21:20:50","modified_gmt":"2016-03-15T21:20:50","slug":"alunos-participam-de-debate-entre-candidatos-a-reitoria","status":"publish","type":"post","link":"http:\/\/jornalismo.ufsj.edu.br\/site\/ufsj\/alunos-participam-de-debate-entre-candidatos-a-reitoria\/","title":{"rendered":"Alunos participam de debate entre candidatos \u00e0 Reitoria"},"content":{"rendered":"<p><span style=\"font-weight:400;\"><img loading=\"lazy\" class=\" size-full wp-image-1784 alignleft\" src=\"http:\/\/jornalismo.ufsj.edu.br\/wp-content\/uploads\/2016\/03\/logo-ufsj.png\" alt=\"logo ufsj\" width=\"299\" height=\"168\" \/>Na pr\u00f3xima quinta-feira, 17, ser\u00e1 realizada vota\u00e7\u00e3o\u00a0nos segmentos de docentes, t\u00e9cnicos-administrativos e discentes com o objetivo de escolher os novos\u00a0Reitor e Vice-Reitor da UFSJ.\u00a0<\/span><span style=\"font-weight:400;\">S\u00e3o duas as chapas inscritas:\u00a0<\/span><span style=\"font-weight:400;\">Chapa <\/span><span style=\"font-weight:400;\">1: UFSJ em Movimento, representada por \u00a0Sergio Augusto A. da Gama Cerqueira, candidato a Reitor, e Marcelo Pereira de Andrade, candidato a vice; e C<\/span><span style=\"font-weight:400;\">hapa 2: Reunir para renovar<\/span><span style=\"font-weight:400;color:#333333;\">,\u00a0<\/span><span style=\"font-weight:400;\">formada por Carlos Alberto Raposo da Cunha, candidato a Reitor, e Leonardo Cristian Rocha, candidato a vice.<\/span><\/p>\n<p><span style=\"font-weight:400;\">Nesta segunda-feira, 14, aconteceu o \u00faltimo debate entre os candidatos, no anfiteatro do Campus Dom Bosco, em S\u00e3o Jo\u00e3o del-Rei. Foram discutidos<\/span><span style=\"font-weight:400;\">\u00a0temas como\u00a0<\/span><span style=\"font-weight:400;\">Assist\u00eancia Estudantil, Extens\u00e3o, Pesquisa, reconhecimento e classifica\u00e7\u00e3o de cursos, instala\u00e7\u00f5es f\u00edsicas e acessibilidade. <\/span>As propostas de cada uma das chapas podem ser consultadas em suas p\u00e1ginas nas\u00a0redes sociais:<br \/>\n<a href=\"http:\/\/www.facebook.com\/groups\/serjaoemarcelo\/\" target=\"_blank\">Chapa 1<br \/>\n<\/a><a href=\"https:\/\/www.facebook.com\/Reunir-para-Renovar-1163520927011531\/?fref=ts\" target=\"_blank\">Chapa 2<br \/>\n<\/a>O debate completo tamb\u00e9m pode ser assistido neste <a href=\"https:\/\/www.youtube.com\/watch?v=LHlZHt9qeGM\" target=\"_blank\">link<\/a>.<\/p>\n<p><span style=\"font-weight:400;\">Para participar da pesquisa\u00a0no dia 17, \u00e9 necess\u00e1rio levar documento com foto. A vota\u00e7\u00e3o iniciar\u00e1 \u00e0s 8 horas e ser\u00e1 encerrada \u00e0s 21 horas, nos campi de S\u00e3o Jo\u00e3o del-Rei. <\/span><span style=\"font-weight:400;\">A participa\u00e7\u00e3o dos alunos \u00e9 essencial, n\u00e3o \u00a0apenas no processo eleitoral, mas durante todo o per\u00edodo de gest\u00e3o da reitoria, acompanhando suas a\u00e7\u00f5es e apresentando suas demandas. Para Jo\u00e3o Pedro Justino, aluno do 3. per\u00edodo e membro do CACOS (Centro Acad\u00eamico do Curso de Comunica\u00e7\u00e3o Social da UFSJ), a abertura ao di\u00e1logo com outras entidades administrativas, como o DCE, os CA&#8217;s e as representa\u00e7\u00f5es sindicais dos servidores, \u00e9 algo importante na gest\u00e3o p\u00fablica, principalmente em tempos de crise e cortes no or\u00e7amento da educa\u00e7\u00e3o.\u00a0<\/span>J\u00falia Lemos, tamb\u00e9m do 3. per\u00edodo de jornalismo, viu positivamente sua participa\u00e7\u00e3o no debate: &#8220;Me deu uma ideia de como as chapas se posicionam&#8221;. Para ela, foi importante a entrega das propostas pelas duas chapas e sua visita \u00e0s salas de aula, o que, em sua opini\u00e3o, &#8220;possibilitou um contato mais direto &#8211; mesmo que bem breve&#8221;.<\/p>\n<p>Alguns alunos do curso assistiram ao debate desta segunda-feira e apresentaram suas opini\u00f5es:<\/p>\n<p>&#8220;<span style=\"font-weight:400;\">Acredito que a assist\u00eancia estudantil \u00e9 uma quest\u00e3o priorit\u00e1ria, uma vez que a quest\u00e3o financeira \u00e9 um dificultador \u00a0da perman\u00eancia do aluno, assim como do seu bom rendimento. A burocracia para participar dos editais \u00e9 algo que poderia ser evitado se o n\u00famero de aux\u00edlios contemplasse mais alunos, falta tamb\u00e9m ter conhecimento dos seus direitos, pois n\u00e3o \u00e9 divulgado de forma ampla aos discentes, principalmente aos calouros. De import\u00e2ncia igual \u00e9 o incentivo \u00e0 produ\u00e7\u00e3o cient\u00edfica em todas as \u00e1reas, a reitoria deve estar consciente de como a bolsa \u00e9 importante nas Inicia\u00e7\u00f5es Cientificas e buscar o apoio das unidades competentes&#8221;. (<\/span><span style=\"font-weight:400;\">Flavia Borges, aluna do 7. per\u00edodo).<\/span><\/p>\n<p><span style=\"font-weight:400;\">&#8220;Quest\u00f5es relacionadas \u00e0s condi\u00e7\u00f5es essenciais para que a universidade continue funcionando s\u00e3o priorit\u00e1rias. Por isso, \u00e9 preciso pensar nos desafios em rela\u00e7\u00e3o \u00e0 assist\u00eancia estudantil, por exemplo. Pol\u00edticas de inclus\u00e3o social tamb\u00e9m precisam ser discutidas, pois os campi n\u00e3o t\u00eam condi\u00e7\u00f5es de receber pessoas com defici\u00eancia.\u00a0<\/span><span style=\"font-weight:400;\">Em tempo de dificuldade econ\u00f4mica, acho que o maior desafio \u00e9 continuar construindo uma universidade de qualidade com base no trip\u00e9 ensino, pesquisa e extens\u00e3o&#8221;. (<\/span><span style=\"font-weight:400;\"><span style=\"font-weight:400;\">Tha\u00eds Lacaz, aluna do 7. per\u00edodo).<\/span><\/span><\/p>\n<p style=\"text-align:right;\">Texto: Dani da Gama<\/p>\n","protected":false},"excerpt":{"rendered":"<p>Na pr\u00f3xima quinta-feira, 17, ser\u00e1 realizada vota\u00e7\u00e3o\u00a0nos segmentos de docentes, t\u00e9cnicos-administrativos e discentes com o objetivo de escolher os novos\u00a0Reitor e Vice-Reitor da UFSJ.\u00a0S\u00e3o duas as chapas inscritas:\u00a0Chapa 1: UFSJ em Movimento, representada por \u00a0Sergio Augusto A. da Gama Cerqueira,&#8230;<\/p>\n","protected":false},"author":3,"featured_media":1784,"comment_status":"open","ping_status":"open","sticky":false,"template":"","format":"standard","meta":{"_monsterinsights_skip_tracking":false,"_monsterinsights_sitenote_active":false,"_monsterinsights_sitenote_note":"","_monsterinsights_sitenote_category":0},"categories":[73],"tags":[],"yoast_head":"<!-- This site is optimized with the Yoast SEO plugin v20.6 - https:\/\/yoast.com\/wordpress\/plugins\/seo\/ -->\n<title>Alunos participam de debate entre candidatos \u00e0 Reitoria - Jornalismo UFSJ<\/title>\n<meta name=\"robots\" content=\"index, follow, max-snippet:-1, max-image-preview:large, max-video-preview:-1\" \/>\n<link rel=\"canonical\" href=\"https:\/\/jornalismo.ufsj.edu.br\/site\/ufsj\/alunos-participam-de-debate-entre-candidatos-a-reitoria\/\" \/>\n<meta property=\"og:locale\" content=\"pt_BR\" \/>\n<meta property=\"og:type\" content=\"article\" \/>\n<meta property=\"og:title\" content=\"Alunos participam de debate entre candidatos \u00e0 Reitoria - Jornalismo UFSJ\" \/>\n<meta property=\"og:description\" content=\"Na pr\u00f3xima quinta-feira, 17, ser\u00e1 realizada vota\u00e7\u00e3o\u00a0nos segmentos de docentes, t\u00e9cnicos-administrativos e discentes com o objetivo de escolher os novos\u00a0Reitor e Vice-Reitor da UFSJ.\u00a0S\u00e3o duas as chapas inscritas:\u00a0Chapa 1: UFSJ em Movimento, representada por \u00a0Sergio Augusto A. da Gama Cerqueira,...\" \/>\n<meta property=\"og:url\" content=\"https:\/\/jornalismo.ufsj.edu.br\/site\/ufsj\/alunos-participam-de-debate-entre-candidatos-a-reitoria\/\" \/>\n<meta property=\"og:site_name\" content=\"Jornalismo UFSJ\" \/>\n<meta property=\"article:publisher\" content=\"https:\/\/www.facebook.com\/jornalismoufsj\/\" \/>\n<meta property=\"article:published_time\" content=\"2016-03-15T21:20:50+00:00\" \/>\n<meta name=\"twitter:card\" content=\"summary_large_image\" \/>\n<meta name=\"twitter:creator\" content=\"@jornalismoufsj\" \/>\n<meta name=\"twitter:site\" content=\"@jornalismoufsj\" \/>\n<meta name=\"twitter:label1\" content=\"Escrito por\" \/>\n\t<meta name=\"twitter:data1\" content=\"\" \/>\n\t<meta name=\"twitter:label2\" content=\"Est. tempo de leitura\" \/>\n\t<meta name=\"twitter:data2\" content=\"3 minutos\" \/>\n<script type=\"application\/ld+json\" class=\"yoast-schema-graph\">{\"@context\":\"https:\/\/schema.org\",\"@graph\":[{\"@type\":\"WebPage\",\"@id\":\"https:\/\/jornalismo.ufsj.edu.br\/site\/ufsj\/alunos-participam-de-debate-entre-candidatos-a-reitoria\/\",\"url\":\"https:\/\/jornalismo.ufsj.edu.br\/site\/ufsj\/alunos-participam-de-debate-entre-candidatos-a-reitoria\/\",\"name\":\"Alunos participam de debate entre candidatos \u00e0 Reitoria - Jornalismo UFSJ\",\"isPartOf\":{\"@id\":\"http:\/\/jornalismo.ufsj.edu.br\/site\/#website\"},\"datePublished\":\"2016-03-15T21:20:50+00:00\",\"dateModified\":\"2016-03-15T21:20:50+00:00\",\"author\":{\"@id\":\"\"},\"breadcrumb\":{\"@id\":\"https:\/\/jornalismo.ufsj.edu.br\/site\/ufsj\/alunos-participam-de-debate-entre-candidatos-a-reitoria\/#breadcrumb\"},\"inLanguage\":\"pt-BR\",\"potentialAction\":[{\"@type\":\"ReadAction\",\"target\":[\"https:\/\/jornalismo.ufsj.edu.br\/site\/ufsj\/alunos-participam-de-debate-entre-candidatos-a-reitoria\/\"]}]},{\"@type\":\"BreadcrumbList\",\"@id\":\"https:\/\/jornalismo.ufsj.edu.br\/site\/ufsj\/alunos-participam-de-debate-entre-candidatos-a-reitoria\/#breadcrumb\",\"itemListElement\":[{\"@type\":\"ListItem\",\"position\":1,\"name\":\"In\u00edcio\",\"item\":\"http:\/\/jornalismo.ufsj.edu.br\/site\/\"},{\"@type\":\"ListItem\",\"position\":2,\"name\":\"Alunos participam de debate entre candidatos \u00e0 Reitoria\"}]},{\"@type\":\"WebSite\",\"@id\":\"http:\/\/jornalismo.ufsj.edu.br\/site\/#website\",\"url\":\"http:\/\/jornalismo.ufsj.edu.br\/site\/\",\"name\":\"Jornalismo UFSJ\",\"description\":\"\",\"potentialAction\":[{\"@type\":\"SearchAction\",\"target\":{\"@type\":\"EntryPoint\",\"urlTemplate\":\"http:\/\/jornalismo.ufsj.edu.br\/site\/?s={search_term_string}\"},\"query-input\":\"required name=search_term_string\"}],\"inLanguage\":\"pt-BR\"},{\"@type\":\"Person\",\"@id\":\"\"}]}<\/script>\n<!-- \/ Yoast SEO plugin. -->","yoast_head_json":{"title":"Alunos participam de debate entre candidatos \u00e0 Reitoria - Jornalismo UFSJ","robots":{"index":"index","follow":"follow","max-snippet":"max-snippet:-1","max-image-preview":"max-image-preview:large","max-video-preview":"max-video-preview:-1"},"canonical":"https:\/\/jornalismo.ufsj.edu.br\/site\/ufsj\/alunos-participam-de-debate-entre-candidatos-a-reitoria\/","og_locale":"pt_BR","og_type":"article","og_title":"Alunos participam de debate entre candidatos \u00e0 Reitoria - Jornalismo UFSJ","og_description":"Na pr\u00f3xima quinta-feira, 17, ser\u00e1 realizada vota\u00e7\u00e3o\u00a0nos segmentos de docentes, t\u00e9cnicos-administrativos e discentes com o objetivo de escolher os novos\u00a0Reitor e Vice-Reitor da UFSJ.\u00a0S\u00e3o duas as chapas inscritas:\u00a0Chapa 1: UFSJ em Movimento, representada por \u00a0Sergio Augusto A. da Gama Cerqueira,...","og_url":"https:\/\/jornalismo.ufsj.edu.br\/site\/ufsj\/alunos-participam-de-debate-entre-candidatos-a-reitoria\/","og_site_name":"Jornalismo UFSJ","article_publisher":"https:\/\/www.facebook.com\/jornalismoufsj\/","article_published_time":"2016-03-15T21:20:50+00:00","twitter_card":"summary_large_image","twitter_creator":"@jornalismoufsj","twitter_site":"@jornalismoufsj","twitter_misc":{"Escrito por":"","Est. tempo de leitura":"3 minutos"},"schema":{"@context":"https:\/\/schema.org","@graph":[{"@type":"WebPage","@id":"https:\/\/jornalismo.ufsj.edu.br\/site\/ufsj\/alunos-participam-de-debate-entre-candidatos-a-reitoria\/","url":"https:\/\/jornalismo.ufsj.edu.br\/site\/ufsj\/alunos-participam-de-debate-entre-candidatos-a-reitoria\/","name":"Alunos participam de debate entre candidatos \u00e0 Reitoria - Jornalismo UFSJ","isPartOf":{"@id":"http:\/\/jornalismo.ufsj.edu.br\/site\/#website"},"datePublished":"2016-03-15T21:20:50+00:00","dateModified":"2016-03-15T21:20:50+00:00","author":{"@id":""},"breadcrumb":{"@id":"https:\/\/jornalismo.ufsj.edu.br\/site\/ufsj\/alunos-participam-de-debate-entre-candidatos-a-reitoria\/#breadcrumb"},"inLanguage":"pt-BR","potentialAction":[{"@type":"ReadAction","target":["https:\/\/jornalismo.ufsj.edu.br\/site\/ufsj\/alunos-participam-de-debate-entre-candidatos-a-reitoria\/"]}]},{"@type":"BreadcrumbList","@id":"https:\/\/jornalismo.ufsj.edu.br\/site\/ufsj\/alunos-participam-de-debate-entre-candidatos-a-reitoria\/#breadcrumb","itemListElement":[{"@type":"ListItem","position":1,"name":"In\u00edcio","item":"http:\/\/jornalismo.ufsj.edu.br\/site\/"},{"@type":"ListItem","position":2,"name":"Alunos participam de debate entre candidatos \u00e0 Reitoria"}]},{"@type":"WebSite","@id":"http:\/\/jornalismo.ufsj.edu.br\/site\/#website","url":"http:\/\/jornalismo.ufsj.edu.br\/site\/","name":"Jornalismo UFSJ","description":"","potentialAction":[{"@type":"SearchAction","target":{"@type":"EntryPoint","urlTemplate":"http:\/\/jornalismo.ufsj.edu.br\/site\/?s={search_term_string}"},"query-input":"required name=search_term_string"}],"inLanguage":"pt-BR"},{"@type":"Person","@id":""}]}},"jetpack_featured_media_url":"","_links":{"self":[{"href":"http:\/\/jornalismo.ufsj.edu.br\/site\/wp-json\/wp\/v2\/posts\/1685"}],"collection":[{"href":"http:\/\/jornalismo.ufsj.edu.br\/site\/wp-json\/wp\/v2\/posts"}],"about":[{"href":"http:\/\/jornalismo.ufsj.edu.br\/site\/wp-json\/wp\/v2\/types\/post"}],"author":[{"embeddable":true,"href":"http:\/\/jornalismo.ufsj.edu.br\/site\/wp-json\/wp\/v2\/users\/3"}],"replies":[{"embeddable":true,"href":"http:\/\/jornalismo.ufsj.edu.br\/site\/wp-json\/wp\/v2\/comments?post=1685"}],"version-history":[{"count":0,"href":"http:\/\/jornalismo.ufsj.edu.br\/site\/wp-json\/wp\/v2\/posts\/1685\/revisions"}],"wp:featuredmedia":[{"embeddable":true,"href":"http:\/\/jornalismo.ufsj.edu.br\/site\/wp-json\/"}],"wp:attachment":[{"href":"http:\/\/jornalismo.ufsj.edu.br\/site\/wp-json\/wp\/v2\/media?parent=1685"}],"wp:term":[{"taxonomy":"category","embeddable":true,"href":"http:\/\/jornalismo.ufsj.edu.br\/site\/wp-json\/wp\/v2\/categories?post=1685"},{"taxonomy":"post_tag","embeddable":true,"href":"http:\/\/jornalismo.ufsj.edu.br\/site\/wp-json\/wp\/v2\/tags?post=1685"}],"curies":[{"name":"wp","href":"https:\/\/api.w.org\/{rel}","templated":true}]}}