{"id":1655,"date":"2016-03-14T19:39:52","date_gmt":"2016-03-14T19:39:52","guid":{"rendered":"http:\/\/jornalismo.ufsj.edu.br\/?p=1655"},"modified":"2016-03-14T19:39:52","modified_gmt":"2016-03-14T19:39:52","slug":"curso-de-jornalismo-apresenta-mudancas-na-grade-curricular","status":"publish","type":"post","link":"http:\/\/jornalismo.ufsj.edu.br\/site\/curriculo\/curso-de-jornalismo-apresenta-mudancas-na-grade-curricular\/","title":{"rendered":"Curso de Jornalismo apresenta mudan\u00e7as na grade curricular"},"content":{"rendered":"<p style=\"text-align:left;\"><img loading=\"lazy\" class=\"  wp-image-1676 alignleft\" src=\"http:\/\/jornalismo.ufsj.edu.br\/wp-content\/uploads\/2016\/03\/ppc-jornalismo.jpg?w=680\" alt=\"PPC Jornalismo\" width=\"323\" height=\"223\" \/><br \/>\nO novo Projeto Pedag\u00f3gico do Curso (PPC) de Comunica\u00e7\u00e3o Social come\u00e7ou a vigorar no in\u00edcio do ano de 2016. Foram muitas mudan\u00e7as realizadas para que o curso melhor atendesse aos alunos e se adequasse a novas normas da faculdade. Todas as turmas, com exce\u00e7\u00e3o a que est\u00e1 hoje no s\u00e9timo per\u00edodo, ter\u00e3o seus curr\u00edculos adequados.<\/p>\n<p>Foi uma visita do Minist\u00e9rio da Educa\u00e7\u00e3o (MEC) que evidenciou a necessidade de uma atualiza\u00e7\u00e3o no PPC do curso. Al\u00e9m disso, a Universidade Federal de S\u00e3o Jo\u00e3o del-Rei (UFSJ) exigiu uma adequa\u00e7\u00e3o aos hor\u00e1rios em rela\u00e7\u00e3o \u00e0 mudan\u00e7a de hora\/aula para aula\/rel\u00f3gio. O ex-coordenador do curso e atual professor Luiz Ademir de Oliveira come\u00e7ou, ent\u00e3o, a trabalhar com a estrutura do PPC para regul\u00e1-lo \u00e0s novas demandas.<\/p>\n<p style=\"text-align:left;\">As principais mudan\u00e7as foram as altera\u00e7\u00f5es de carga hor\u00e1ria de seis disciplinas, a cria\u00e7\u00e3o de quatro novas mat\u00e9rias e exclus\u00e3o de tr\u00eas, redu\u00e7\u00e3o da carga hor\u00e1ria destinada ao trabalho de conclus\u00e3o de curso, aumento da carga hor\u00e1ria para atividades complementares e a implanta\u00e7\u00e3o da obrigatoriedade para o est\u00e1gio supervisionado. Entre as novidades est\u00e1 a inclus\u00e3o das disciplinas de Produ\u00e7\u00e3o Editorial\u00a0e de Cultura Brasileira e Quest\u00f5es \u00c9tnico e Raciais. Os alunos tiveram participa\u00e7\u00e3o direta na elabora\u00e7\u00e3o do novo PPC atrav\u00e9s de uma solicita\u00e7\u00e3o do representante discente do Colegiado, que atendeu ao pedido dos alunos para que a disciplina de Produ\u00e7\u00e3o Textual fosse inclu\u00edda no curr\u00edculo.<\/p>\n<p style=\"text-align:left;\">A coordenadora do curso de Comunica\u00e7\u00e3o Social, Katia Lombardi, ressalta a import\u00e2ncia do novo PPC: \u201cAcreditamos ter ajustado mais o curr\u00edculo com a atualidade, com as exig\u00eancias do mercado, com a situa\u00e7\u00e3o da sociedade contempor\u00e2nea e a atualiza\u00e7\u00e3o tecnol\u00f3gica\u201d.<\/p>\n<p style=\"text-align:left;\">Para mais informa\u00e7\u00f5es sobre o novo PPC, consulte <a href=\"http:\/\/www.ufsj.edu.br\/portal2-repositorio\/File\/jornalismo\/PPC2016.pdf\" target=\"_blank\">aqui<\/a>.<\/p>\n<p style=\"text-align:right;\">Texto: Julia Benatti<br \/>\nImagem: morguefile.com<\/p>\n<p style=\"text-align:right;\">\n","protected":false},"excerpt":{"rendered":"<p>O novo Projeto Pedag\u00f3gico do Curso (PPC) de Comunica\u00e7\u00e3o Social come\u00e7ou a vigorar no in\u00edcio do ano de 2016. Foram muitas mudan\u00e7as realizadas para que o curso melhor atendesse aos alunos e se adequasse a novas normas da faculdade. Todas&#8230;<\/p>\n","protected":false},"author":3,"featured_media":1676,"comment_status":"open","ping_status":"open","sticky":false,"template":"","format":"standard","meta":{"_monsterinsights_skip_tracking":false,"_monsterinsights_sitenote_active":false,"_monsterinsights_sitenote_note":"","_monsterinsights_sitenote_category":0},"categories":[19],"tags":[],"yoast_head":"<!-- This site is optimized with the Yoast SEO plugin v20.6 - https:\/\/yoast.com\/wordpress\/plugins\/seo\/ -->\n<title>Curso de Jornalismo apresenta mudan\u00e7as na grade curricular - Jornalismo UFSJ<\/title>\n<meta name=\"robots\" content=\"index, follow, max-snippet:-1, max-image-preview:large, max-video-preview:-1\" \/>\n<link rel=\"canonical\" href=\"https:\/\/anu.ufsj.edu.br\/site\/curriculo\/curso-de-jornalismo-apresenta-mudancas-na-grade-curricular\/\" \/>\n<meta property=\"og:locale\" content=\"pt_BR\" \/>\n<meta property=\"og:type\" content=\"article\" \/>\n<meta property=\"og:title\" content=\"Curso de Jornalismo apresenta mudan\u00e7as na grade curricular - Jornalismo UFSJ\" \/>\n<meta property=\"og:description\" content=\"O novo Projeto Pedag\u00f3gico do Curso (PPC) de Comunica\u00e7\u00e3o Social come\u00e7ou a vigorar no in\u00edcio do ano de 2016. Foram muitas mudan\u00e7as realizadas para que o curso melhor atendesse aos alunos e se adequasse a novas normas da faculdade. Todas...\" \/>\n<meta property=\"og:url\" content=\"https:\/\/anu.ufsj.edu.br\/site\/curriculo\/curso-de-jornalismo-apresenta-mudancas-na-grade-curricular\/\" \/>\n<meta property=\"og:site_name\" content=\"Jornalismo UFSJ\" \/>\n<meta property=\"article:publisher\" content=\"https:\/\/www.facebook.com\/jornalismoufsj\/\" \/>\n<meta property=\"article:published_time\" content=\"2016-03-14T19:39:52+00:00\" \/>\n<meta name=\"twitter:card\" content=\"summary_large_image\" \/>\n<meta name=\"twitter:creator\" content=\"@jornalismoufsj\" \/>\n<meta name=\"twitter:site\" content=\"@jornalismoufsj\" \/>\n<meta name=\"twitter:label1\" content=\"Escrito por\" \/>\n\t<meta name=\"twitter:data1\" content=\"\" \/>\n\t<meta name=\"twitter:label2\" content=\"Est. tempo de leitura\" \/>\n\t<meta name=\"twitter:data2\" content=\"2 minutos\" \/>\n<script type=\"application\/ld+json\" class=\"yoast-schema-graph\">{\"@context\":\"https:\/\/schema.org\",\"@graph\":[{\"@type\":\"WebPage\",\"@id\":\"https:\/\/anu.ufsj.edu.br\/site\/curriculo\/curso-de-jornalismo-apresenta-mudancas-na-grade-curricular\/\",\"url\":\"https:\/\/anu.ufsj.edu.br\/site\/curriculo\/curso-de-jornalismo-apresenta-mudancas-na-grade-curricular\/\",\"name\":\"Curso de Jornalismo apresenta mudan\u00e7as na grade curricular - Jornalismo UFSJ\",\"isPartOf\":{\"@id\":\"http:\/\/jornalismo.ufsj.edu.br\/site\/#website\"},\"datePublished\":\"2016-03-14T19:39:52+00:00\",\"dateModified\":\"2016-03-14T19:39:52+00:00\",\"author\":{\"@id\":\"\"},\"breadcrumb\":{\"@id\":\"https:\/\/anu.ufsj.edu.br\/site\/curriculo\/curso-de-jornalismo-apresenta-mudancas-na-grade-curricular\/#breadcrumb\"},\"inLanguage\":\"pt-BR\",\"potentialAction\":[{\"@type\":\"ReadAction\",\"target\":[\"https:\/\/anu.ufsj.edu.br\/site\/curriculo\/curso-de-jornalismo-apresenta-mudancas-na-grade-curricular\/\"]}]},{\"@type\":\"BreadcrumbList\",\"@id\":\"https:\/\/anu.ufsj.edu.br\/site\/curriculo\/curso-de-jornalismo-apresenta-mudancas-na-grade-curricular\/#breadcrumb\",\"itemListElement\":[{\"@type\":\"ListItem\",\"position\":1,\"name\":\"In\u00edcio\",\"item\":\"http:\/\/jornalismo.ufsj.edu.br\/site\/\"},{\"@type\":\"ListItem\",\"position\":2,\"name\":\"Curso de Jornalismo apresenta mudan\u00e7as na grade curricular\"}]},{\"@type\":\"WebSite\",\"@id\":\"http:\/\/jornalismo.ufsj.edu.br\/site\/#website\",\"url\":\"http:\/\/jornalismo.ufsj.edu.br\/site\/\",\"name\":\"Jornalismo UFSJ\",\"description\":\"\",\"potentialAction\":[{\"@type\":\"SearchAction\",\"target\":{\"@type\":\"EntryPoint\",\"urlTemplate\":\"http:\/\/jornalismo.ufsj.edu.br\/site\/?s={search_term_string}\"},\"query-input\":\"required name=search_term_string\"}],\"inLanguage\":\"pt-BR\"},{\"@type\":\"Person\",\"@id\":\"\"}]}<\/script>\n<!-- \/ Yoast SEO plugin. -->","yoast_head_json":{"title":"Curso de Jornalismo apresenta mudan\u00e7as na grade curricular - Jornalismo UFSJ","robots":{"index":"index","follow":"follow","max-snippet":"max-snippet:-1","max-image-preview":"max-image-preview:large","max-video-preview":"max-video-preview:-1"},"canonical":"https:\/\/anu.ufsj.edu.br\/site\/curriculo\/curso-de-jornalismo-apresenta-mudancas-na-grade-curricular\/","og_locale":"pt_BR","og_type":"article","og_title":"Curso de Jornalismo apresenta mudan\u00e7as na grade curricular - Jornalismo UFSJ","og_description":"O novo Projeto Pedag\u00f3gico do Curso (PPC) de Comunica\u00e7\u00e3o Social come\u00e7ou a vigorar no in\u00edcio do ano de 2016. Foram muitas mudan\u00e7as realizadas para que o curso melhor atendesse aos alunos e se adequasse a novas normas da faculdade. Todas...","og_url":"https:\/\/anu.ufsj.edu.br\/site\/curriculo\/curso-de-jornalismo-apresenta-mudancas-na-grade-curricular\/","og_site_name":"Jornalismo UFSJ","article_publisher":"https:\/\/www.facebook.com\/jornalismoufsj\/","article_published_time":"2016-03-14T19:39:52+00:00","twitter_card":"summary_large_image","twitter_creator":"@jornalismoufsj","twitter_site":"@jornalismoufsj","twitter_misc":{"Escrito por":"","Est. tempo de leitura":"2 minutos"},"schema":{"@context":"https:\/\/schema.org","@graph":[{"@type":"WebPage","@id":"https:\/\/anu.ufsj.edu.br\/site\/curriculo\/curso-de-jornalismo-apresenta-mudancas-na-grade-curricular\/","url":"https:\/\/anu.ufsj.edu.br\/site\/curriculo\/curso-de-jornalismo-apresenta-mudancas-na-grade-curricular\/","name":"Curso de Jornalismo apresenta mudan\u00e7as na grade curricular - Jornalismo UFSJ","isPartOf":{"@id":"http:\/\/jornalismo.ufsj.edu.br\/site\/#website"},"datePublished":"2016-03-14T19:39:52+00:00","dateModified":"2016-03-14T19:39:52+00:00","author":{"@id":""},"breadcrumb":{"@id":"https:\/\/anu.ufsj.edu.br\/site\/curriculo\/curso-de-jornalismo-apresenta-mudancas-na-grade-curricular\/#breadcrumb"},"inLanguage":"pt-BR","potentialAction":[{"@type":"ReadAction","target":["https:\/\/anu.ufsj.edu.br\/site\/curriculo\/curso-de-jornalismo-apresenta-mudancas-na-grade-curricular\/"]}]},{"@type":"BreadcrumbList","@id":"https:\/\/anu.ufsj.edu.br\/site\/curriculo\/curso-de-jornalismo-apresenta-mudancas-na-grade-curricular\/#breadcrumb","itemListElement":[{"@type":"ListItem","position":1,"name":"In\u00edcio","item":"http:\/\/jornalismo.ufsj.edu.br\/site\/"},{"@type":"ListItem","position":2,"name":"Curso de Jornalismo apresenta mudan\u00e7as na grade curricular"}]},{"@type":"WebSite","@id":"http:\/\/jornalismo.ufsj.edu.br\/site\/#website","url":"http:\/\/jornalismo.ufsj.edu.br\/site\/","name":"Jornalismo UFSJ","description":"","potentialAction":[{"@type":"SearchAction","target":{"@type":"EntryPoint","urlTemplate":"http:\/\/jornalismo.ufsj.edu.br\/site\/?s={search_term_string}"},"query-input":"required name=search_term_string"}],"inLanguage":"pt-BR"},{"@type":"Person","@id":""}]}},"jetpack_featured_media_url":"","_links":{"self":[{"href":"http:\/\/jornalismo.ufsj.edu.br\/site\/wp-json\/wp\/v2\/posts\/1655"}],"collection":[{"href":"http:\/\/jornalismo.ufsj.edu.br\/site\/wp-json\/wp\/v2\/posts"}],"about":[{"href":"http:\/\/jornalismo.ufsj.edu.br\/site\/wp-json\/wp\/v2\/types\/post"}],"author":[{"embeddable":true,"href":"http:\/\/jornalismo.ufsj.edu.br\/site\/wp-json\/wp\/v2\/users\/3"}],"replies":[{"embeddable":true,"href":"http:\/\/jornalismo.ufsj.edu.br\/site\/wp-json\/wp\/v2\/comments?post=1655"}],"version-history":[{"count":0,"href":"http:\/\/jornalismo.ufsj.edu.br\/site\/wp-json\/wp\/v2\/posts\/1655\/revisions"}],"wp:featuredmedia":[{"embeddable":true,"href":"http:\/\/jornalismo.ufsj.edu.br\/site\/wp-json\/"}],"wp:attachment":[{"href":"http:\/\/jornalismo.ufsj.edu.br\/site\/wp-json\/wp\/v2\/media?parent=1655"}],"wp:term":[{"taxonomy":"category","embeddable":true,"href":"http:\/\/jornalismo.ufsj.edu.br\/site\/wp-json\/wp\/v2\/categories?post=1655"},{"taxonomy":"post_tag","embeddable":true,"href":"http:\/\/jornalismo.ufsj.edu.br\/site\/wp-json\/wp\/v2\/tags?post=1655"}],"curies":[{"name":"wp","href":"https:\/\/api.w.org\/{rel}","templated":true}]}}