{"id":1614,"date":"2016-03-10T21:34:28","date_gmt":"2016-03-10T21:34:28","guid":{"rendered":"http:\/\/jornalismo.ufsj.edu.br\/?p=1614"},"modified":"2016-03-10T21:34:28","modified_gmt":"2016-03-10T21:34:28","slug":"palestra-sobre-fotografia","status":"publish","type":"post","link":"http:\/\/jornalismo.ufsj.edu.br\/site\/fotografia\/palestra-sobre-fotografia\/","title":{"rendered":"Fotografia \u00e9 a pauta do fim de semana"},"content":{"rendered":"<p><img loading=\"lazy\" class=\"  wp-image-1620 alignleft\" src=\"http:\/\/jornalismo.ufsj.edu.br\/wp-content\/uploads\/2016\/03\/palestra-panorama-fotografia-aplicada.jpg?w=680\" alt=\"Palestra Panorama Fotografia Aplicada\" width=\"364\" height=\"257\" \/>\u00c9 a vez de abordar a fotografia em mais um evento do Ciclo de Palestras promovido pelo Cacos-Centro Acad\u00eamico do curso de Comunica\u00e7\u00e3o Social-UFSJ, desta vez em parceria com o Foto em Pauta, de Tiradentes. A palestra &#8220;Panorama da Fotografia Aplicada&#8221; ser\u00e1 ministrada pelo professor Rubens Fernandes Junior, nesta sexta-feira, 11\/03, \u00e0s 19 horas, no Anfiteatro do Ctan.<\/p>\n<p>Rubens Fernandes Junior \u00e9 pesquisador e curador de fotografia, doutor em Comunica\u00e7\u00e3o e Semi\u00f3tica, e professor e diretor da Faculdade de Comunica\u00e7\u00e3o da FAAP. Realizou diversas curadorias no Brasil e no exterior, tendo publicado os livros &#8220;Pap\u00e9is Ef\u00eameros da Fotografia&#8221; (Tempo d&#8217;Imagem, 2015); &#8220;Labirinto e Identidades &#8211; panorama da fotografia brasileira 1946-1998&#8221; (Cosac Naify, 2003); &#8220;Geraldo de Barros &#8211; Fotoformas e Sobras&#8221; (Cosac Naify, 2006), entre outros. \u00c9 curador do Pr\u00eamio Wessel de Fotografia.<\/p>\n<p>Confira <a href=\"http:\/\/iconica.com.br\/site\/fotografia-e-metalinguagem\/\">aqui<\/a>\u00a0um artigo de Rubens, sobre Fotografia e Metalinguagem.<\/p>\n<p>Durante o fim de semana, os apreciadores da arte ainda podem participar do Festival Foto em Pauta que acontece at\u00e9 o dia 13, em Tiradentes. Palestras e exposi\u00e7\u00f5es s\u00e3o gratuitas.<\/p>\n<p style=\"text-align:right;\">Texto: Dani da Gama<br \/>\nFoto: Divulga\u00e7\u00e3o<\/p>\n","protected":false},"excerpt":{"rendered":"<p>\u00c9 a vez de abordar a fotografia em mais um evento do Ciclo de Palestras promovido pelo Cacos-Centro Acad\u00eamico do curso de Comunica\u00e7\u00e3o Social-UFSJ, desta vez em parceria com o Foto em Pauta, de Tiradentes. A palestra &#8220;Panorama da Fotografia&#8230;<\/p>\n","protected":false},"author":3,"featured_media":1620,"comment_status":"open","ping_status":"open","sticky":false,"template":"","format":"standard","meta":{"_monsterinsights_skip_tracking":false,"_monsterinsights_sitenote_active":false,"_monsterinsights_sitenote_note":"","_monsterinsights_sitenote_category":0},"categories":[32],"tags":[],"yoast_head":"<!-- This site is optimized with the Yoast SEO plugin v20.6 - https:\/\/yoast.com\/wordpress\/plugins\/seo\/ -->\n<title>Fotografia \u00e9 a pauta do fim de semana - Jornalismo UFSJ<\/title>\n<meta name=\"robots\" content=\"index, follow, max-snippet:-1, max-image-preview:large, max-video-preview:-1\" \/>\n<link rel=\"canonical\" href=\"http:\/\/anu.ufsj.edu.br\/site\/fotografia\/palestra-sobre-fotografia\/\" \/>\n<meta property=\"og:locale\" content=\"pt_BR\" \/>\n<meta property=\"og:type\" content=\"article\" \/>\n<meta property=\"og:title\" content=\"Fotografia \u00e9 a pauta do fim de semana - Jornalismo UFSJ\" \/>\n<meta property=\"og:description\" content=\"\u00c9 a vez de abordar a fotografia em mais um evento do Ciclo de Palestras promovido pelo Cacos-Centro Acad\u00eamico do curso de Comunica\u00e7\u00e3o Social-UFSJ, desta vez em parceria com o Foto em Pauta, de Tiradentes. A palestra &#8220;Panorama da Fotografia...\" \/>\n<meta property=\"og:url\" content=\"http:\/\/anu.ufsj.edu.br\/site\/fotografia\/palestra-sobre-fotografia\/\" \/>\n<meta property=\"og:site_name\" content=\"Jornalismo UFSJ\" \/>\n<meta property=\"article:publisher\" content=\"https:\/\/www.facebook.com\/jornalismoufsj\/\" \/>\n<meta property=\"article:published_time\" content=\"2016-03-10T21:34:28+00:00\" \/>\n<meta name=\"twitter:card\" content=\"summary_large_image\" \/>\n<meta name=\"twitter:creator\" content=\"@jornalismoufsj\" \/>\n<meta name=\"twitter:site\" content=\"@jornalismoufsj\" \/>\n<meta name=\"twitter:label1\" content=\"Escrito por\" \/>\n\t<meta name=\"twitter:data1\" content=\"\" \/>\n\t<meta name=\"twitter:label2\" content=\"Est. tempo de leitura\" \/>\n\t<meta name=\"twitter:data2\" content=\"1 minuto\" \/>\n<script type=\"application\/ld+json\" class=\"yoast-schema-graph\">{\"@context\":\"https:\/\/schema.org\",\"@graph\":[{\"@type\":\"WebPage\",\"@id\":\"http:\/\/anu.ufsj.edu.br\/site\/fotografia\/palestra-sobre-fotografia\/\",\"url\":\"http:\/\/anu.ufsj.edu.br\/site\/fotografia\/palestra-sobre-fotografia\/\",\"name\":\"Fotografia \u00e9 a pauta do fim de semana - Jornalismo UFSJ\",\"isPartOf\":{\"@id\":\"http:\/\/jornalismo.ufsj.edu.br\/site\/#website\"},\"datePublished\":\"2016-03-10T21:34:28+00:00\",\"dateModified\":\"2016-03-10T21:34:28+00:00\",\"author\":{\"@id\":\"\"},\"breadcrumb\":{\"@id\":\"http:\/\/anu.ufsj.edu.br\/site\/fotografia\/palestra-sobre-fotografia\/#breadcrumb\"},\"inLanguage\":\"pt-BR\",\"potentialAction\":[{\"@type\":\"ReadAction\",\"target\":[\"http:\/\/anu.ufsj.edu.br\/site\/fotografia\/palestra-sobre-fotografia\/\"]}]},{\"@type\":\"BreadcrumbList\",\"@id\":\"http:\/\/anu.ufsj.edu.br\/site\/fotografia\/palestra-sobre-fotografia\/#breadcrumb\",\"itemListElement\":[{\"@type\":\"ListItem\",\"position\":1,\"name\":\"In\u00edcio\",\"item\":\"http:\/\/jornalismo.ufsj.edu.br\/site\/\"},{\"@type\":\"ListItem\",\"position\":2,\"name\":\"Fotografia \u00e9 a pauta do fim de semana\"}]},{\"@type\":\"WebSite\",\"@id\":\"http:\/\/jornalismo.ufsj.edu.br\/site\/#website\",\"url\":\"http:\/\/jornalismo.ufsj.edu.br\/site\/\",\"name\":\"Jornalismo UFSJ\",\"description\":\"\",\"potentialAction\":[{\"@type\":\"SearchAction\",\"target\":{\"@type\":\"EntryPoint\",\"urlTemplate\":\"http:\/\/jornalismo.ufsj.edu.br\/site\/?s={search_term_string}\"},\"query-input\":\"required name=search_term_string\"}],\"inLanguage\":\"pt-BR\"},{\"@type\":\"Person\",\"@id\":\"\"}]}<\/script>\n<!-- \/ Yoast SEO plugin. -->","yoast_head_json":{"title":"Fotografia \u00e9 a pauta do fim de semana - Jornalismo UFSJ","robots":{"index":"index","follow":"follow","max-snippet":"max-snippet:-1","max-image-preview":"max-image-preview:large","max-video-preview":"max-video-preview:-1"},"canonical":"http:\/\/anu.ufsj.edu.br\/site\/fotografia\/palestra-sobre-fotografia\/","og_locale":"pt_BR","og_type":"article","og_title":"Fotografia \u00e9 a pauta do fim de semana - Jornalismo UFSJ","og_description":"\u00c9 a vez de abordar a fotografia em mais um evento do Ciclo de Palestras promovido pelo Cacos-Centro Acad\u00eamico do curso de Comunica\u00e7\u00e3o Social-UFSJ, desta vez em parceria com o Foto em Pauta, de Tiradentes. A palestra &#8220;Panorama da Fotografia...","og_url":"http:\/\/anu.ufsj.edu.br\/site\/fotografia\/palestra-sobre-fotografia\/","og_site_name":"Jornalismo UFSJ","article_publisher":"https:\/\/www.facebook.com\/jornalismoufsj\/","article_published_time":"2016-03-10T21:34:28+00:00","twitter_card":"summary_large_image","twitter_creator":"@jornalismoufsj","twitter_site":"@jornalismoufsj","twitter_misc":{"Escrito por":"","Est. tempo de leitura":"1 minuto"},"schema":{"@context":"https:\/\/schema.org","@graph":[{"@type":"WebPage","@id":"http:\/\/anu.ufsj.edu.br\/site\/fotografia\/palestra-sobre-fotografia\/","url":"http:\/\/anu.ufsj.edu.br\/site\/fotografia\/palestra-sobre-fotografia\/","name":"Fotografia \u00e9 a pauta do fim de semana - Jornalismo UFSJ","isPartOf":{"@id":"http:\/\/jornalismo.ufsj.edu.br\/site\/#website"},"datePublished":"2016-03-10T21:34:28+00:00","dateModified":"2016-03-10T21:34:28+00:00","author":{"@id":""},"breadcrumb":{"@id":"http:\/\/anu.ufsj.edu.br\/site\/fotografia\/palestra-sobre-fotografia\/#breadcrumb"},"inLanguage":"pt-BR","potentialAction":[{"@type":"ReadAction","target":["http:\/\/anu.ufsj.edu.br\/site\/fotografia\/palestra-sobre-fotografia\/"]}]},{"@type":"BreadcrumbList","@id":"http:\/\/anu.ufsj.edu.br\/site\/fotografia\/palestra-sobre-fotografia\/#breadcrumb","itemListElement":[{"@type":"ListItem","position":1,"name":"In\u00edcio","item":"http:\/\/jornalismo.ufsj.edu.br\/site\/"},{"@type":"ListItem","position":2,"name":"Fotografia \u00e9 a pauta do fim de semana"}]},{"@type":"WebSite","@id":"http:\/\/jornalismo.ufsj.edu.br\/site\/#website","url":"http:\/\/jornalismo.ufsj.edu.br\/site\/","name":"Jornalismo UFSJ","description":"","potentialAction":[{"@type":"SearchAction","target":{"@type":"EntryPoint","urlTemplate":"http:\/\/jornalismo.ufsj.edu.br\/site\/?s={search_term_string}"},"query-input":"required name=search_term_string"}],"inLanguage":"pt-BR"},{"@type":"Person","@id":""}]}},"jetpack_featured_media_url":"","_links":{"self":[{"href":"http:\/\/jornalismo.ufsj.edu.br\/site\/wp-json\/wp\/v2\/posts\/1614"}],"collection":[{"href":"http:\/\/jornalismo.ufsj.edu.br\/site\/wp-json\/wp\/v2\/posts"}],"about":[{"href":"http:\/\/jornalismo.ufsj.edu.br\/site\/wp-json\/wp\/v2\/types\/post"}],"author":[{"embeddable":true,"href":"http:\/\/jornalismo.ufsj.edu.br\/site\/wp-json\/wp\/v2\/users\/3"}],"replies":[{"embeddable":true,"href":"http:\/\/jornalismo.ufsj.edu.br\/site\/wp-json\/wp\/v2\/comments?post=1614"}],"version-history":[{"count":0,"href":"http:\/\/jornalismo.ufsj.edu.br\/site\/wp-json\/wp\/v2\/posts\/1614\/revisions"}],"wp:featuredmedia":[{"embeddable":true,"href":"http:\/\/jornalismo.ufsj.edu.br\/site\/wp-json\/"}],"wp:attachment":[{"href":"http:\/\/jornalismo.ufsj.edu.br\/site\/wp-json\/wp\/v2\/media?parent=1614"}],"wp:term":[{"taxonomy":"category","embeddable":true,"href":"http:\/\/jornalismo.ufsj.edu.br\/site\/wp-json\/wp\/v2\/categories?post=1614"},{"taxonomy":"post_tag","embeddable":true,"href":"http:\/\/jornalismo.ufsj.edu.br\/site\/wp-json\/wp\/v2\/tags?post=1614"}],"curies":[{"name":"wp","href":"https:\/\/api.w.org\/{rel}","templated":true}]}}