{"id":1460,"date":"2016-03-04T15:43:50","date_gmt":"2016-03-04T15:43:50","guid":{"rendered":"http:\/\/jornalismo.ufsj.edu.br\/?p=1460"},"modified":"2016-03-04T15:43:50","modified_gmt":"2016-03-04T15:43:50","slug":"centro-cultural-yves-alves-exibe-producao-de-alunos-de-jornalismo-da-ufsj","status":"publish","type":"post","link":"http:\/\/jornalismo.ufsj.edu.br\/site\/documentario\/centro-cultural-yves-alves-exibe-producao-de-alunos-de-jornalismo-da-ufsj\/","title":{"rendered":"Centro Cultural Yves Alves exibe produ\u00e7\u00e3o de alunos de Jornalismo da UFSJ"},"content":{"rendered":"<p><span style=\"font-weight:400;\">A vida de um m\u00fasico influenciado pela cultura hippie. Impress\u00f5es de uma tarde chuvosa. Personagens tradicionais de S\u00e3o Jo\u00e3o del-Rei. S\u00e3o algumas hist\u00f3rias contadas nos curta-metragens que ser\u00e3o apresentados no pr\u00f3ximo s\u00e1bado, na Mostra Talentos Regionais do Centro Cultural Yves Alves, em Tiradentes. Cinco dos seis document\u00e1rios da mostra foram produzidos por alunos e um ex-aluno do curso de Jornalismo da UFSJ.<\/span><\/p>\n<p><span style=\"font-weight:400;\">Os curtas s\u00e3o iniciativas\u00a0<\/span><span style=\"font-weight:400;\">independentes<\/span><span style=\"font-weight:400;\"> ou resultado de atividades acad\u00eamicas da <\/span><span style=\"font-weight:400;\">disciplina<\/span><span style=\"font-weight:400;\"> Document\u00e1rio para TV. Thiago Morandi, Marlon de Paula, Priscila Natany, Diego Alexandre, Nicoly de Olveira e T\u00falio Moura s\u00e3o os artistas que v\u00e3o exibir na tela seus olhares sobre gente e momentos que fazem rir e se encantar.<\/span><\/p>\n<p><span style=\"font-weight:400;\">A mostra apresentar\u00e1 ainda o curta \u201cVer-te Cana\u201d, de Isabelle Melo e Mariana Nogueira, contando a hist\u00f3ria de um dos mais tradicionais blocos de carnaval de Tiradentes.<\/span><\/p>\n<p><span style=\"font-weight:400;\">\u00c9 para se inspirar no fim da tarde deste s\u00e1bado. A entrada \u00e9 gratuita.<\/span><\/p>\n<p><span style=\"font-weight:400;\">Servi\u00e7o: <\/span><b>Mostra Talentos Regionais<br \/>\n<\/b><span style=\"font-weight:400;\">Local: Centro Cultural Yves Alves<br \/>\n<\/span><span style=\"font-weight:400;\">Endere\u00e7o: Rua Direita, 168, Centro, Tiradentes\/MG<br \/>\n<\/span><span style=\"font-weight:400;\">Datas: 05 e 19\/03<br \/>\n<\/span><span style=\"font-weight:400;\">Hor\u00e1rio: a partir das 18 horas<\/span><\/p>\n<p style=\"text-align:right;\">Texto: Dani da Gama<\/p>\n","protected":false},"excerpt":{"rendered":"<p>A vida de um m\u00fasico influenciado pela cultura hippie. Impress\u00f5es de uma tarde chuvosa. Personagens tradicionais de S\u00e3o Jo\u00e3o del-Rei. S\u00e3o algumas hist\u00f3rias contadas nos curta-metragens que ser\u00e3o apresentados no pr\u00f3ximo s\u00e1bado, na Mostra Talentos Regionais do Centro Cultural Yves&#8230;<\/p>\n","protected":false},"author":3,"featured_media":1467,"comment_status":"open","ping_status":"open","sticky":false,"template":"","format":"standard","meta":{"_monsterinsights_skip_tracking":false,"_monsterinsights_sitenote_active":false,"_monsterinsights_sitenote_note":"","_monsterinsights_sitenote_category":0},"categories":[22],"tags":[],"yoast_head":"<!-- This site is optimized with the Yoast SEO plugin v20.6 - https:\/\/yoast.com\/wordpress\/plugins\/seo\/ -->\n<title>Centro Cultural Yves Alves exibe produ\u00e7\u00e3o de alunos de Jornalismo da UFSJ - Jornalismo UFSJ<\/title>\n<meta name=\"robots\" content=\"index, follow, max-snippet:-1, max-image-preview:large, max-video-preview:-1\" \/>\n<link rel=\"canonical\" href=\"http:\/\/anu.ufsj.edu.br\/site\/documentario\/centro-cultural-yves-alves-exibe-producao-de-alunos-de-jornalismo-da-ufsj\/\" \/>\n<meta property=\"og:locale\" content=\"pt_BR\" \/>\n<meta property=\"og:type\" content=\"article\" \/>\n<meta property=\"og:title\" content=\"Centro Cultural Yves Alves exibe produ\u00e7\u00e3o de alunos de Jornalismo da UFSJ - Jornalismo UFSJ\" \/>\n<meta property=\"og:description\" content=\"A vida de um m\u00fasico influenciado pela cultura hippie. Impress\u00f5es de uma tarde chuvosa. Personagens tradicionais de S\u00e3o Jo\u00e3o del-Rei. S\u00e3o algumas hist\u00f3rias contadas nos curta-metragens que ser\u00e3o apresentados no pr\u00f3ximo s\u00e1bado, na Mostra Talentos Regionais do Centro Cultural Yves...\" \/>\n<meta property=\"og:url\" content=\"http:\/\/anu.ufsj.edu.br\/site\/documentario\/centro-cultural-yves-alves-exibe-producao-de-alunos-de-jornalismo-da-ufsj\/\" \/>\n<meta property=\"og:site_name\" content=\"Jornalismo UFSJ\" \/>\n<meta property=\"article:publisher\" content=\"https:\/\/www.facebook.com\/jornalismoufsj\/\" \/>\n<meta property=\"article:published_time\" content=\"2016-03-04T15:43:50+00:00\" \/>\n<meta name=\"twitter:card\" content=\"summary_large_image\" \/>\n<meta name=\"twitter:creator\" content=\"@jornalismoufsj\" \/>\n<meta name=\"twitter:site\" content=\"@jornalismoufsj\" \/>\n<meta name=\"twitter:label1\" content=\"Escrito por\" \/>\n\t<meta name=\"twitter:data1\" content=\"\" \/>\n\t<meta name=\"twitter:label2\" content=\"Est. tempo de leitura\" \/>\n\t<meta name=\"twitter:data2\" content=\"1 minuto\" \/>\n<script type=\"application\/ld+json\" class=\"yoast-schema-graph\">{\"@context\":\"https:\/\/schema.org\",\"@graph\":[{\"@type\":\"WebPage\",\"@id\":\"http:\/\/anu.ufsj.edu.br\/site\/documentario\/centro-cultural-yves-alves-exibe-producao-de-alunos-de-jornalismo-da-ufsj\/\",\"url\":\"http:\/\/anu.ufsj.edu.br\/site\/documentario\/centro-cultural-yves-alves-exibe-producao-de-alunos-de-jornalismo-da-ufsj\/\",\"name\":\"Centro Cultural Yves Alves exibe produ\u00e7\u00e3o de alunos de Jornalismo da UFSJ - Jornalismo UFSJ\",\"isPartOf\":{\"@id\":\"http:\/\/jornalismo.ufsj.edu.br\/site\/#website\"},\"datePublished\":\"2016-03-04T15:43:50+00:00\",\"dateModified\":\"2016-03-04T15:43:50+00:00\",\"author\":{\"@id\":\"\"},\"breadcrumb\":{\"@id\":\"http:\/\/anu.ufsj.edu.br\/site\/documentario\/centro-cultural-yves-alves-exibe-producao-de-alunos-de-jornalismo-da-ufsj\/#breadcrumb\"},\"inLanguage\":\"pt-BR\",\"potentialAction\":[{\"@type\":\"ReadAction\",\"target\":[\"http:\/\/anu.ufsj.edu.br\/site\/documentario\/centro-cultural-yves-alves-exibe-producao-de-alunos-de-jornalismo-da-ufsj\/\"]}]},{\"@type\":\"BreadcrumbList\",\"@id\":\"http:\/\/anu.ufsj.edu.br\/site\/documentario\/centro-cultural-yves-alves-exibe-producao-de-alunos-de-jornalismo-da-ufsj\/#breadcrumb\",\"itemListElement\":[{\"@type\":\"ListItem\",\"position\":1,\"name\":\"In\u00edcio\",\"item\":\"http:\/\/jornalismo.ufsj.edu.br\/site\/\"},{\"@type\":\"ListItem\",\"position\":2,\"name\":\"Centro Cultural Yves Alves exibe produ\u00e7\u00e3o de alunos de Jornalismo da UFSJ\"}]},{\"@type\":\"WebSite\",\"@id\":\"http:\/\/jornalismo.ufsj.edu.br\/site\/#website\",\"url\":\"http:\/\/jornalismo.ufsj.edu.br\/site\/\",\"name\":\"Jornalismo UFSJ\",\"description\":\"\",\"potentialAction\":[{\"@type\":\"SearchAction\",\"target\":{\"@type\":\"EntryPoint\",\"urlTemplate\":\"http:\/\/jornalismo.ufsj.edu.br\/site\/?s={search_term_string}\"},\"query-input\":\"required name=search_term_string\"}],\"inLanguage\":\"pt-BR\"},{\"@type\":\"Person\",\"@id\":\"\"}]}<\/script>\n<!-- \/ Yoast SEO plugin. -->","yoast_head_json":{"title":"Centro Cultural Yves Alves exibe produ\u00e7\u00e3o de alunos de Jornalismo da UFSJ - Jornalismo UFSJ","robots":{"index":"index","follow":"follow","max-snippet":"max-snippet:-1","max-image-preview":"max-image-preview:large","max-video-preview":"max-video-preview:-1"},"canonical":"http:\/\/anu.ufsj.edu.br\/site\/documentario\/centro-cultural-yves-alves-exibe-producao-de-alunos-de-jornalismo-da-ufsj\/","og_locale":"pt_BR","og_type":"article","og_title":"Centro Cultural Yves Alves exibe produ\u00e7\u00e3o de alunos de Jornalismo da UFSJ - Jornalismo UFSJ","og_description":"A vida de um m\u00fasico influenciado pela cultura hippie. Impress\u00f5es de uma tarde chuvosa. Personagens tradicionais de S\u00e3o Jo\u00e3o del-Rei. S\u00e3o algumas hist\u00f3rias contadas nos curta-metragens que ser\u00e3o apresentados no pr\u00f3ximo s\u00e1bado, na Mostra Talentos Regionais do Centro Cultural Yves...","og_url":"http:\/\/anu.ufsj.edu.br\/site\/documentario\/centro-cultural-yves-alves-exibe-producao-de-alunos-de-jornalismo-da-ufsj\/","og_site_name":"Jornalismo UFSJ","article_publisher":"https:\/\/www.facebook.com\/jornalismoufsj\/","article_published_time":"2016-03-04T15:43:50+00:00","twitter_card":"summary_large_image","twitter_creator":"@jornalismoufsj","twitter_site":"@jornalismoufsj","twitter_misc":{"Escrito por":"","Est. tempo de leitura":"1 minuto"},"schema":{"@context":"https:\/\/schema.org","@graph":[{"@type":"WebPage","@id":"http:\/\/anu.ufsj.edu.br\/site\/documentario\/centro-cultural-yves-alves-exibe-producao-de-alunos-de-jornalismo-da-ufsj\/","url":"http:\/\/anu.ufsj.edu.br\/site\/documentario\/centro-cultural-yves-alves-exibe-producao-de-alunos-de-jornalismo-da-ufsj\/","name":"Centro Cultural Yves Alves exibe produ\u00e7\u00e3o de alunos de Jornalismo da UFSJ - Jornalismo UFSJ","isPartOf":{"@id":"http:\/\/jornalismo.ufsj.edu.br\/site\/#website"},"datePublished":"2016-03-04T15:43:50+00:00","dateModified":"2016-03-04T15:43:50+00:00","author":{"@id":""},"breadcrumb":{"@id":"http:\/\/anu.ufsj.edu.br\/site\/documentario\/centro-cultural-yves-alves-exibe-producao-de-alunos-de-jornalismo-da-ufsj\/#breadcrumb"},"inLanguage":"pt-BR","potentialAction":[{"@type":"ReadAction","target":["http:\/\/anu.ufsj.edu.br\/site\/documentario\/centro-cultural-yves-alves-exibe-producao-de-alunos-de-jornalismo-da-ufsj\/"]}]},{"@type":"BreadcrumbList","@id":"http:\/\/anu.ufsj.edu.br\/site\/documentario\/centro-cultural-yves-alves-exibe-producao-de-alunos-de-jornalismo-da-ufsj\/#breadcrumb","itemListElement":[{"@type":"ListItem","position":1,"name":"In\u00edcio","item":"http:\/\/jornalismo.ufsj.edu.br\/site\/"},{"@type":"ListItem","position":2,"name":"Centro Cultural Yves Alves exibe produ\u00e7\u00e3o de alunos de Jornalismo da UFSJ"}]},{"@type":"WebSite","@id":"http:\/\/jornalismo.ufsj.edu.br\/site\/#website","url":"http:\/\/jornalismo.ufsj.edu.br\/site\/","name":"Jornalismo UFSJ","description":"","potentialAction":[{"@type":"SearchAction","target":{"@type":"EntryPoint","urlTemplate":"http:\/\/jornalismo.ufsj.edu.br\/site\/?s={search_term_string}"},"query-input":"required name=search_term_string"}],"inLanguage":"pt-BR"},{"@type":"Person","@id":""}]}},"jetpack_featured_media_url":"","_links":{"self":[{"href":"http:\/\/jornalismo.ufsj.edu.br\/site\/wp-json\/wp\/v2\/posts\/1460"}],"collection":[{"href":"http:\/\/jornalismo.ufsj.edu.br\/site\/wp-json\/wp\/v2\/posts"}],"about":[{"href":"http:\/\/jornalismo.ufsj.edu.br\/site\/wp-json\/wp\/v2\/types\/post"}],"author":[{"embeddable":true,"href":"http:\/\/jornalismo.ufsj.edu.br\/site\/wp-json\/wp\/v2\/users\/3"}],"replies":[{"embeddable":true,"href":"http:\/\/jornalismo.ufsj.edu.br\/site\/wp-json\/wp\/v2\/comments?post=1460"}],"version-history":[{"count":0,"href":"http:\/\/jornalismo.ufsj.edu.br\/site\/wp-json\/wp\/v2\/posts\/1460\/revisions"}],"wp:featuredmedia":[{"embeddable":true,"href":"http:\/\/jornalismo.ufsj.edu.br\/site\/wp-json\/"}],"wp:attachment":[{"href":"http:\/\/jornalismo.ufsj.edu.br\/site\/wp-json\/wp\/v2\/media?parent=1460"}],"wp:term":[{"taxonomy":"category","embeddable":true,"href":"http:\/\/jornalismo.ufsj.edu.br\/site\/wp-json\/wp\/v2\/categories?post=1460"},{"taxonomy":"post_tag","embeddable":true,"href":"http:\/\/jornalismo.ufsj.edu.br\/site\/wp-json\/wp\/v2\/tags?post=1460"}],"curies":[{"name":"wp","href":"https:\/\/api.w.org\/{rel}","templated":true}]}}