{"id":1407,"date":"2015-11-27T01:34:58","date_gmt":"2015-11-27T01:34:58","guid":{"rendered":"http:\/\/jornalismo.ufsj.edu.br\/?p=1407"},"modified":"2015-11-27T01:34:58","modified_gmt":"2015-11-27T01:34:58","slug":"alunos-do-quarto-periodo-produzem-programas-de-radio-para-disciplina-do-curso","status":"publish","type":"post","link":"http:\/\/jornalismo.ufsj.edu.br\/site\/sem-categoria\/alunos-do-quarto-periodo-produzem-programas-de-radio-para-disciplina-do-curso\/","title":{"rendered":"Alunos do quarto per\u00edodo produzem programas de r\u00e1dio para disciplina do curso!"},"content":{"rendered":"<p>Os alunos do quarto per\u00edodo produziram uma serie de programas de radio para a disciplina de Radiojornalismo, para ouvir \u00e9 s\u00f3 clicar nos links abaixo:<\/p>\n<p>&#8211; Her\u00f3is do Onze (Sobre a participa\u00e7\u00e3o de militares s\u00e3o-joanenses na II Guerra Mundial)<br \/>\n<a href=\"https:\/\/www.mixcloud.com\/radioufsj\/document%C3%A1rio-her%C3%B3is-do-onze\/\" target=\"_blank\" rel=\"nofollow\">https:\/\/www.mixcloud.com\/\u2026\/document%C3%A1rio-her%C3%B3is-d\u2026\/<\/a><\/p>\n<p>-Charreteiros de Tiradentes (Sobre essa tradi\u00e7\u00e3o de Tiradentes-MG)<br \/>\n<a href=\"https:\/\/www.mixcloud.com\/interativa-fm\/document%C3%A1rio-charreteiros-de-tiradentes\/\" target=\"_blank\" rel=\"nofollow\">https:\/\/www.mixcloud.com\/\u2026\/document%C3%A1rio-charreteiros-\u2026\/<\/a><\/p>\n<p>-A Voz Que Vem Das Torres (sobre a linguagem dos Sinos de S\u00e3o Jo\u00e3o del-Rei)<br \/>\n<a href=\"https:\/\/www.mixcloud.com\/Documentario\/radiodocument%C3%A1rio-a-voz-que-vem-das-torres\/\" target=\"_blank\" rel=\"nofollow\">https:\/\/www.mixcloud.com\/\u2026\/radiodocument%C3%A1rio-a-voz-qu\u2026\/<\/a><\/p>\n<p>-A Cultura Italiana em S\u00e3o Jo\u00e3o del-Rei<br \/>\n<a href=\"https:\/\/www.mixcloud.com\/rafael2015\/documentario\/\" target=\"_blank\" rel=\"nofollow\">https:\/\/www.mixcloud.com\/rafael2015\/documentario\/<\/a><\/p>\n","protected":false},"excerpt":{"rendered":"<p>Os alunos do quarto per\u00edodo produziram uma serie de programas de radio para a disciplina de Radiojornalismo, para ouvir \u00e9 s\u00f3 clicar nos links abaixo: &#8211; Her\u00f3is do Onze (Sobre a participa\u00e7\u00e3o de militares s\u00e3o-joanenses na II Guerra Mundial) https:\/\/www.mixcloud.com\/\u2026\/document%C3%A1rio-her%C3%B3is-d\u2026\/&#8230;<\/p>\n","protected":false},"author":3,"featured_media":0,"comment_status":"open","ping_status":"open","sticky":false,"template":"","format":"standard","meta":{"_monsterinsights_skip_tracking":false,"_monsterinsights_sitenote_active":false,"_monsterinsights_sitenote_note":"","_monsterinsights_sitenote_category":0},"categories":[70],"tags":[],"yoast_head":"<!-- This site is optimized with the Yoast SEO plugin v20.6 - https:\/\/yoast.com\/wordpress\/plugins\/seo\/ -->\n<title>Alunos do quarto per\u00edodo produzem programas de r\u00e1dio para disciplina do curso! - Jornalismo UFSJ<\/title>\n<meta name=\"robots\" content=\"index, follow, max-snippet:-1, max-image-preview:large, max-video-preview:-1\" \/>\n<link rel=\"canonical\" href=\"http:\/\/jornalismo.ufsj.edu.br\/site\/sem-categoria\/alunos-do-quarto-periodo-produzem-programas-de-radio-para-disciplina-do-curso\/\" \/>\n<meta property=\"og:locale\" content=\"pt_BR\" \/>\n<meta property=\"og:type\" content=\"article\" \/>\n<meta property=\"og:title\" content=\"Alunos do quarto per\u00edodo produzem programas de r\u00e1dio para disciplina do curso! - Jornalismo UFSJ\" \/>\n<meta property=\"og:description\" content=\"Os alunos do quarto per\u00edodo produziram uma serie de programas de radio para a disciplina de Radiojornalismo, para ouvir \u00e9 s\u00f3 clicar nos links abaixo: &#8211; Her\u00f3is do Onze (Sobre a participa\u00e7\u00e3o de militares s\u00e3o-joanenses na II Guerra Mundial) https:\/\/www.mixcloud.com\/\u2026\/document%C3%A1rio-her%C3%B3is-d\u2026\/...\" \/>\n<meta property=\"og:url\" content=\"http:\/\/jornalismo.ufsj.edu.br\/site\/sem-categoria\/alunos-do-quarto-periodo-produzem-programas-de-radio-para-disciplina-do-curso\/\" \/>\n<meta property=\"og:site_name\" content=\"Jornalismo UFSJ\" \/>\n<meta property=\"article:publisher\" content=\"https:\/\/www.facebook.com\/jornalismoufsj\/\" \/>\n<meta property=\"article:published_time\" content=\"2015-11-27T01:34:58+00:00\" \/>\n<meta name=\"twitter:card\" content=\"summary_large_image\" \/>\n<meta name=\"twitter:creator\" content=\"@jornalismoufsj\" \/>\n<meta name=\"twitter:site\" content=\"@jornalismoufsj\" \/>\n<meta name=\"twitter:label1\" content=\"Escrito por\" \/>\n\t<meta name=\"twitter:data1\" content=\"\" \/>\n\t<meta name=\"twitter:label2\" content=\"Est. tempo de leitura\" \/>\n\t<meta name=\"twitter:data2\" content=\"1 minuto\" \/>\n<script type=\"application\/ld+json\" class=\"yoast-schema-graph\">{\"@context\":\"https:\/\/schema.org\",\"@graph\":[{\"@type\":\"WebPage\",\"@id\":\"http:\/\/jornalismo.ufsj.edu.br\/site\/sem-categoria\/alunos-do-quarto-periodo-produzem-programas-de-radio-para-disciplina-do-curso\/\",\"url\":\"http:\/\/jornalismo.ufsj.edu.br\/site\/sem-categoria\/alunos-do-quarto-periodo-produzem-programas-de-radio-para-disciplina-do-curso\/\",\"name\":\"Alunos do quarto per\u00edodo produzem programas de r\u00e1dio para disciplina do curso! - Jornalismo UFSJ\",\"isPartOf\":{\"@id\":\"http:\/\/jornalismo.ufsj.edu.br\/site\/#website\"},\"datePublished\":\"2015-11-27T01:34:58+00:00\",\"dateModified\":\"2015-11-27T01:34:58+00:00\",\"author\":{\"@id\":\"\"},\"breadcrumb\":{\"@id\":\"http:\/\/jornalismo.ufsj.edu.br\/site\/sem-categoria\/alunos-do-quarto-periodo-produzem-programas-de-radio-para-disciplina-do-curso\/#breadcrumb\"},\"inLanguage\":\"pt-BR\",\"potentialAction\":[{\"@type\":\"ReadAction\",\"target\":[\"http:\/\/jornalismo.ufsj.edu.br\/site\/sem-categoria\/alunos-do-quarto-periodo-produzem-programas-de-radio-para-disciplina-do-curso\/\"]}]},{\"@type\":\"BreadcrumbList\",\"@id\":\"http:\/\/jornalismo.ufsj.edu.br\/site\/sem-categoria\/alunos-do-quarto-periodo-produzem-programas-de-radio-para-disciplina-do-curso\/#breadcrumb\",\"itemListElement\":[{\"@type\":\"ListItem\",\"position\":1,\"name\":\"In\u00edcio\",\"item\":\"http:\/\/jornalismo.ufsj.edu.br\/site\/\"},{\"@type\":\"ListItem\",\"position\":2,\"name\":\"Alunos do quarto per\u00edodo produzem programas de r\u00e1dio para disciplina do curso!\"}]},{\"@type\":\"WebSite\",\"@id\":\"http:\/\/jornalismo.ufsj.edu.br\/site\/#website\",\"url\":\"http:\/\/jornalismo.ufsj.edu.br\/site\/\",\"name\":\"Jornalismo UFSJ\",\"description\":\"\",\"potentialAction\":[{\"@type\":\"SearchAction\",\"target\":{\"@type\":\"EntryPoint\",\"urlTemplate\":\"http:\/\/jornalismo.ufsj.edu.br\/site\/?s={search_term_string}\"},\"query-input\":\"required name=search_term_string\"}],\"inLanguage\":\"pt-BR\"},{\"@type\":\"Person\",\"@id\":\"\"}]}<\/script>\n<!-- \/ Yoast SEO plugin. -->","yoast_head_json":{"title":"Alunos do quarto per\u00edodo produzem programas de r\u00e1dio para disciplina do curso! - Jornalismo UFSJ","robots":{"index":"index","follow":"follow","max-snippet":"max-snippet:-1","max-image-preview":"max-image-preview:large","max-video-preview":"max-video-preview:-1"},"canonical":"http:\/\/jornalismo.ufsj.edu.br\/site\/sem-categoria\/alunos-do-quarto-periodo-produzem-programas-de-radio-para-disciplina-do-curso\/","og_locale":"pt_BR","og_type":"article","og_title":"Alunos do quarto per\u00edodo produzem programas de r\u00e1dio para disciplina do curso! - Jornalismo UFSJ","og_description":"Os alunos do quarto per\u00edodo produziram uma serie de programas de radio para a disciplina de Radiojornalismo, para ouvir \u00e9 s\u00f3 clicar nos links abaixo: &#8211; Her\u00f3is do Onze (Sobre a participa\u00e7\u00e3o de militares s\u00e3o-joanenses na II Guerra Mundial) https:\/\/www.mixcloud.com\/\u2026\/document%C3%A1rio-her%C3%B3is-d\u2026\/...","og_url":"http:\/\/jornalismo.ufsj.edu.br\/site\/sem-categoria\/alunos-do-quarto-periodo-produzem-programas-de-radio-para-disciplina-do-curso\/","og_site_name":"Jornalismo UFSJ","article_publisher":"https:\/\/www.facebook.com\/jornalismoufsj\/","article_published_time":"2015-11-27T01:34:58+00:00","twitter_card":"summary_large_image","twitter_creator":"@jornalismoufsj","twitter_site":"@jornalismoufsj","twitter_misc":{"Escrito por":"","Est. tempo de leitura":"1 minuto"},"schema":{"@context":"https:\/\/schema.org","@graph":[{"@type":"WebPage","@id":"http:\/\/jornalismo.ufsj.edu.br\/site\/sem-categoria\/alunos-do-quarto-periodo-produzem-programas-de-radio-para-disciplina-do-curso\/","url":"http:\/\/jornalismo.ufsj.edu.br\/site\/sem-categoria\/alunos-do-quarto-periodo-produzem-programas-de-radio-para-disciplina-do-curso\/","name":"Alunos do quarto per\u00edodo produzem programas de r\u00e1dio para disciplina do curso! - Jornalismo UFSJ","isPartOf":{"@id":"http:\/\/jornalismo.ufsj.edu.br\/site\/#website"},"datePublished":"2015-11-27T01:34:58+00:00","dateModified":"2015-11-27T01:34:58+00:00","author":{"@id":""},"breadcrumb":{"@id":"http:\/\/jornalismo.ufsj.edu.br\/site\/sem-categoria\/alunos-do-quarto-periodo-produzem-programas-de-radio-para-disciplina-do-curso\/#breadcrumb"},"inLanguage":"pt-BR","potentialAction":[{"@type":"ReadAction","target":["http:\/\/jornalismo.ufsj.edu.br\/site\/sem-categoria\/alunos-do-quarto-periodo-produzem-programas-de-radio-para-disciplina-do-curso\/"]}]},{"@type":"BreadcrumbList","@id":"http:\/\/jornalismo.ufsj.edu.br\/site\/sem-categoria\/alunos-do-quarto-periodo-produzem-programas-de-radio-para-disciplina-do-curso\/#breadcrumb","itemListElement":[{"@type":"ListItem","position":1,"name":"In\u00edcio","item":"http:\/\/jornalismo.ufsj.edu.br\/site\/"},{"@type":"ListItem","position":2,"name":"Alunos do quarto per\u00edodo produzem programas de r\u00e1dio para disciplina do curso!"}]},{"@type":"WebSite","@id":"http:\/\/jornalismo.ufsj.edu.br\/site\/#website","url":"http:\/\/jornalismo.ufsj.edu.br\/site\/","name":"Jornalismo UFSJ","description":"","potentialAction":[{"@type":"SearchAction","target":{"@type":"EntryPoint","urlTemplate":"http:\/\/jornalismo.ufsj.edu.br\/site\/?s={search_term_string}"},"query-input":"required name=search_term_string"}],"inLanguage":"pt-BR"},{"@type":"Person","@id":""}]}},"jetpack_featured_media_url":"","_links":{"self":[{"href":"http:\/\/jornalismo.ufsj.edu.br\/site\/wp-json\/wp\/v2\/posts\/1407"}],"collection":[{"href":"http:\/\/jornalismo.ufsj.edu.br\/site\/wp-json\/wp\/v2\/posts"}],"about":[{"href":"http:\/\/jornalismo.ufsj.edu.br\/site\/wp-json\/wp\/v2\/types\/post"}],"author":[{"embeddable":true,"href":"http:\/\/jornalismo.ufsj.edu.br\/site\/wp-json\/wp\/v2\/users\/3"}],"replies":[{"embeddable":true,"href":"http:\/\/jornalismo.ufsj.edu.br\/site\/wp-json\/wp\/v2\/comments?post=1407"}],"version-history":[{"count":0,"href":"http:\/\/jornalismo.ufsj.edu.br\/site\/wp-json\/wp\/v2\/posts\/1407\/revisions"}],"wp:attachment":[{"href":"http:\/\/jornalismo.ufsj.edu.br\/site\/wp-json\/wp\/v2\/media?parent=1407"}],"wp:term":[{"taxonomy":"category","embeddable":true,"href":"http:\/\/jornalismo.ufsj.edu.br\/site\/wp-json\/wp\/v2\/categories?post=1407"},{"taxonomy":"post_tag","embeddable":true,"href":"http:\/\/jornalismo.ufsj.edu.br\/site\/wp-json\/wp\/v2\/tags?post=1407"}],"curies":[{"name":"wp","href":"https:\/\/api.w.org\/{rel}","templated":true}]}}