{"id":1300,"date":"2015-10-06T23:15:37","date_gmt":"2015-10-06T23:15:37","guid":{"rendered":"http:\/\/jornalismo.ufsj.edu.br\/?p=1300"},"modified":"2015-10-06T23:15:37","modified_gmt":"2015-10-06T23:15:37","slug":"cartografias-de-primavera","status":"publish","type":"post","link":"http:\/\/jornalismo.ufsj.edu.br\/site\/sem-categoria\/cartografias-de-primavera\/","title":{"rendered":"&#8220;Cartografias de Primavera&#8221;"},"content":{"rendered":"<p style=\"text-align:justify;\"><a href=\"http:\/\/jornalismo.ufsj.edu.br\/wp-content\/uploads\/2015\/10\/12086763_1055614757852973_773490847_n.jpg\"><img loading=\"lazy\" class=\"alignleft size-medium wp-image-1301\" src=\"http:\/\/jornalismo.ufsj.edu.br\/wp-content\/uploads\/2015\/10\/12086763_1055614757852973_773490847_n.jpg?w=300\" alt=\"12086763_1055614757852973_773490847_n\" width=\"300\" height=\"188\" \/><\/a>No \u00faltimo s\u00e1bado (03 de outubro), aconteceu o \u201cCartografias da Primavera \u2013 explora\u00e7\u00f5es fotogr\u00e1ficas\u201d: evento realizado pela professora da disciplina de Linguagem Fotogr\u00e1fica \u2013 K\u00e1tia Lombardi \u2013 em parceria com integrantes do Centro Acad\u00eamico de Comunica\u00e7\u00e3o Social \u2013 Jornalismo (CaCOs).<\/p>\n<p style=\"text-align:justify;\">\u201cO objetivo inicial era reunir alunos da disciplina de Linguagem Fotogr\u00e1fica para uma atividade din\u00e2mica. A ideia foi crescendo e pedi ajuda aos integrantes do CaCOs na produ\u00e7\u00e3o e divulga\u00e7\u00e3o. Eles apoiaram a ideia e, logo, o evento saiu da sala de aula e ampliou-se ao espa\u00e7o da Universidade\u201d \u2013 conta Prof<sup>a<\/sup>. K\u00e1tia.<\/p>\n<p style=\"text-align:justify;\">Aberto para alunos de todos os cursos da UFSJ, para participar do evento era preciso demonstrar interesse na p\u00e1gina do CaCOs do facebook, com nome completo, n\u00famero de matr\u00edcula, curso e per\u00edodo. Ao todo, participaram alunos de diversos per\u00edodos do curso de Comunica\u00e7\u00e3o, como tamb\u00e9m da Arquitetura, da Qu\u00edmica, da Medicina entre outros.<\/p>\n<p style=\"text-align:justify;\">\u201cTivemos tamb\u00e9m a presen\u00e7a da professora Vanessa Maia e a ajuda fundamental da aluna Sinara Salatiel que, com o amigo C\u00e9sar Reis, nos guiaram brilhantemente pela Serra S\u00e3o Jos\u00e9 at\u00e9 a Cruz do Carteiro\u201d \u2013 relembra K\u00e1tia.<\/p>\n<p style=\"text-align:justify;\">Isabelle Menezes Moreira Furtado foi uma das participantes do Cartografias da Primavera. Estudante do 4\u00ba per\u00edodo de Arquitetura e Urbanismo, ela cursa a disciplina de Linguagem Fotogr\u00e1fica, espera participar mais vezes de eventos deste tipo, e conta o que mais gostou de participar do Cartografias: \u201cPude aplicar alguns conhecimentos que adquiri durante as aulas, mexendo com composi\u00e7\u00e3o de cen\u00e1rios, efeitos de luz, sombra e enquadramento. Al\u00e9m disso, o cen\u00e1rio foi maravilhoso e o passeio foi muito bem planejado pela turma\u201d.<\/p>\n<p style=\"text-align:justify;\">J\u00e1 Jo\u00e3o Pedro Justino Mendes \u2013 estudante do 2\u00ba per\u00edodo do curso de Jornalismo e Secret\u00e1rio do CaCOs \u2013 relata: \u201cA trilha que escolhemos nos deu uma vista privilegiada para a Serra de S\u00e3o Jos\u00e9. Tivemos a sorte do dia estar nublado, o que tornou a trilha bem confort\u00e1vel. E fizemos o percurso num ritmo bem devagar, atendendo ao objetivo do evento que era de ser \u2018uma caminhada fotogr\u00e1fica\u2019. Al\u00e9m de tudo, tivemos a companhia muito agrad\u00e1vel de uma galera interessada e bem disposta\u201d.<\/p>\n<p><strong>\u00a0<\/strong><\/p>\n<p><strong>Ainda n\u00e3o acabou!<\/strong><\/p>\n<p><strong>\u00a0<\/strong><\/p>\n<p style=\"text-align:justify;\">Jo\u00e3o Pedro avisa que as atividades envolvendo o \u201cCartografias da Primavera\u201d continuam. Proposto pela Prof<sup>a<\/sup>. K\u00e1tia, um desafio fotogr\u00e1fico tamb\u00e9m ser\u00e1 realizado.<\/p>\n<p style=\"text-align:justify;\">\u201cOs <em>(alunos)<\/em> presentes na trilha podem nos mandar a melhor fotografia tirada durante o passeio, atrav\u00e9s do e-mail do CaCOs. As fotos ser\u00e3o dispostas, em um dia ainda a combinar com o 5\u00aa Cultural, e o p\u00fablico de alunos ir\u00e1 escolher qual \u00e9 a melhor foto\u201d.<\/p>\n<p style=\"text-align:justify;\">O pr\u00eamio para o aluno que fez a melhor fotografia ser\u00e1, al\u00e9m do reconhecimento, uma caixa de bombons e a chance de ter a foto publicada no jornal-laborat\u00f3rio Ora Pro Nobis. E, o e-mail do CaCOs \u00e9: <strong>cajor.ufsj@gmail.com<\/strong>.<\/p>\n<p style=\"text-align:right;\">Por Arthur Raposo<\/p>\n<p style=\"text-align:right;\">Foto C\u00e9sar Reis<\/p>\n","protected":false},"excerpt":{"rendered":"<p>No \u00faltimo s\u00e1bado (03 de outubro), aconteceu o \u201cCartografias da Primavera \u2013 explora\u00e7\u00f5es fotogr\u00e1ficas\u201d: evento realizado pela professora da disciplina de Linguagem Fotogr\u00e1fica \u2013 K\u00e1tia Lombardi \u2013 em parceria com integrantes do Centro Acad\u00eamico de Comunica\u00e7\u00e3o Social \u2013 Jornalismo (CaCOs)&#8230;.<\/p>\n","protected":false},"author":3,"featured_media":1301,"comment_status":"open","ping_status":"open","sticky":false,"template":"","format":"standard","meta":{"_monsterinsights_skip_tracking":false,"_monsterinsights_sitenote_active":false,"_monsterinsights_sitenote_note":"","_monsterinsights_sitenote_category":0},"categories":[70],"tags":[],"yoast_head":"<!-- This site is optimized with the Yoast SEO plugin v20.6 - https:\/\/yoast.com\/wordpress\/plugins\/seo\/ -->\n<title>&quot;Cartografias de Primavera&quot; - Jornalismo UFSJ<\/title>\n<meta name=\"robots\" content=\"index, follow, max-snippet:-1, max-image-preview:large, max-video-preview:-1\" \/>\n<link rel=\"canonical\" href=\"http:\/\/jornalismo.ufsj.edu.br\/site\/sem-categoria\/cartografias-de-primavera\/\" \/>\n<meta property=\"og:locale\" content=\"pt_BR\" \/>\n<meta property=\"og:type\" content=\"article\" \/>\n<meta property=\"og:title\" content=\"&quot;Cartografias de Primavera&quot; - Jornalismo UFSJ\" \/>\n<meta property=\"og:description\" content=\"No \u00faltimo s\u00e1bado (03 de outubro), aconteceu o \u201cCartografias da Primavera \u2013 explora\u00e7\u00f5es fotogr\u00e1ficas\u201d: evento realizado pela professora da disciplina de Linguagem Fotogr\u00e1fica \u2013 K\u00e1tia Lombardi \u2013 em parceria com integrantes do Centro Acad\u00eamico de Comunica\u00e7\u00e3o Social \u2013 Jornalismo (CaCOs)....\" \/>\n<meta property=\"og:url\" content=\"http:\/\/jornalismo.ufsj.edu.br\/site\/sem-categoria\/cartografias-de-primavera\/\" \/>\n<meta property=\"og:site_name\" content=\"Jornalismo UFSJ\" \/>\n<meta property=\"article:publisher\" content=\"https:\/\/www.facebook.com\/jornalismoufsj\/\" \/>\n<meta property=\"article:published_time\" content=\"2015-10-06T23:15:37+00:00\" \/>\n<meta name=\"twitter:card\" content=\"summary_large_image\" \/>\n<meta name=\"twitter:creator\" content=\"@jornalismoufsj\" \/>\n<meta name=\"twitter:site\" content=\"@jornalismoufsj\" \/>\n<meta name=\"twitter:label1\" content=\"Escrito por\" \/>\n\t<meta name=\"twitter:data1\" content=\"\" \/>\n\t<meta name=\"twitter:label2\" content=\"Est. tempo de leitura\" \/>\n\t<meta name=\"twitter:data2\" content=\"3 minutos\" \/>\n<script type=\"application\/ld+json\" class=\"yoast-schema-graph\">{\"@context\":\"https:\/\/schema.org\",\"@graph\":[{\"@type\":\"WebPage\",\"@id\":\"http:\/\/jornalismo.ufsj.edu.br\/site\/sem-categoria\/cartografias-de-primavera\/\",\"url\":\"http:\/\/jornalismo.ufsj.edu.br\/site\/sem-categoria\/cartografias-de-primavera\/\",\"name\":\"\\\"Cartografias de Primavera\\\" - Jornalismo UFSJ\",\"isPartOf\":{\"@id\":\"https:\/\/jornalismo.ufsj.edu.br\/site\/#website\"},\"datePublished\":\"2015-10-06T23:15:37+00:00\",\"dateModified\":\"2015-10-06T23:15:37+00:00\",\"author\":{\"@id\":\"\"},\"breadcrumb\":{\"@id\":\"http:\/\/jornalismo.ufsj.edu.br\/site\/sem-categoria\/cartografias-de-primavera\/#breadcrumb\"},\"inLanguage\":\"pt-BR\",\"potentialAction\":[{\"@type\":\"ReadAction\",\"target\":[\"http:\/\/jornalismo.ufsj.edu.br\/site\/sem-categoria\/cartografias-de-primavera\/\"]}]},{\"@type\":\"BreadcrumbList\",\"@id\":\"http:\/\/jornalismo.ufsj.edu.br\/site\/sem-categoria\/cartografias-de-primavera\/#breadcrumb\",\"itemListElement\":[{\"@type\":\"ListItem\",\"position\":1,\"name\":\"In\u00edcio\",\"item\":\"https:\/\/jornalismo.ufsj.edu.br\/site\/\"},{\"@type\":\"ListItem\",\"position\":2,\"name\":\"&#8220;Cartografias de Primavera&#8221;\"}]},{\"@type\":\"WebSite\",\"@id\":\"https:\/\/jornalismo.ufsj.edu.br\/site\/#website\",\"url\":\"https:\/\/jornalismo.ufsj.edu.br\/site\/\",\"name\":\"Jornalismo UFSJ\",\"description\":\"\",\"potentialAction\":[{\"@type\":\"SearchAction\",\"target\":{\"@type\":\"EntryPoint\",\"urlTemplate\":\"https:\/\/jornalismo.ufsj.edu.br\/site\/?s={search_term_string}\"},\"query-input\":\"required name=search_term_string\"}],\"inLanguage\":\"pt-BR\"},{\"@type\":\"Person\",\"@id\":\"\"}]}<\/script>\n<!-- \/ Yoast SEO plugin. -->","yoast_head_json":{"title":"\"Cartografias de Primavera\" - Jornalismo UFSJ","robots":{"index":"index","follow":"follow","max-snippet":"max-snippet:-1","max-image-preview":"max-image-preview:large","max-video-preview":"max-video-preview:-1"},"canonical":"http:\/\/jornalismo.ufsj.edu.br\/site\/sem-categoria\/cartografias-de-primavera\/","og_locale":"pt_BR","og_type":"article","og_title":"\"Cartografias de Primavera\" - Jornalismo UFSJ","og_description":"No \u00faltimo s\u00e1bado (03 de outubro), aconteceu o \u201cCartografias da Primavera \u2013 explora\u00e7\u00f5es fotogr\u00e1ficas\u201d: evento realizado pela professora da disciplina de Linguagem Fotogr\u00e1fica \u2013 K\u00e1tia Lombardi \u2013 em parceria com integrantes do Centro Acad\u00eamico de Comunica\u00e7\u00e3o Social \u2013 Jornalismo (CaCOs)....","og_url":"http:\/\/jornalismo.ufsj.edu.br\/site\/sem-categoria\/cartografias-de-primavera\/","og_site_name":"Jornalismo UFSJ","article_publisher":"https:\/\/www.facebook.com\/jornalismoufsj\/","article_published_time":"2015-10-06T23:15:37+00:00","twitter_card":"summary_large_image","twitter_creator":"@jornalismoufsj","twitter_site":"@jornalismoufsj","twitter_misc":{"Escrito por":"","Est. tempo de leitura":"3 minutos"},"schema":{"@context":"https:\/\/schema.org","@graph":[{"@type":"WebPage","@id":"http:\/\/jornalismo.ufsj.edu.br\/site\/sem-categoria\/cartografias-de-primavera\/","url":"http:\/\/jornalismo.ufsj.edu.br\/site\/sem-categoria\/cartografias-de-primavera\/","name":"\"Cartografias de Primavera\" - Jornalismo UFSJ","isPartOf":{"@id":"https:\/\/jornalismo.ufsj.edu.br\/site\/#website"},"datePublished":"2015-10-06T23:15:37+00:00","dateModified":"2015-10-06T23:15:37+00:00","author":{"@id":""},"breadcrumb":{"@id":"http:\/\/jornalismo.ufsj.edu.br\/site\/sem-categoria\/cartografias-de-primavera\/#breadcrumb"},"inLanguage":"pt-BR","potentialAction":[{"@type":"ReadAction","target":["http:\/\/jornalismo.ufsj.edu.br\/site\/sem-categoria\/cartografias-de-primavera\/"]}]},{"@type":"BreadcrumbList","@id":"http:\/\/jornalismo.ufsj.edu.br\/site\/sem-categoria\/cartografias-de-primavera\/#breadcrumb","itemListElement":[{"@type":"ListItem","position":1,"name":"In\u00edcio","item":"https:\/\/jornalismo.ufsj.edu.br\/site\/"},{"@type":"ListItem","position":2,"name":"&#8220;Cartografias de Primavera&#8221;"}]},{"@type":"WebSite","@id":"https:\/\/jornalismo.ufsj.edu.br\/site\/#website","url":"https:\/\/jornalismo.ufsj.edu.br\/site\/","name":"Jornalismo UFSJ","description":"","potentialAction":[{"@type":"SearchAction","target":{"@type":"EntryPoint","urlTemplate":"https:\/\/jornalismo.ufsj.edu.br\/site\/?s={search_term_string}"},"query-input":"required name=search_term_string"}],"inLanguage":"pt-BR"},{"@type":"Person","@id":""}]}},"jetpack_featured_media_url":"","_links":{"self":[{"href":"http:\/\/jornalismo.ufsj.edu.br\/site\/wp-json\/wp\/v2\/posts\/1300"}],"collection":[{"href":"http:\/\/jornalismo.ufsj.edu.br\/site\/wp-json\/wp\/v2\/posts"}],"about":[{"href":"http:\/\/jornalismo.ufsj.edu.br\/site\/wp-json\/wp\/v2\/types\/post"}],"author":[{"embeddable":true,"href":"http:\/\/jornalismo.ufsj.edu.br\/site\/wp-json\/wp\/v2\/users\/3"}],"replies":[{"embeddable":true,"href":"http:\/\/jornalismo.ufsj.edu.br\/site\/wp-json\/wp\/v2\/comments?post=1300"}],"version-history":[{"count":0,"href":"http:\/\/jornalismo.ufsj.edu.br\/site\/wp-json\/wp\/v2\/posts\/1300\/revisions"}],"wp:featuredmedia":[{"embeddable":true,"href":"http:\/\/jornalismo.ufsj.edu.br\/site\/wp-json\/"}],"wp:attachment":[{"href":"http:\/\/jornalismo.ufsj.edu.br\/site\/wp-json\/wp\/v2\/media?parent=1300"}],"wp:term":[{"taxonomy":"category","embeddable":true,"href":"http:\/\/jornalismo.ufsj.edu.br\/site\/wp-json\/wp\/v2\/categories?post=1300"},{"taxonomy":"post_tag","embeddable":true,"href":"http:\/\/jornalismo.ufsj.edu.br\/site\/wp-json\/wp\/v2\/tags?post=1300"}],"curies":[{"name":"wp","href":"https:\/\/api.w.org\/{rel}","templated":true}]}}