{"id":1245,"date":"2016-03-02T17:23:00","date_gmt":"2016-03-02T17:23:00","guid":{"rendered":"http:\/\/jornalismo.ufsj.edu.br\/?p=1245"},"modified":"2016-03-02T17:23:00","modified_gmt":"2016-03-02T17:23:00","slug":"ufsj-tera-radio-educativa","status":"publish","type":"post","link":"http:\/\/jornalismo.ufsj.edu.br\/site\/radio\/ufsj-tera-radio-educativa\/","title":{"rendered":"Sintonize! UFSJ ter\u00e1 r\u00e1dio educativa"},"content":{"rendered":"<p><span style=\"font-weight:400;\"><img loading=\"lazy\" class=\"alignnone size-full wp-image-1443\" src=\"http:\/\/jornalismo.ufsj.edu.br\/wp-content\/uploads\/2016\/03\/radio.jpg\" alt=\"radio\" width=\"1025\" height=\"675\" \/>No \u00faltimo dia 16 a UFSJ foi selecionada, dentre 12 entidades, para a implanta\u00e7\u00e3o de uma emissora de r\u00e1dio FM educativa. A concess\u00e3o \u00e9 resultado do Edital de Sele\u00e7\u00e3o P\u00fablica do Plano Nacional de Outogras Educativas (PNO), a\u00e7\u00e3o do Minist\u00e9rio das Comunica\u00e7\u00f5es que visa fortalecer o servi\u00e7o de radiodifus\u00e3o destinado \u00e0 transmiss\u00e3o de programas educativos-culturais. Com 1000 watts de pot\u00eancia, a r\u00e1dio da UFSJ alcan\u00e7ar\u00e1 S\u00e3o Jo\u00e3o del-Rei e cidades vizinhas, em um raio de 50 a 60 quil\u00f4metros.<\/span><\/p>\n<p style=\"text-align:left;\"><span style=\"font-weight:400;\">Para entrar no ar, \u00e9 preciso ainda cumprir alguns passos: neste momento, a prioridade s\u00e3o as quest\u00f5es t\u00e9cnicas, como a verifica\u00e7\u00e3o dos equipamentos adequados, conforme explica Bruno Caputo, respons\u00e1vel t\u00e9cnico pelo laborat\u00f3rio de radiojornalismo do curso de Comunica\u00e7\u00e3o Social da UFSJ. Bruno integra a comiss\u00e3o, formada em outubro de 2015, que elaborou a proposta selecionada pelo Edital. A comiss\u00e3o \u00e9 coordenada pela Assessoria de Comunica\u00e7\u00e3o da UFSJ, em a\u00e7\u00e3o conjunta entre a Reitoria e o curso de Comunica\u00e7\u00e3o. Nos pr\u00f3ximos 4 meses, a equipe dever\u00e1 elaborar o projeto t\u00e9cnico da r\u00e1dio, como procedimento formal dentro do processo de libera\u00e7\u00e3o da outorga.<\/span><\/p>\n<p style=\"text-align:left;\"><span style=\"font-weight:400;\">Em uma segunda fase, come\u00e7a a contar o per\u00edodo para licita\u00e7\u00e3o dos equipamentos e, com a r\u00e1dio cada vez mais perto de entrar no ar, ser\u00e1 a vez de pensar na programa\u00e7\u00e3o. Bruno explica que algumas quest\u00f5es j\u00e1 est\u00e3o definidas, como a obrigatoriedade de retransmiss\u00e3o de programas da EBC &#8211; Empresa Brasil de Comunica\u00e7\u00e3o. Bruno afirma, ainda, que a r\u00e1dio ter\u00e1 como foco a divulga\u00e7\u00e3o de a\u00e7\u00f5es de pesquisa, ensino e extens\u00e3o, que s\u00e3o pilares da atividade da Universidade. Mas considera que ela constituir\u00e1, em si, ve\u00edculo da extens\u00e3o universit\u00e1ria, promovendo integra\u00e7\u00e3o dentro e fora da comunidade acad\u00eamica. A inten\u00e7\u00e3o \u00e9 contribuir para a produ\u00e7\u00e3o do jornalismo regional e n\u00e3o apenas voltado a not\u00edcias da Universidade. Nas palavras do t\u00e9cnico, que n\u00e3o esconde seu entusiasmo, a ordem \u00e9 \u201cIr pra rua\u201d.<\/span><\/p>\n<p style=\"text-align:left;\"><span style=\"font-weight:400;\">\u00d3tima not\u00edcia para os futuros ouvintes e amantes desta m\u00eddia t\u00e3o tradicional como democr\u00e1tica e, por isso mesmo, potencialmente inovadora. Bruno considera que, por mais que as grandes r\u00e1dios venham se tornando conservadoras, h\u00e1 espa\u00e7o para que r\u00e1dios comunit\u00e1rias e educativas inovem. Elas podem tornar-se vetores de mudan\u00e7a social a partir de sua programa\u00e7\u00e3o e da abertura \u00e0 participa\u00e7\u00e3o da comunidade. Para os alunos, j\u00e1 \u00e9 poss\u00edvel se preparar para contribuir. A 99,3 Mhz \u00e9 nossa.<\/span><\/p>\n<p style=\"text-align:right;\">Texto: Dani da Gama<\/p>\n","protected":false},"excerpt":{"rendered":"<p>No \u00faltimo dia 16 a UFSJ foi selecionada, dentre 12 entidades, para a implanta\u00e7\u00e3o de uma emissora de r\u00e1dio FM educativa. A concess\u00e3o \u00e9 resultado do Edital de Sele\u00e7\u00e3o P\u00fablica do Plano Nacional de Outogras Educativas (PNO), a\u00e7\u00e3o do Minist\u00e9rio&#8230;<\/p>\n","protected":false},"author":3,"featured_media":1443,"comment_status":"open","ping_status":"open","sticky":false,"template":"","format":"standard","meta":{"_monsterinsights_skip_tracking":false,"_monsterinsights_sitenote_active":false,"_monsterinsights_sitenote_note":"","_monsterinsights_sitenote_category":0},"categories":[68],"tags":[],"yoast_head":"<!-- This site is optimized with the Yoast SEO plugin v20.6 - https:\/\/yoast.com\/wordpress\/plugins\/seo\/ -->\n<title>Sintonize! UFSJ ter\u00e1 r\u00e1dio educativa - Jornalismo UFSJ<\/title>\n<meta name=\"robots\" content=\"index, follow, max-snippet:-1, max-image-preview:large, max-video-preview:-1\" \/>\n<link rel=\"canonical\" href=\"http:\/\/anu.ufsj.edu.br\/site\/radio\/ufsj-tera-radio-educativa\/\" \/>\n<meta property=\"og:locale\" content=\"pt_BR\" \/>\n<meta property=\"og:type\" content=\"article\" \/>\n<meta property=\"og:title\" content=\"Sintonize! UFSJ ter\u00e1 r\u00e1dio educativa - Jornalismo UFSJ\" \/>\n<meta property=\"og:description\" content=\"No \u00faltimo dia 16 a UFSJ foi selecionada, dentre 12 entidades, para a implanta\u00e7\u00e3o de uma emissora de r\u00e1dio FM educativa. A concess\u00e3o \u00e9 resultado do Edital de Sele\u00e7\u00e3o P\u00fablica do Plano Nacional de Outogras Educativas (PNO), a\u00e7\u00e3o do Minist\u00e9rio...\" \/>\n<meta property=\"og:url\" content=\"http:\/\/anu.ufsj.edu.br\/site\/radio\/ufsj-tera-radio-educativa\/\" \/>\n<meta property=\"og:site_name\" content=\"Jornalismo UFSJ\" \/>\n<meta property=\"article:publisher\" content=\"https:\/\/www.facebook.com\/jornalismoufsj\/\" \/>\n<meta property=\"article:published_time\" content=\"2016-03-02T17:23:00+00:00\" \/>\n<meta name=\"twitter:card\" content=\"summary_large_image\" \/>\n<meta name=\"twitter:creator\" content=\"@jornalismoufsj\" \/>\n<meta name=\"twitter:site\" content=\"@jornalismoufsj\" \/>\n<meta name=\"twitter:label1\" content=\"Escrito por\" \/>\n\t<meta name=\"twitter:data1\" content=\"\" \/>\n\t<meta name=\"twitter:label2\" content=\"Est. tempo de leitura\" \/>\n\t<meta name=\"twitter:data2\" content=\"2 minutos\" \/>\n<script type=\"application\/ld+json\" class=\"yoast-schema-graph\">{\"@context\":\"https:\/\/schema.org\",\"@graph\":[{\"@type\":\"WebPage\",\"@id\":\"http:\/\/anu.ufsj.edu.br\/site\/radio\/ufsj-tera-radio-educativa\/\",\"url\":\"http:\/\/anu.ufsj.edu.br\/site\/radio\/ufsj-tera-radio-educativa\/\",\"name\":\"Sintonize! UFSJ ter\u00e1 r\u00e1dio educativa - Jornalismo UFSJ\",\"isPartOf\":{\"@id\":\"http:\/\/jornalismo.ufsj.edu.br\/site\/#website\"},\"datePublished\":\"2016-03-02T17:23:00+00:00\",\"dateModified\":\"2016-03-02T17:23:00+00:00\",\"author\":{\"@id\":\"\"},\"breadcrumb\":{\"@id\":\"http:\/\/anu.ufsj.edu.br\/site\/radio\/ufsj-tera-radio-educativa\/#breadcrumb\"},\"inLanguage\":\"pt-BR\",\"potentialAction\":[{\"@type\":\"ReadAction\",\"target\":[\"http:\/\/anu.ufsj.edu.br\/site\/radio\/ufsj-tera-radio-educativa\/\"]}]},{\"@type\":\"BreadcrumbList\",\"@id\":\"http:\/\/anu.ufsj.edu.br\/site\/radio\/ufsj-tera-radio-educativa\/#breadcrumb\",\"itemListElement\":[{\"@type\":\"ListItem\",\"position\":1,\"name\":\"In\u00edcio\",\"item\":\"http:\/\/jornalismo.ufsj.edu.br\/site\/\"},{\"@type\":\"ListItem\",\"position\":2,\"name\":\"Sintonize! UFSJ ter\u00e1 r\u00e1dio educativa\"}]},{\"@type\":\"WebSite\",\"@id\":\"http:\/\/jornalismo.ufsj.edu.br\/site\/#website\",\"url\":\"http:\/\/jornalismo.ufsj.edu.br\/site\/\",\"name\":\"Jornalismo UFSJ\",\"description\":\"\",\"potentialAction\":[{\"@type\":\"SearchAction\",\"target\":{\"@type\":\"EntryPoint\",\"urlTemplate\":\"http:\/\/jornalismo.ufsj.edu.br\/site\/?s={search_term_string}\"},\"query-input\":\"required name=search_term_string\"}],\"inLanguage\":\"pt-BR\"},{\"@type\":\"Person\",\"@id\":\"\"}]}<\/script>\n<!-- \/ Yoast SEO plugin. -->","yoast_head_json":{"title":"Sintonize! UFSJ ter\u00e1 r\u00e1dio educativa - Jornalismo UFSJ","robots":{"index":"index","follow":"follow","max-snippet":"max-snippet:-1","max-image-preview":"max-image-preview:large","max-video-preview":"max-video-preview:-1"},"canonical":"http:\/\/anu.ufsj.edu.br\/site\/radio\/ufsj-tera-radio-educativa\/","og_locale":"pt_BR","og_type":"article","og_title":"Sintonize! UFSJ ter\u00e1 r\u00e1dio educativa - Jornalismo UFSJ","og_description":"No \u00faltimo dia 16 a UFSJ foi selecionada, dentre 12 entidades, para a implanta\u00e7\u00e3o de uma emissora de r\u00e1dio FM educativa. A concess\u00e3o \u00e9 resultado do Edital de Sele\u00e7\u00e3o P\u00fablica do Plano Nacional de Outogras Educativas (PNO), a\u00e7\u00e3o do Minist\u00e9rio...","og_url":"http:\/\/anu.ufsj.edu.br\/site\/radio\/ufsj-tera-radio-educativa\/","og_site_name":"Jornalismo UFSJ","article_publisher":"https:\/\/www.facebook.com\/jornalismoufsj\/","article_published_time":"2016-03-02T17:23:00+00:00","twitter_card":"summary_large_image","twitter_creator":"@jornalismoufsj","twitter_site":"@jornalismoufsj","twitter_misc":{"Escrito por":"","Est. tempo de leitura":"2 minutos"},"schema":{"@context":"https:\/\/schema.org","@graph":[{"@type":"WebPage","@id":"http:\/\/anu.ufsj.edu.br\/site\/radio\/ufsj-tera-radio-educativa\/","url":"http:\/\/anu.ufsj.edu.br\/site\/radio\/ufsj-tera-radio-educativa\/","name":"Sintonize! UFSJ ter\u00e1 r\u00e1dio educativa - Jornalismo UFSJ","isPartOf":{"@id":"http:\/\/jornalismo.ufsj.edu.br\/site\/#website"},"datePublished":"2016-03-02T17:23:00+00:00","dateModified":"2016-03-02T17:23:00+00:00","author":{"@id":""},"breadcrumb":{"@id":"http:\/\/anu.ufsj.edu.br\/site\/radio\/ufsj-tera-radio-educativa\/#breadcrumb"},"inLanguage":"pt-BR","potentialAction":[{"@type":"ReadAction","target":["http:\/\/anu.ufsj.edu.br\/site\/radio\/ufsj-tera-radio-educativa\/"]}]},{"@type":"BreadcrumbList","@id":"http:\/\/anu.ufsj.edu.br\/site\/radio\/ufsj-tera-radio-educativa\/#breadcrumb","itemListElement":[{"@type":"ListItem","position":1,"name":"In\u00edcio","item":"http:\/\/jornalismo.ufsj.edu.br\/site\/"},{"@type":"ListItem","position":2,"name":"Sintonize! UFSJ ter\u00e1 r\u00e1dio educativa"}]},{"@type":"WebSite","@id":"http:\/\/jornalismo.ufsj.edu.br\/site\/#website","url":"http:\/\/jornalismo.ufsj.edu.br\/site\/","name":"Jornalismo UFSJ","description":"","potentialAction":[{"@type":"SearchAction","target":{"@type":"EntryPoint","urlTemplate":"http:\/\/jornalismo.ufsj.edu.br\/site\/?s={search_term_string}"},"query-input":"required name=search_term_string"}],"inLanguage":"pt-BR"},{"@type":"Person","@id":""}]}},"jetpack_featured_media_url":"","_links":{"self":[{"href":"http:\/\/jornalismo.ufsj.edu.br\/site\/wp-json\/wp\/v2\/posts\/1245"}],"collection":[{"href":"http:\/\/jornalismo.ufsj.edu.br\/site\/wp-json\/wp\/v2\/posts"}],"about":[{"href":"http:\/\/jornalismo.ufsj.edu.br\/site\/wp-json\/wp\/v2\/types\/post"}],"author":[{"embeddable":true,"href":"http:\/\/jornalismo.ufsj.edu.br\/site\/wp-json\/wp\/v2\/users\/3"}],"replies":[{"embeddable":true,"href":"http:\/\/jornalismo.ufsj.edu.br\/site\/wp-json\/wp\/v2\/comments?post=1245"}],"version-history":[{"count":0,"href":"http:\/\/jornalismo.ufsj.edu.br\/site\/wp-json\/wp\/v2\/posts\/1245\/revisions"}],"wp:featuredmedia":[{"embeddable":true,"href":"http:\/\/jornalismo.ufsj.edu.br\/site\/wp-json\/"}],"wp:attachment":[{"href":"http:\/\/jornalismo.ufsj.edu.br\/site\/wp-json\/wp\/v2\/media?parent=1245"}],"wp:term":[{"taxonomy":"category","embeddable":true,"href":"http:\/\/jornalismo.ufsj.edu.br\/site\/wp-json\/wp\/v2\/categories?post=1245"},{"taxonomy":"post_tag","embeddable":true,"href":"http:\/\/jornalismo.ufsj.edu.br\/site\/wp-json\/wp\/v2\/tags?post=1245"}],"curies":[{"name":"wp","href":"https:\/\/api.w.org\/{rel}","templated":true}]}}