{"id":1135,"date":"2012-12-12T00:17:00","date_gmt":"2012-12-12T00:17:00","guid":{"rendered":"http:\/\/jornalismo.ufsj.edu.br\/2012\/12\/12\/empresa-jr-de-jornalismo-participa-de-campanha-solidaria"},"modified":"2012-12-12T00:17:00","modified_gmt":"2012-12-12T00:17:00","slug":"empresa-jr-de-jornalismo-participa-de-campanha-solidaria","status":"publish","type":"post","link":"http:\/\/jornalismo.ufsj.edu.br\/site\/sem-categoria\/empresa-jr-de-jornalismo-participa-de-campanha-solidaria\/","title":{"rendered":"Empresa Jr de Jornalismo participa de campanha solid\u00e1ria"},"content":{"rendered":"<p><\/p>\n<div class=\"separator\" style=\"clear:both;text-align:center;\"><\/div>\n<div class=\"separator\" style=\"clear:both;text-align:center;\"><\/div>\n<div class=\"separator\" style=\"clear:both;text-align:center;\"><\/div>\n<div class=\"separator\" style=\"clear:both;text-align:center;\"><\/div>\n<div class=\"separator\" style=\"clear:both;text-align:center;\"><\/div>\n<div class=\"separator\" style=\"clear:both;text-align:center;\"><\/div>\n<div class=\"separator\" style=\"clear:both;text-align:center;\"><\/div>\n<div class=\"separator\" style=\"clear:both;text-align:center;\"><a href=\"https:\/\/jornalismou.files.wordpress.com\/2012\/12\/abe54-natalsolidario.jpg\" style=\"clear:left;float:left;margin-bottom:1em;margin-right:1em;\"><img border=\"0\" src=\"https:\/\/jornalismou.files.wordpress.com\/2012\/12\/abe54-natalsolidario.jpg\" \/><\/a><\/div>\n<p><span style=\"line-height:24px;\">Neste final de ano, que tal ser o Papai Noel de uma crian\u00e7a? A Mosaico Comunica\u00e7\u00e3o J\u00fanior, juntamente com outras empresas juniores da UFSJ, atrav\u00e9s da Central de Empresas Juniores (Cenje), em parceria com o Programa Cidad\u00e3o de A\u00e7\u00e3o e Desenvolvimento do Terceiro Setor (Procad), est\u00e3o realizando a campanha Noel Solid\u00e1rio.<\/span><br \/><span style=\"line-height:24px;\"><br \/><\/span><span style=\"line-height:24px;\">Ser\u00e3o mais de 300 crian\u00e7as de sete creches s\u00e3o-joanenses beneficiadas: Casa Assistencial Semente do Amanh\u00e3; SACE; Risoleta Neves; Santa Clara; Celina Viegas; Menino Jesus de Praga; e Lar Solid\u00e1rio. Quem quiser ajudar, pode doar um brinquedo, que esteja em boas condi\u00e7\u00f5es de uso; ou R$2.\u00a0<\/span><span style=\"line-height:24px;\">O dinheiro arrecadado ser\u00e1 destinado para a compra de brinquedos.\u00a0<\/span><br \/><span style=\"line-height:24px;\"><br \/><\/span><span style=\"line-height:24px;\">Procure os pontos de coleta nas cantinas dos campi da UFSJ em S\u00e3o Jo\u00e3o del-Rei, ou integrantes do Procad e das Empresas Juniores (Ejel, Mosaico, \u00f4mega, Din\u00e2mica, Sempre, Perfil e AgroBio) entre os dias 11 e 18 de dezembro.\u00a0<\/span><br \/><span style=\"line-height:24px;\"><br \/><\/span><span style=\"line-height:24px;\">Outras informa\u00e7\u00f5es: 3379-2532 (Ejel); 8825-9520 (Ana); marketing@dinamicajr.com.br.<\/span><\/p>\n<div style=\"text-align:right;\"><span style=\"line-height:24px;\">Reda\u00e7\u00e3o: Ana Pessoa<\/span><br \/><span style=\"line-height:24px;\"><b><a href=\"http:\/\/www.facebook.com\/pages\/Mosaico-Comunica%C3%A7%C3%A3o-Jr\/476324415722522\/\">Mosaico Comunica\u00e7\u00e3o Jr.<\/a><\/b>\u00a0<\/span><br \/><span style=\"line-height:24px;\">Edi\u00e7\u00e3o: Alessandra de Falco<\/span><\/div>\n","protected":false},"excerpt":{"rendered":"<p>Neste final de ano, que tal ser o Papai Noel de uma crian\u00e7a? A Mosaico Comunica\u00e7\u00e3o J\u00fanior, juntamente com outras empresas juniores da UFSJ, atrav\u00e9s da Central de Empresas Juniores (Cenje), em parceria com o Programa Cidad\u00e3o de A\u00e7\u00e3o e&#8230;<\/p>\n","protected":false},"author":3,"featured_media":0,"comment_status":"open","ping_status":"open","sticky":false,"template":"","format":"standard","meta":{"_monsterinsights_skip_tracking":false,"_monsterinsights_sitenote_active":false,"_monsterinsights_sitenote_note":"","_monsterinsights_sitenote_category":0},"categories":[70],"tags":[],"yoast_head":"<!-- This site is optimized with the Yoast SEO plugin v20.6 - https:\/\/yoast.com\/wordpress\/plugins\/seo\/ -->\n<title>Empresa Jr de Jornalismo participa de campanha solid\u00e1ria - Jornalismo UFSJ<\/title>\n<meta name=\"robots\" content=\"index, follow, max-snippet:-1, max-image-preview:large, max-video-preview:-1\" \/>\n<link rel=\"canonical\" href=\"http:\/\/jornalismo.ufsj.edu.br\/site\/sem-categoria\/empresa-jr-de-jornalismo-participa-de-campanha-solidaria\/\" \/>\n<meta property=\"og:locale\" content=\"pt_BR\" \/>\n<meta property=\"og:type\" content=\"article\" \/>\n<meta property=\"og:title\" content=\"Empresa Jr de Jornalismo participa de campanha solid\u00e1ria - Jornalismo UFSJ\" \/>\n<meta property=\"og:description\" content=\"Neste final de ano, que tal ser o Papai Noel de uma crian\u00e7a? A Mosaico Comunica\u00e7\u00e3o J\u00fanior, juntamente com outras empresas juniores da UFSJ, atrav\u00e9s da Central de Empresas Juniores (Cenje), em parceria com o Programa Cidad\u00e3o de A\u00e7\u00e3o e...\" \/>\n<meta property=\"og:url\" content=\"http:\/\/jornalismo.ufsj.edu.br\/site\/sem-categoria\/empresa-jr-de-jornalismo-participa-de-campanha-solidaria\/\" \/>\n<meta property=\"og:site_name\" content=\"Jornalismo UFSJ\" \/>\n<meta property=\"article:publisher\" content=\"https:\/\/www.facebook.com\/jornalismoufsj\/\" \/>\n<meta property=\"article:published_time\" content=\"2012-12-12T00:17:00+00:00\" \/>\n<meta property=\"og:image\" content=\"https:\/\/jornalismou.files.wordpress.com\/2012\/12\/abe54-natalsolidario.jpg\" \/>\n<meta name=\"twitter:card\" content=\"summary_large_image\" \/>\n<meta name=\"twitter:creator\" content=\"@jornalismoufsj\" \/>\n<meta name=\"twitter:site\" content=\"@jornalismoufsj\" \/>\n<meta name=\"twitter:label1\" content=\"Escrito por\" \/>\n\t<meta name=\"twitter:data1\" content=\"\" \/>\n\t<meta name=\"twitter:label2\" content=\"Est. tempo de leitura\" \/>\n\t<meta name=\"twitter:data2\" content=\"1 minuto\" \/>\n<script type=\"application\/ld+json\" class=\"yoast-schema-graph\">{\"@context\":\"https:\/\/schema.org\",\"@graph\":[{\"@type\":\"WebPage\",\"@id\":\"http:\/\/jornalismo.ufsj.edu.br\/site\/sem-categoria\/empresa-jr-de-jornalismo-participa-de-campanha-solidaria\/\",\"url\":\"http:\/\/jornalismo.ufsj.edu.br\/site\/sem-categoria\/empresa-jr-de-jornalismo-participa-de-campanha-solidaria\/\",\"name\":\"Empresa Jr de Jornalismo participa de campanha solid\u00e1ria - Jornalismo UFSJ\",\"isPartOf\":{\"@id\":\"https:\/\/jornalismo.ufsj.edu.br\/site\/#website\"},\"datePublished\":\"2012-12-12T00:17:00+00:00\",\"dateModified\":\"2012-12-12T00:17:00+00:00\",\"author\":{\"@id\":\"\"},\"breadcrumb\":{\"@id\":\"http:\/\/jornalismo.ufsj.edu.br\/site\/sem-categoria\/empresa-jr-de-jornalismo-participa-de-campanha-solidaria\/#breadcrumb\"},\"inLanguage\":\"pt-BR\",\"potentialAction\":[{\"@type\":\"ReadAction\",\"target\":[\"http:\/\/jornalismo.ufsj.edu.br\/site\/sem-categoria\/empresa-jr-de-jornalismo-participa-de-campanha-solidaria\/\"]}]},{\"@type\":\"BreadcrumbList\",\"@id\":\"http:\/\/jornalismo.ufsj.edu.br\/site\/sem-categoria\/empresa-jr-de-jornalismo-participa-de-campanha-solidaria\/#breadcrumb\",\"itemListElement\":[{\"@type\":\"ListItem\",\"position\":1,\"name\":\"In\u00edcio\",\"item\":\"https:\/\/jornalismo.ufsj.edu.br\/site\/\"},{\"@type\":\"ListItem\",\"position\":2,\"name\":\"Empresa Jr de Jornalismo participa de campanha solid\u00e1ria\"}]},{\"@type\":\"WebSite\",\"@id\":\"https:\/\/jornalismo.ufsj.edu.br\/site\/#website\",\"url\":\"https:\/\/jornalismo.ufsj.edu.br\/site\/\",\"name\":\"Jornalismo UFSJ\",\"description\":\"\",\"potentialAction\":[{\"@type\":\"SearchAction\",\"target\":{\"@type\":\"EntryPoint\",\"urlTemplate\":\"https:\/\/jornalismo.ufsj.edu.br\/site\/?s={search_term_string}\"},\"query-input\":\"required name=search_term_string\"}],\"inLanguage\":\"pt-BR\"},{\"@type\":\"Person\",\"@id\":\"\"}]}<\/script>\n<!-- \/ Yoast SEO plugin. -->","yoast_head_json":{"title":"Empresa Jr de Jornalismo participa de campanha solid\u00e1ria - Jornalismo UFSJ","robots":{"index":"index","follow":"follow","max-snippet":"max-snippet:-1","max-image-preview":"max-image-preview:large","max-video-preview":"max-video-preview:-1"},"canonical":"http:\/\/jornalismo.ufsj.edu.br\/site\/sem-categoria\/empresa-jr-de-jornalismo-participa-de-campanha-solidaria\/","og_locale":"pt_BR","og_type":"article","og_title":"Empresa Jr de Jornalismo participa de campanha solid\u00e1ria - Jornalismo UFSJ","og_description":"Neste final de ano, que tal ser o Papai Noel de uma crian\u00e7a? A Mosaico Comunica\u00e7\u00e3o J\u00fanior, juntamente com outras empresas juniores da UFSJ, atrav\u00e9s da Central de Empresas Juniores (Cenje), em parceria com o Programa Cidad\u00e3o de A\u00e7\u00e3o e...","og_url":"http:\/\/jornalismo.ufsj.edu.br\/site\/sem-categoria\/empresa-jr-de-jornalismo-participa-de-campanha-solidaria\/","og_site_name":"Jornalismo UFSJ","article_publisher":"https:\/\/www.facebook.com\/jornalismoufsj\/","article_published_time":"2012-12-12T00:17:00+00:00","og_image":[{"url":"https:\/\/jornalismou.files.wordpress.com\/2012\/12\/abe54-natalsolidario.jpg"}],"twitter_card":"summary_large_image","twitter_creator":"@jornalismoufsj","twitter_site":"@jornalismoufsj","twitter_misc":{"Escrito por":"","Est. tempo de leitura":"1 minuto"},"schema":{"@context":"https:\/\/schema.org","@graph":[{"@type":"WebPage","@id":"http:\/\/jornalismo.ufsj.edu.br\/site\/sem-categoria\/empresa-jr-de-jornalismo-participa-de-campanha-solidaria\/","url":"http:\/\/jornalismo.ufsj.edu.br\/site\/sem-categoria\/empresa-jr-de-jornalismo-participa-de-campanha-solidaria\/","name":"Empresa Jr de Jornalismo participa de campanha solid\u00e1ria - Jornalismo UFSJ","isPartOf":{"@id":"https:\/\/jornalismo.ufsj.edu.br\/site\/#website"},"datePublished":"2012-12-12T00:17:00+00:00","dateModified":"2012-12-12T00:17:00+00:00","author":{"@id":""},"breadcrumb":{"@id":"http:\/\/jornalismo.ufsj.edu.br\/site\/sem-categoria\/empresa-jr-de-jornalismo-participa-de-campanha-solidaria\/#breadcrumb"},"inLanguage":"pt-BR","potentialAction":[{"@type":"ReadAction","target":["http:\/\/jornalismo.ufsj.edu.br\/site\/sem-categoria\/empresa-jr-de-jornalismo-participa-de-campanha-solidaria\/"]}]},{"@type":"BreadcrumbList","@id":"http:\/\/jornalismo.ufsj.edu.br\/site\/sem-categoria\/empresa-jr-de-jornalismo-participa-de-campanha-solidaria\/#breadcrumb","itemListElement":[{"@type":"ListItem","position":1,"name":"In\u00edcio","item":"https:\/\/jornalismo.ufsj.edu.br\/site\/"},{"@type":"ListItem","position":2,"name":"Empresa Jr de Jornalismo participa de campanha solid\u00e1ria"}]},{"@type":"WebSite","@id":"https:\/\/jornalismo.ufsj.edu.br\/site\/#website","url":"https:\/\/jornalismo.ufsj.edu.br\/site\/","name":"Jornalismo UFSJ","description":"","potentialAction":[{"@type":"SearchAction","target":{"@type":"EntryPoint","urlTemplate":"https:\/\/jornalismo.ufsj.edu.br\/site\/?s={search_term_string}"},"query-input":"required name=search_term_string"}],"inLanguage":"pt-BR"},{"@type":"Person","@id":""}]}},"jetpack_featured_media_url":"","_links":{"self":[{"href":"http:\/\/jornalismo.ufsj.edu.br\/site\/wp-json\/wp\/v2\/posts\/1135"}],"collection":[{"href":"http:\/\/jornalismo.ufsj.edu.br\/site\/wp-json\/wp\/v2\/posts"}],"about":[{"href":"http:\/\/jornalismo.ufsj.edu.br\/site\/wp-json\/wp\/v2\/types\/post"}],"author":[{"embeddable":true,"href":"http:\/\/jornalismo.ufsj.edu.br\/site\/wp-json\/wp\/v2\/users\/3"}],"replies":[{"embeddable":true,"href":"http:\/\/jornalismo.ufsj.edu.br\/site\/wp-json\/wp\/v2\/comments?post=1135"}],"version-history":[{"count":0,"href":"http:\/\/jornalismo.ufsj.edu.br\/site\/wp-json\/wp\/v2\/posts\/1135\/revisions"}],"wp:attachment":[{"href":"http:\/\/jornalismo.ufsj.edu.br\/site\/wp-json\/wp\/v2\/media?parent=1135"}],"wp:term":[{"taxonomy":"category","embeddable":true,"href":"http:\/\/jornalismo.ufsj.edu.br\/site\/wp-json\/wp\/v2\/categories?post=1135"},{"taxonomy":"post_tag","embeddable":true,"href":"http:\/\/jornalismo.ufsj.edu.br\/site\/wp-json\/wp\/v2\/tags?post=1135"}],"curies":[{"name":"wp","href":"https:\/\/api.w.org\/{rel}","templated":true}]}}