{"id":1131,"date":"2013-01-30T18:58:00","date_gmt":"2013-01-30T18:58:00","guid":{"rendered":"http:\/\/jornalismo.ufsj.edu.br\/2013\/01\/30\/aluno-de-jornalismo-participa-de-intercambio-nos-eua"},"modified":"2013-01-30T18:58:00","modified_gmt":"2013-01-30T18:58:00","slug":"aluno-de-jornalismo-participa-de-intercambio-nos-eua","status":"publish","type":"post","link":"http:\/\/jornalismo.ufsj.edu.br\/site\/sem-categoria\/aluno-de-jornalismo-participa-de-intercambio-nos-eua\/","title":{"rendered":"Aluno de Jornalismo participa de interc\u00e2mbio nos EUA"},"content":{"rendered":"<div class=\"separator\" style=\"clear:both;text-align:center;\"><\/div>\n<table cellpadding=\"0\" cellspacing=\"0\" class=\"tr-caption-container\" style=\"float:left;margin-right:1em;text-align:left;\">\n<tbody>\n<tr>\n<td style=\"text-align:center;\"><a href=\"https:\/\/jornalismou.files.wordpress.com\/2013\/01\/708eb-eua.jpg\" style=\"clear:left;margin-bottom:1em;margin-left:auto;margin-right:auto;\"><img loading=\"lazy\" border=\"0\" height=\"240\" src=\"https:\/\/jornalismou.files.wordpress.com\/2013\/01\/708eb-eua.jpg?w=300\" width=\"320\" \/><\/a><\/td>\n<\/tr>\n<tr>\n<td class=\"tr-caption\" style=\"text-align:center;\">Foto: Divulga\u00e7\u00e3o<\/td>\n<\/tr>\n<\/tbody>\n<\/table>\n<p><span style=\"line-height:24px;\">Desde 2005 a UFSJ mant\u00e9m um acordo com a New Mexico State University (NMSU), nos Estados Unidos. A partir de 2008, por meio desse acordo e por interm\u00e9dio da Assessoria para Assuntos Internacionais (<\/span><span style=\"line-height:24px;\">ASSIN)<\/span><span style=\"line-height:24px;\">, as duas institui\u00e7\u00f5es passaram a enviar e receber alunos, todos os anos.<\/span><br \/><span style=\"line-height:24px;\"><br \/><\/span><span style=\"line-height:24px;\">\u00a0A a\u00e7\u00e3o visa oferecer para os estudantes a oportunidade de participar da vida acad\u00eamica de outro pa\u00eds, possibilitando experi\u00eancias diversificadas.  A UFSJ j\u00e1 enviou 14 alunos para o Novo M\u00e9xico, pelo Programa de Interc\u00e2mbio Acad\u00eamico Internacional para Gradua\u00e7\u00e3o (PAINT).\u00a0<\/span><br \/><span style=\"line-height:24px;\"><br \/><\/span><span style=\"line-height:24px;\">No ano de 2013, s\u00f3 o estudante de Jornalismo, Marcelo Alves, est\u00e1 participando do interc\u00e2mbio. Ele est\u00e1 no pa\u00eds h\u00e1 pouco menos de um m\u00eas, e conta como est\u00e1 sendo a experi\u00eancia, at\u00e9 agora. Segundo Marcelo, a recep\u00e7\u00e3o nos Estados Unidos n\u00e3o poderia ter sido melhor. Os intercambistas recebem, logo na primeira semana, diversas atividades para conhecer a Universidade, al\u00e9m de kits e materiais para ajud\u00e1-los logo.\u00a0<\/span><br \/><span style=\"line-height:24px;\"><br \/><\/span><span style=\"line-height:24px;\">Nesse ano, a NMSU recebeu cerca de 60 intercambistas, de diversas partes do mundo. \u201cO mais legal \u00e9 que eles designam um embaixador para cada um. Essa pessoa fica por conta de quebrar galhos: levar para fazer compras, dar carona, etc\u201d, conta ele.\u00a0<\/span><br \/><span style=\"line-height:24px;\"><br \/><\/span><span style=\"line-height:24px;\">A faculdade tamb\u00e9m oferece uma boa estrutura para os estudantes. O complexo onde Marcelo est\u00e1 morando conta com um centro de atividades, onde h\u00e1 uma loja, laborat\u00f3rio de inform\u00e1tica, academia e lavanderia.\u00a0<\/span><span style=\"line-height:24px;\">Al\u00e9m disso, o apartamento, de dois quartos mobiliados, fica a 10 minutos das salas de aula. \u201cMoro no Vista del Monte Apartments, um dos complexos constru\u00eddos pela NMSU para alugar para estudantes. Aqui fica o Global Village, blocos onde todos os intercambistas vivem\u201d, explica Marcelo.\u00a0<\/span><br \/><span style=\"line-height:24px;\"><br \/><\/span><span style=\"line-height:24px;\">Logo nos primeiros dias, Marcelo foi aprovado em um est\u00e1gio na TV da faculdade, a News 22. A princ\u00edpio, o trabalho seria de edi\u00e7\u00e3o, mas ele explica que esse \u00e9 o seu primeiro contato com a televis\u00e3o. \u00a0\u201cTerei antes que passar por diversas fun\u00e7\u00f5es no notici\u00e1rio televisivo, como opera\u00e7\u00e3o de c\u00e2meras, teleprompter, ilumina\u00e7\u00e3o, at\u00e9 um pouco de produ\u00e7\u00e3o e apura\u00e7\u00e3o\u201d, conta.\u00a0<\/span><span style=\"line-height:24px;\">O jornal produzido pela equipe de 40 pessoas abrange toda a regi\u00e3o e \u00e9 transmitido ao vivo em dois idiomas.\u00a0<\/span><br \/><span style=\"line-height:24px;\"><br \/><\/span><span style=\"line-height:24px;\">Quanto ao curso de Jornalismo, Marcelo explica que a din\u00e2mica das aulas n\u00e3o \u00e9 t\u00e3o diferente da UFSJ, apesar de ser um pouco mais exigente quanto ao acompanhamento do conte\u00fado. \u201cO formato das aulas mescla conte\u00fado online com trabalhos, palestras, aulas, leituras e atividades pr\u00e1ticas\u201d, explica.\u00a0<\/span><br \/><span style=\"line-height:24px;\"><br \/><\/span><span style=\"line-height:24px;\">Na NMSU existem os cursos de Jornalismo e de Comunica\u00e7\u00e3o e Audiovisual. Segundo Marcelo, eles s\u00e3o separados e t\u00eam perfis bem diferentes, mas acabam desenvolvendo v\u00e1rios projetos em parceria. \u201cEmbora tenham contato com pesquisa nas mat\u00e9rias te\u00f3ricas, o corpo discente \u00e9 preparado para ter uma vis\u00e3o multiplataforma da produ\u00e7\u00e3o jornal\u00edstica e trabalhar com diversos formatos de conte\u00fado no mercado de trabalho\u201d, conta.\u00a0<\/span><br \/><span style=\"line-height:24px;\"><br \/><\/span><span style=\"line-height:24px;\">Para se informar sobre o programa, basta acessar o site da ASSIN: <a href=\"http:\/\/www.ufsj.edu.br\/assin\"><b>www.ufsj.edu.br\/assin<\/b><\/a>. Al\u00e9m de ter acesso aos editais e calend\u00e1rio, h\u00e1 a possibilidade de ler sobre as experi\u00eancias de outros intercambistas. .\u00a0<\/span><\/p>\n<div style=\"text-align:right;\"><span style=\"line-height:24px;\">Reda\u00e7\u00e3o: \u00a0Marina \u00a0Tar\u00f4co<\/span><br \/><span style=\"line-height:24px;\"><b><a href=\"http:\/\/www.facebook.com\/pages\/Mosaico-Comunica%C3%A7%C3%A3o-Jr\/476324415722522\/\">Mosaico Comunica\u00e7\u00e3o Jr.<\/a><\/b>\u00a0<\/span><br \/><span style=\"line-height:24px;\">Edi\u00e7\u00e3o: Alessandra de Falco<\/span><\/div>\n","protected":false},"excerpt":{"rendered":"<p>Foto: Divulga\u00e7\u00e3o Desde 2005 a UFSJ mant\u00e9m um acordo com a New Mexico State University (NMSU), nos Estados Unidos. A partir de 2008, por meio desse acordo e por interm\u00e9dio da Assessoria para Assuntos Internacionais (ASSIN), as duas institui\u00e7\u00f5es passaram&#8230;<\/p>\n","protected":false},"author":3,"featured_media":0,"comment_status":"open","ping_status":"open","sticky":false,"template":"","format":"standard","meta":{"_monsterinsights_skip_tracking":false,"_monsterinsights_sitenote_active":false,"_monsterinsights_sitenote_note":"","_monsterinsights_sitenote_category":0},"categories":[70],"tags":[],"yoast_head":"<!-- This site is optimized with the Yoast SEO plugin v20.6 - https:\/\/yoast.com\/wordpress\/plugins\/seo\/ -->\n<title>Aluno de Jornalismo participa de interc\u00e2mbio nos EUA - Jornalismo UFSJ<\/title>\n<meta name=\"robots\" content=\"index, follow, max-snippet:-1, max-image-preview:large, max-video-preview:-1\" \/>\n<link rel=\"canonical\" href=\"http:\/\/jornalismo.ufsj.edu.br\/site\/sem-categoria\/aluno-de-jornalismo-participa-de-intercambio-nos-eua\/\" \/>\n<meta property=\"og:locale\" content=\"pt_BR\" \/>\n<meta property=\"og:type\" content=\"article\" \/>\n<meta property=\"og:title\" content=\"Aluno de Jornalismo participa de interc\u00e2mbio nos EUA - Jornalismo UFSJ\" \/>\n<meta property=\"og:description\" content=\"Foto: Divulga\u00e7\u00e3o Desde 2005 a UFSJ mant\u00e9m um acordo com a New Mexico State University (NMSU), nos Estados Unidos. A partir de 2008, por meio desse acordo e por interm\u00e9dio da Assessoria para Assuntos Internacionais (ASSIN), as duas institui\u00e7\u00f5es passaram...\" \/>\n<meta property=\"og:url\" content=\"http:\/\/jornalismo.ufsj.edu.br\/site\/sem-categoria\/aluno-de-jornalismo-participa-de-intercambio-nos-eua\/\" \/>\n<meta property=\"og:site_name\" content=\"Jornalismo UFSJ\" \/>\n<meta property=\"article:publisher\" content=\"https:\/\/www.facebook.com\/jornalismoufsj\/\" \/>\n<meta property=\"article:published_time\" content=\"2013-01-30T18:58:00+00:00\" \/>\n<meta property=\"og:image\" content=\"https:\/\/jornalismou.files.wordpress.com\/2013\/01\/708eb-eua.jpg?w=300\" \/>\n<meta name=\"twitter:card\" content=\"summary_large_image\" \/>\n<meta name=\"twitter:creator\" content=\"@jornalismoufsj\" \/>\n<meta name=\"twitter:site\" content=\"@jornalismoufsj\" \/>\n<meta name=\"twitter:label1\" content=\"Escrito por\" \/>\n\t<meta name=\"twitter:data1\" content=\"\" \/>\n\t<meta name=\"twitter:label2\" content=\"Est. tempo de leitura\" \/>\n\t<meta name=\"twitter:data2\" content=\"3 minutos\" \/>\n<script type=\"application\/ld+json\" class=\"yoast-schema-graph\">{\"@context\":\"https:\/\/schema.org\",\"@graph\":[{\"@type\":\"WebPage\",\"@id\":\"http:\/\/jornalismo.ufsj.edu.br\/site\/sem-categoria\/aluno-de-jornalismo-participa-de-intercambio-nos-eua\/\",\"url\":\"http:\/\/jornalismo.ufsj.edu.br\/site\/sem-categoria\/aluno-de-jornalismo-participa-de-intercambio-nos-eua\/\",\"name\":\"Aluno de Jornalismo participa de interc\u00e2mbio nos EUA - Jornalismo UFSJ\",\"isPartOf\":{\"@id\":\"https:\/\/jornalismo.ufsj.edu.br\/site\/#website\"},\"datePublished\":\"2013-01-30T18:58:00+00:00\",\"dateModified\":\"2013-01-30T18:58:00+00:00\",\"author\":{\"@id\":\"\"},\"breadcrumb\":{\"@id\":\"http:\/\/jornalismo.ufsj.edu.br\/site\/sem-categoria\/aluno-de-jornalismo-participa-de-intercambio-nos-eua\/#breadcrumb\"},\"inLanguage\":\"pt-BR\",\"potentialAction\":[{\"@type\":\"ReadAction\",\"target\":[\"http:\/\/jornalismo.ufsj.edu.br\/site\/sem-categoria\/aluno-de-jornalismo-participa-de-intercambio-nos-eua\/\"]}]},{\"@type\":\"BreadcrumbList\",\"@id\":\"http:\/\/jornalismo.ufsj.edu.br\/site\/sem-categoria\/aluno-de-jornalismo-participa-de-intercambio-nos-eua\/#breadcrumb\",\"itemListElement\":[{\"@type\":\"ListItem\",\"position\":1,\"name\":\"In\u00edcio\",\"item\":\"https:\/\/jornalismo.ufsj.edu.br\/site\/\"},{\"@type\":\"ListItem\",\"position\":2,\"name\":\"Aluno de Jornalismo participa de interc\u00e2mbio nos EUA\"}]},{\"@type\":\"WebSite\",\"@id\":\"https:\/\/jornalismo.ufsj.edu.br\/site\/#website\",\"url\":\"https:\/\/jornalismo.ufsj.edu.br\/site\/\",\"name\":\"Jornalismo UFSJ\",\"description\":\"\",\"potentialAction\":[{\"@type\":\"SearchAction\",\"target\":{\"@type\":\"EntryPoint\",\"urlTemplate\":\"https:\/\/jornalismo.ufsj.edu.br\/site\/?s={search_term_string}\"},\"query-input\":\"required name=search_term_string\"}],\"inLanguage\":\"pt-BR\"},{\"@type\":\"Person\",\"@id\":\"\"}]}<\/script>\n<!-- \/ Yoast SEO plugin. -->","yoast_head_json":{"title":"Aluno de Jornalismo participa de interc\u00e2mbio nos EUA - Jornalismo UFSJ","robots":{"index":"index","follow":"follow","max-snippet":"max-snippet:-1","max-image-preview":"max-image-preview:large","max-video-preview":"max-video-preview:-1"},"canonical":"http:\/\/jornalismo.ufsj.edu.br\/site\/sem-categoria\/aluno-de-jornalismo-participa-de-intercambio-nos-eua\/","og_locale":"pt_BR","og_type":"article","og_title":"Aluno de Jornalismo participa de interc\u00e2mbio nos EUA - Jornalismo UFSJ","og_description":"Foto: Divulga\u00e7\u00e3o Desde 2005 a UFSJ mant\u00e9m um acordo com a New Mexico State University (NMSU), nos Estados Unidos. A partir de 2008, por meio desse acordo e por interm\u00e9dio da Assessoria para Assuntos Internacionais (ASSIN), as duas institui\u00e7\u00f5es passaram...","og_url":"http:\/\/jornalismo.ufsj.edu.br\/site\/sem-categoria\/aluno-de-jornalismo-participa-de-intercambio-nos-eua\/","og_site_name":"Jornalismo UFSJ","article_publisher":"https:\/\/www.facebook.com\/jornalismoufsj\/","article_published_time":"2013-01-30T18:58:00+00:00","og_image":[{"url":"https:\/\/jornalismou.files.wordpress.com\/2013\/01\/708eb-eua.jpg?w=300"}],"twitter_card":"summary_large_image","twitter_creator":"@jornalismoufsj","twitter_site":"@jornalismoufsj","twitter_misc":{"Escrito por":"","Est. tempo de leitura":"3 minutos"},"schema":{"@context":"https:\/\/schema.org","@graph":[{"@type":"WebPage","@id":"http:\/\/jornalismo.ufsj.edu.br\/site\/sem-categoria\/aluno-de-jornalismo-participa-de-intercambio-nos-eua\/","url":"http:\/\/jornalismo.ufsj.edu.br\/site\/sem-categoria\/aluno-de-jornalismo-participa-de-intercambio-nos-eua\/","name":"Aluno de Jornalismo participa de interc\u00e2mbio nos EUA - Jornalismo UFSJ","isPartOf":{"@id":"https:\/\/jornalismo.ufsj.edu.br\/site\/#website"},"datePublished":"2013-01-30T18:58:00+00:00","dateModified":"2013-01-30T18:58:00+00:00","author":{"@id":""},"breadcrumb":{"@id":"http:\/\/jornalismo.ufsj.edu.br\/site\/sem-categoria\/aluno-de-jornalismo-participa-de-intercambio-nos-eua\/#breadcrumb"},"inLanguage":"pt-BR","potentialAction":[{"@type":"ReadAction","target":["http:\/\/jornalismo.ufsj.edu.br\/site\/sem-categoria\/aluno-de-jornalismo-participa-de-intercambio-nos-eua\/"]}]},{"@type":"BreadcrumbList","@id":"http:\/\/jornalismo.ufsj.edu.br\/site\/sem-categoria\/aluno-de-jornalismo-participa-de-intercambio-nos-eua\/#breadcrumb","itemListElement":[{"@type":"ListItem","position":1,"name":"In\u00edcio","item":"https:\/\/jornalismo.ufsj.edu.br\/site\/"},{"@type":"ListItem","position":2,"name":"Aluno de Jornalismo participa de interc\u00e2mbio nos EUA"}]},{"@type":"WebSite","@id":"https:\/\/jornalismo.ufsj.edu.br\/site\/#website","url":"https:\/\/jornalismo.ufsj.edu.br\/site\/","name":"Jornalismo UFSJ","description":"","potentialAction":[{"@type":"SearchAction","target":{"@type":"EntryPoint","urlTemplate":"https:\/\/jornalismo.ufsj.edu.br\/site\/?s={search_term_string}"},"query-input":"required name=search_term_string"}],"inLanguage":"pt-BR"},{"@type":"Person","@id":""}]}},"jetpack_featured_media_url":"","_links":{"self":[{"href":"http:\/\/jornalismo.ufsj.edu.br\/site\/wp-json\/wp\/v2\/posts\/1131"}],"collection":[{"href":"http:\/\/jornalismo.ufsj.edu.br\/site\/wp-json\/wp\/v2\/posts"}],"about":[{"href":"http:\/\/jornalismo.ufsj.edu.br\/site\/wp-json\/wp\/v2\/types\/post"}],"author":[{"embeddable":true,"href":"http:\/\/jornalismo.ufsj.edu.br\/site\/wp-json\/wp\/v2\/users\/3"}],"replies":[{"embeddable":true,"href":"http:\/\/jornalismo.ufsj.edu.br\/site\/wp-json\/wp\/v2\/comments?post=1131"}],"version-history":[{"count":0,"href":"http:\/\/jornalismo.ufsj.edu.br\/site\/wp-json\/wp\/v2\/posts\/1131\/revisions"}],"wp:attachment":[{"href":"http:\/\/jornalismo.ufsj.edu.br\/site\/wp-json\/wp\/v2\/media?parent=1131"}],"wp:term":[{"taxonomy":"category","embeddable":true,"href":"http:\/\/jornalismo.ufsj.edu.br\/site\/wp-json\/wp\/v2\/categories?post=1131"},{"taxonomy":"post_tag","embeddable":true,"href":"http:\/\/jornalismo.ufsj.edu.br\/site\/wp-json\/wp\/v2\/tags?post=1131"}],"curies":[{"name":"wp","href":"https:\/\/api.w.org\/{rel}","templated":true}]}}