{"id":1130,"date":"2013-02-04T18:30:00","date_gmt":"2013-02-04T18:30:00","guid":{"rendered":"http:\/\/jornalismo.ufsj.edu.br\/2013\/02\/04\/lei-de-incentivo-a-cultura-concede-mais-de-r-115-mil-para-projeto-de-jornalismo"},"modified":"2013-02-04T18:30:00","modified_gmt":"2013-02-04T18:30:00","slug":"lei-de-incentivo-a-cultura-concede-mais-de-r-115-mil-para-projeto-de-jornalismo","status":"publish","type":"post","link":"http:\/\/jornalismo.ufsj.edu.br\/site\/sem-categoria\/lei-de-incentivo-a-cultura-concede-mais-de-r-115-mil-para-projeto-de-jornalismo\/","title":{"rendered":"Lei de Incentivo \u00e0 Cultura concede mais de R$ 115 mil para projeto de Jornalismo"},"content":{"rendered":"<div class=\"separator\" style=\"clear:both;text-align:center;\"><\/div>\n<div style=\"text-align:left;\"><\/div>\n<table cellpadding=\"0\" cellspacing=\"0\" class=\"tr-caption-container\" style=\"float:left;margin-right:1em;text-align:left;\">\n<tbody>\n<tr>\n<td style=\"text-align:center;\"><a href=\"https:\/\/jornalismou.files.wordpress.com\/2013\/02\/207d3-fernanda.jpg\" style=\"clear:left;margin-bottom:1em;margin-left:auto;margin-right:auto;\"><img loading=\"lazy\" border=\"0\" height=\"320\" src=\"https:\/\/jornalismou.files.wordpress.com\/2013\/02\/207d3-fernanda.jpg?w=140\" width=\"149\" \/><\/a><\/td>\n<\/tr>\n<tr>\n<td class=\"tr-caption\" style=\"text-align:center;\">Foto: Divulga\u00e7\u00e3o<\/td>\n<\/tr>\n<\/tbody>\n<\/table>\n<p><span style=\"line-height:24px;\">A aluna Mariana Fernandes, do 6\u00ba per\u00edodo do curso de Jornalismo da UFSJ, teve seu projeto &#8220;Terra dos Biscoitos Falantes&#8221; aprovado pela Lei Estadual de Incentivo \u00e0 Cultura de Minas Gerais (LEIC). O or\u00e7amento total de R$115.335,00 ser\u00e1 destinados a realiza\u00e7\u00e3o de um document\u00e1rio, cujo tema abordar\u00e1 as tradi\u00e7\u00f5es orais que envolvem a culin\u00e1ria artesanal dos biscoitos de S\u00e3o Tiago.\u00a0<\/span><br \/><span style=\"line-height:24px;\"><br \/><\/span><span style=\"line-height:24px;\">Mariana, que j\u00e1 \u00e9 graduada e p\u00f3s-graduada em filosofia pela UFSJ, conta que foi entre a Gradua\u00e7\u00e3o e a P\u00f3s que come\u00e7ou a se interessar pelo audiovisual. Foi quando decidiu escrever um projeto cineclubista para o Minist\u00e9rio da Cultura, o AudiovisUAI, que foi aprovado em 2010, onde \u00e9 discutido a linguagem cinematogr\u00e1fica, promovendo a inser\u00e7\u00e3o social da comunidade de S\u00e3o Tiago, sua cidade natal.<\/span><br \/><span style=\"line-height:24px;\"><br \/><\/span><span style=\"line-height:24px;\">Na mesma \u00e9poca, Mariana entrou para o curso de Comunica\u00e7\u00e3o da UFSJ, \u201cNo curso de Jornalismo foquei todo meu interesse em audiovisual e fortaleci a ideia que sempre me acompanhou, a comunica\u00e7\u00e3o regional\u201d, explica Mariana, que come\u00e7ou a realizar seus pr\u00f3prios document\u00e1rios. O primeiro deles \u201cCine Odeon &#8211; Mem\u00f3rias Sonoras\u201d foi produzido de forma totalmente independente, com apenas um c\u00e2mera fotogr\u00e1fica, quando ela ainda estava no in\u00edcio do curso de Jornalismo. Ele foi exibido na inaugura\u00e7\u00e3o do Cineclube AudiovisUai de S\u00e3o Tiago e tamb\u00e9m no Inverno Cultural da UFSJ.\u00a0<\/span><br \/><span style=\"line-height:24px;\"><br \/><\/span><\/p>\n<table cellpadding=\"0\" cellspacing=\"0\" class=\"tr-caption-container\" style=\"float:right;margin-left:1em;text-align:right;\">\n<tbody>\n<tr>\n<td style=\"text-align:center;\"><a href=\"https:\/\/jornalismou.files.wordpress.com\/2013\/02\/5edab-fernanda2.jpg\" style=\"clear:right;margin-bottom:1em;margin-left:auto;margin-right:auto;\"><img loading=\"lazy\" border=\"0\" height=\"320\" src=\"https:\/\/jornalismou.files.wordpress.com\/2013\/02\/5edab-fernanda2.jpg?w=169\" width=\"180\" \/><\/a><\/td>\n<\/tr>\n<tr>\n<td class=\"tr-caption\" style=\"text-align:center;\">Foto: Divulga\u00e7\u00e3o<\/td>\n<\/tr>\n<\/tbody>\n<\/table>\n<p><span style=\"line-height:24px;\">Aos poucos, Mariana foi aumentando suas produ\u00e7\u00f5es, fazendo parcerias com institui\u00e7\u00f5es culturais e prefeituras. Entre 2011 e 2012, ela realizou mais tr\u00eas document\u00e1rios independentes, al\u00e9m de trabalhos mais curtos em audiovisual e fotografia. Durante um ano desenvolveu o projeto \u201cTerra dos Biscoitos Falantes\u201d e conta que a aprova\u00e7\u00e3o dele na LEIC foi uma realiza\u00e7\u00e3o gratificante e que \u201cAgora \u00e9 desenvolver e executar a proposta com dedica\u00e7\u00e3o, pra que o resultado seja positivo e agrade ao p\u00fablico\u201d.\u00a0<\/span><br \/><span style=\"line-height:24px;\"><br \/><\/span><span style=\"line-height:24px;\">Ela explica que o document\u00e1rio ser\u00e1 l\u00fadico, misturando cenas reais e encena\u00e7\u00f5es, mostrando os costumes culturais que envolvem a gastronomia local, tais como poesias, cantigas, entre outros. O document\u00e1rio tem previs\u00e3o para ser lan\u00e7ado em dezembro de 2013.  Voc\u00ea pode conferir muitos dos trabalhos de Mariana em seu blog  <a href=\"http:\/\/www.marianacaputofernandes.blogspot.com.br\/\"><b>www.marianacaputofernandes.blogspot.com.br<\/b><\/a>.<\/span><br \/><span style=\"line-height:24px;\"><br \/><\/span><span style=\"line-height:24px;\">\u00a0<\/span><\/p>\n<div style=\"text-align:right;\"><span style=\"line-height:24px;\">Reda\u00e7\u00e3o: \u00a0Fernanda \u00a0Morais<\/span><br \/><span style=\"line-height:24px;\"><b><a href=\"http:\/\/www.facebook.com\/pages\/Mosaico-Comunica%C3%A7%C3%A3o-Jr\/476324415722522\/\">Mosaico Comunica\u00e7\u00e3o Jr.<\/a><\/b>\u00a0<\/span><br \/><span style=\"line-height:24px;\">Edi\u00e7\u00e3o: Alessandra de Falco<\/span><\/div>\n","protected":false},"excerpt":{"rendered":"<p>Foto: Divulga\u00e7\u00e3o A aluna Mariana Fernandes, do 6\u00ba per\u00edodo do curso de Jornalismo da UFSJ, teve seu projeto &#8220;Terra dos Biscoitos Falantes&#8221; aprovado pela Lei Estadual de Incentivo \u00e0 Cultura de Minas Gerais (LEIC). O or\u00e7amento total de R$115.335,00 ser\u00e1&#8230;<\/p>\n","protected":false},"author":3,"featured_media":0,"comment_status":"open","ping_status":"open","sticky":false,"template":"","format":"standard","meta":{"_monsterinsights_skip_tracking":false,"_monsterinsights_sitenote_active":false,"_monsterinsights_sitenote_note":"","_monsterinsights_sitenote_category":0},"categories":[70],"tags":[],"yoast_head":"<!-- This site is optimized with the Yoast SEO plugin v20.6 - https:\/\/yoast.com\/wordpress\/plugins\/seo\/ -->\n<title>Lei de Incentivo \u00e0 Cultura concede mais de R$ 115 mil para projeto de Jornalismo - Jornalismo UFSJ<\/title>\n<meta name=\"robots\" content=\"index, follow, max-snippet:-1, max-image-preview:large, max-video-preview:-1\" \/>\n<link rel=\"canonical\" href=\"http:\/\/jornalismo.ufsj.edu.br\/site\/sem-categoria\/lei-de-incentivo-a-cultura-concede-mais-de-r-115-mil-para-projeto-de-jornalismo\/\" \/>\n<meta property=\"og:locale\" content=\"pt_BR\" \/>\n<meta property=\"og:type\" content=\"article\" \/>\n<meta property=\"og:title\" content=\"Lei de Incentivo \u00e0 Cultura concede mais de R$ 115 mil para projeto de Jornalismo - Jornalismo UFSJ\" \/>\n<meta property=\"og:description\" content=\"Foto: Divulga\u00e7\u00e3o A aluna Mariana Fernandes, do 6\u00ba per\u00edodo do curso de Jornalismo da UFSJ, teve seu projeto &#8220;Terra dos Biscoitos Falantes&#8221; aprovado pela Lei Estadual de Incentivo \u00e0 Cultura de Minas Gerais (LEIC). O or\u00e7amento total de R$115.335,00 ser\u00e1...\" \/>\n<meta property=\"og:url\" content=\"http:\/\/jornalismo.ufsj.edu.br\/site\/sem-categoria\/lei-de-incentivo-a-cultura-concede-mais-de-r-115-mil-para-projeto-de-jornalismo\/\" \/>\n<meta property=\"og:site_name\" content=\"Jornalismo UFSJ\" \/>\n<meta property=\"article:publisher\" content=\"https:\/\/www.facebook.com\/jornalismoufsj\/\" \/>\n<meta property=\"article:published_time\" content=\"2013-02-04T18:30:00+00:00\" \/>\n<meta property=\"og:image\" content=\"https:\/\/jornalismou.files.wordpress.com\/2013\/02\/207d3-fernanda.jpg?w=140\" \/>\n<meta name=\"twitter:card\" content=\"summary_large_image\" \/>\n<meta name=\"twitter:creator\" content=\"@jornalismoufsj\" \/>\n<meta name=\"twitter:site\" content=\"@jornalismoufsj\" \/>\n<meta name=\"twitter:label1\" content=\"Escrito por\" \/>\n\t<meta name=\"twitter:data1\" content=\"\" \/>\n\t<meta name=\"twitter:label2\" content=\"Est. tempo de leitura\" \/>\n\t<meta name=\"twitter:data2\" content=\"2 minutos\" \/>\n<script type=\"application\/ld+json\" class=\"yoast-schema-graph\">{\"@context\":\"https:\/\/schema.org\",\"@graph\":[{\"@type\":\"WebPage\",\"@id\":\"http:\/\/jornalismo.ufsj.edu.br\/site\/sem-categoria\/lei-de-incentivo-a-cultura-concede-mais-de-r-115-mil-para-projeto-de-jornalismo\/\",\"url\":\"http:\/\/jornalismo.ufsj.edu.br\/site\/sem-categoria\/lei-de-incentivo-a-cultura-concede-mais-de-r-115-mil-para-projeto-de-jornalismo\/\",\"name\":\"Lei de Incentivo \u00e0 Cultura concede mais de R$ 115 mil para projeto de Jornalismo - Jornalismo UFSJ\",\"isPartOf\":{\"@id\":\"https:\/\/jornalismo.ufsj.edu.br\/site\/#website\"},\"datePublished\":\"2013-02-04T18:30:00+00:00\",\"dateModified\":\"2013-02-04T18:30:00+00:00\",\"author\":{\"@id\":\"\"},\"breadcrumb\":{\"@id\":\"http:\/\/jornalismo.ufsj.edu.br\/site\/sem-categoria\/lei-de-incentivo-a-cultura-concede-mais-de-r-115-mil-para-projeto-de-jornalismo\/#breadcrumb\"},\"inLanguage\":\"pt-BR\",\"potentialAction\":[{\"@type\":\"ReadAction\",\"target\":[\"http:\/\/jornalismo.ufsj.edu.br\/site\/sem-categoria\/lei-de-incentivo-a-cultura-concede-mais-de-r-115-mil-para-projeto-de-jornalismo\/\"]}]},{\"@type\":\"BreadcrumbList\",\"@id\":\"http:\/\/jornalismo.ufsj.edu.br\/site\/sem-categoria\/lei-de-incentivo-a-cultura-concede-mais-de-r-115-mil-para-projeto-de-jornalismo\/#breadcrumb\",\"itemListElement\":[{\"@type\":\"ListItem\",\"position\":1,\"name\":\"In\u00edcio\",\"item\":\"https:\/\/jornalismo.ufsj.edu.br\/site\/\"},{\"@type\":\"ListItem\",\"position\":2,\"name\":\"Lei de Incentivo \u00e0 Cultura concede mais de R$ 115 mil para projeto de Jornalismo\"}]},{\"@type\":\"WebSite\",\"@id\":\"https:\/\/jornalismo.ufsj.edu.br\/site\/#website\",\"url\":\"https:\/\/jornalismo.ufsj.edu.br\/site\/\",\"name\":\"Jornalismo UFSJ\",\"description\":\"\",\"potentialAction\":[{\"@type\":\"SearchAction\",\"target\":{\"@type\":\"EntryPoint\",\"urlTemplate\":\"https:\/\/jornalismo.ufsj.edu.br\/site\/?s={search_term_string}\"},\"query-input\":\"required name=search_term_string\"}],\"inLanguage\":\"pt-BR\"},{\"@type\":\"Person\",\"@id\":\"\"}]}<\/script>\n<!-- \/ Yoast SEO plugin. -->","yoast_head_json":{"title":"Lei de Incentivo \u00e0 Cultura concede mais de R$ 115 mil para projeto de Jornalismo - Jornalismo UFSJ","robots":{"index":"index","follow":"follow","max-snippet":"max-snippet:-1","max-image-preview":"max-image-preview:large","max-video-preview":"max-video-preview:-1"},"canonical":"http:\/\/jornalismo.ufsj.edu.br\/site\/sem-categoria\/lei-de-incentivo-a-cultura-concede-mais-de-r-115-mil-para-projeto-de-jornalismo\/","og_locale":"pt_BR","og_type":"article","og_title":"Lei de Incentivo \u00e0 Cultura concede mais de R$ 115 mil para projeto de Jornalismo - Jornalismo UFSJ","og_description":"Foto: Divulga\u00e7\u00e3o A aluna Mariana Fernandes, do 6\u00ba per\u00edodo do curso de Jornalismo da UFSJ, teve seu projeto &#8220;Terra dos Biscoitos Falantes&#8221; aprovado pela Lei Estadual de Incentivo \u00e0 Cultura de Minas Gerais (LEIC). O or\u00e7amento total de R$115.335,00 ser\u00e1...","og_url":"http:\/\/jornalismo.ufsj.edu.br\/site\/sem-categoria\/lei-de-incentivo-a-cultura-concede-mais-de-r-115-mil-para-projeto-de-jornalismo\/","og_site_name":"Jornalismo UFSJ","article_publisher":"https:\/\/www.facebook.com\/jornalismoufsj\/","article_published_time":"2013-02-04T18:30:00+00:00","og_image":[{"url":"https:\/\/jornalismou.files.wordpress.com\/2013\/02\/207d3-fernanda.jpg?w=140"}],"twitter_card":"summary_large_image","twitter_creator":"@jornalismoufsj","twitter_site":"@jornalismoufsj","twitter_misc":{"Escrito por":"","Est. tempo de leitura":"2 minutos"},"schema":{"@context":"https:\/\/schema.org","@graph":[{"@type":"WebPage","@id":"http:\/\/jornalismo.ufsj.edu.br\/site\/sem-categoria\/lei-de-incentivo-a-cultura-concede-mais-de-r-115-mil-para-projeto-de-jornalismo\/","url":"http:\/\/jornalismo.ufsj.edu.br\/site\/sem-categoria\/lei-de-incentivo-a-cultura-concede-mais-de-r-115-mil-para-projeto-de-jornalismo\/","name":"Lei de Incentivo \u00e0 Cultura concede mais de R$ 115 mil para projeto de Jornalismo - Jornalismo UFSJ","isPartOf":{"@id":"https:\/\/jornalismo.ufsj.edu.br\/site\/#website"},"datePublished":"2013-02-04T18:30:00+00:00","dateModified":"2013-02-04T18:30:00+00:00","author":{"@id":""},"breadcrumb":{"@id":"http:\/\/jornalismo.ufsj.edu.br\/site\/sem-categoria\/lei-de-incentivo-a-cultura-concede-mais-de-r-115-mil-para-projeto-de-jornalismo\/#breadcrumb"},"inLanguage":"pt-BR","potentialAction":[{"@type":"ReadAction","target":["http:\/\/jornalismo.ufsj.edu.br\/site\/sem-categoria\/lei-de-incentivo-a-cultura-concede-mais-de-r-115-mil-para-projeto-de-jornalismo\/"]}]},{"@type":"BreadcrumbList","@id":"http:\/\/jornalismo.ufsj.edu.br\/site\/sem-categoria\/lei-de-incentivo-a-cultura-concede-mais-de-r-115-mil-para-projeto-de-jornalismo\/#breadcrumb","itemListElement":[{"@type":"ListItem","position":1,"name":"In\u00edcio","item":"https:\/\/jornalismo.ufsj.edu.br\/site\/"},{"@type":"ListItem","position":2,"name":"Lei de Incentivo \u00e0 Cultura concede mais de R$ 115 mil para projeto de Jornalismo"}]},{"@type":"WebSite","@id":"https:\/\/jornalismo.ufsj.edu.br\/site\/#website","url":"https:\/\/jornalismo.ufsj.edu.br\/site\/","name":"Jornalismo UFSJ","description":"","potentialAction":[{"@type":"SearchAction","target":{"@type":"EntryPoint","urlTemplate":"https:\/\/jornalismo.ufsj.edu.br\/site\/?s={search_term_string}"},"query-input":"required name=search_term_string"}],"inLanguage":"pt-BR"},{"@type":"Person","@id":""}]}},"jetpack_featured_media_url":"","_links":{"self":[{"href":"http:\/\/jornalismo.ufsj.edu.br\/site\/wp-json\/wp\/v2\/posts\/1130"}],"collection":[{"href":"http:\/\/jornalismo.ufsj.edu.br\/site\/wp-json\/wp\/v2\/posts"}],"about":[{"href":"http:\/\/jornalismo.ufsj.edu.br\/site\/wp-json\/wp\/v2\/types\/post"}],"author":[{"embeddable":true,"href":"http:\/\/jornalismo.ufsj.edu.br\/site\/wp-json\/wp\/v2\/users\/3"}],"replies":[{"embeddable":true,"href":"http:\/\/jornalismo.ufsj.edu.br\/site\/wp-json\/wp\/v2\/comments?post=1130"}],"version-history":[{"count":0,"href":"http:\/\/jornalismo.ufsj.edu.br\/site\/wp-json\/wp\/v2\/posts\/1130\/revisions"}],"wp:attachment":[{"href":"http:\/\/jornalismo.ufsj.edu.br\/site\/wp-json\/wp\/v2\/media?parent=1130"}],"wp:term":[{"taxonomy":"category","embeddable":true,"href":"http:\/\/jornalismo.ufsj.edu.br\/site\/wp-json\/wp\/v2\/categories?post=1130"},{"taxonomy":"post_tag","embeddable":true,"href":"http:\/\/jornalismo.ufsj.edu.br\/site\/wp-json\/wp\/v2\/tags?post=1130"}],"curies":[{"name":"wp","href":"https:\/\/api.w.org\/{rel}","templated":true}]}}