{"id":1124,"date":"2013-03-25T02:10:00","date_gmt":"2013-03-25T02:10:00","guid":{"rendered":"http:\/\/jornalismo.ufsj.edu.br\/2013\/03\/25\/e-importante-saber-ouvir-a-sua-rede-diz-marcelo-tas"},"modified":"2013-03-25T02:10:00","modified_gmt":"2013-03-25T02:10:00","slug":"e-importante-saber-ouvir-a-sua-rede-diz-marcelo-tas","status":"publish","type":"post","link":"http:\/\/jornalismo.ufsj.edu.br\/site\/sem-categoria\/e-importante-saber-ouvir-a-sua-rede-diz-marcelo-tas\/","title":{"rendered":"\u00c9 importante saber ouvir a sua rede, diz Marcelo Tas"},"content":{"rendered":"<div class=\"separator\" style=\"clear:both;text-align:center;\"><\/div>\n<div style=\"text-align:left;\"><\/div>\n<div style=\"text-align:left;\"><\/div>\n<div class=\"separator\" style=\"clear:both;text-align:center;\"><\/div>\n<div class=\"separator\" style=\"clear:both;text-align:center;\"><\/div>\n<div class=\"separator\" style=\"clear:both;text-align:center;\"><\/div>\n<div style=\"text-align:right;\"><a href=\"https:\/\/jornalismou.files.wordpress.com\/2013\/03\/3e842-redes.jpg\" style=\"clear:right;float:right;margin-bottom:1em;margin-left:1em;\"><img loading=\"lazy\" border=\"0\" height=\"320\" src=\"https:\/\/jornalismou.files.wordpress.com\/2013\/03\/3e842-redes.jpg?w=300\" width=\"320\" \/><\/a><\/div>\n<p><span style=\"line-height:24px;\">O uso da tecnologia ultrapassa os limites da intera\u00e7\u00e3o entre usu\u00e1rios nas redes sociais. Ela cria maneiras de pensar, de fazer arte, de agu\u00e7ar a criatividade e de desenvolver mobiliza\u00e7\u00f5es e discuss\u00f5es sobre assuntos diversos. Inspirado por essa rela\u00e7\u00e3o, surgiu o tema \u201cCyber-arte-cultura: a trama das redes\u201d apresentado pela 8\u00aa edi\u00e7\u00e3o dos Semin\u00e1rios Internacionais Museu Vale, em Vila Velha (ES).\u00a0<\/span><br \/><span style=\"line-height:24px;\"><br \/><\/span><span style=\"line-height:24px;\">Entre os dias 13 a 17 de mar\u00e7o, conferencistas nacionais e internacionais puderam discutir a import\u00e2ncia das redes na cultura e como estas se relacionam com a arte e a comunica\u00e7\u00e3o contempor\u00e2nea. A coordenadora do curso de Jornalismo da UFSJ, Vanessa Maia, esteve presente no congresso pela terceira vez e conta que a cada ano percebe um crescimento no n\u00famero de participantes e na sintonia dos temas escolhidos com a atualidade.<\/span><br \/><span style=\"line-height:24px;\"><br \/><\/span><span style=\"line-height:24px;\">\u201cOs Semin\u00e1rios Internacionais Museu Vale s\u00e3o oportunidades \u00fanicas para que possamos discutir sobre a rela\u00e7\u00e3o arte-comunica\u00e7\u00e3o-cultura e tecnologia com autores e pesquisadores da \u00e1rea\u201d, acrescenta. No evento, Marcelo Tas, atualmente \u00e2ncora do programa CQC, na Band, discutiu sobre a trama das redes: \u201cEssa \u00e9 a \u00e9poca do ouvir. Mais do que ter redes sociais, \u00e9 importante saber ouvir o que a sua rede esta lhe dizendo\u201d.\u00a0<\/span><span style=\"line-height:24px;\">Diana Domingues, professora, pesquisadora e artista multim\u00eddia, tratou sobre a intera\u00e7\u00e3o da tecnologia na concep\u00e7\u00e3o de arte.\u00a0<\/span><br \/><span style=\"line-height:24px;\"><br \/><\/span><span style=\"line-height:24px;\">J\u00e1 Andr\u00e9 Parente, artista visual, pesquisador e professor, explicou conceitualmente e ontologicamente a defini\u00e7\u00e3o de rede. Ele trabalhou com a premissa de que, pensando em termos de tecnologia, existem redes locais, potentes e espec\u00edficas e se quisermos conhecer uma \u201cverdade\u201d, teremos que buscar as tais redes geradoras destas verdades.\u00a0<\/span><span style=\"line-height:24px;\">\u201cAs pessoas podem usar as tecnologias mais avan\u00e7adas, mas do ponto de vista conceitual, trabalham com as vis\u00f5es mais atrasadas do mundo. Estamos vivendo um capitalismo onde produzir interesse pelo produto \u00e9 mais importante do que produzir o produto em si\u201d, afirma Andr\u00e9.\u00a0<\/span><br \/><span style=\"line-height:24px;\"><br \/><\/span><span style=\"line-height:24px;\">Entre os convidados internacionais, houve a participa\u00e7\u00e3o do artista midi\u00e1tico, escritor e curador brit\u00e2nico Simon Biggs, o qual possui obras expostas em galerias importantes como a Tate Modern de Londres e o Centre Pompidou, de Paris. \u201cSempre h\u00e1 uma raz\u00e3o entre o sinal e o ru\u00eddo. Essa raz\u00e3o tamb\u00e9m vale para os meios digitais. O que vale para esses meios, vale para o simb\u00f3lico humano\u201d, foi uma de suas cita\u00e7\u00f5es.\u00a0 <\/span><br \/><span style=\"line-height:24px;\"><br \/><\/span><span style=\"line-height:24px;\">Vanessa acredita que os conte\u00fados apresentados nos semin\u00e1rios acrescentam e muito, n\u00e3o s\u00f3 para ela, como para seus alunos. \u201cA import\u00e2ncia \u00e9 m\u00e1xima na medida em que estamos estudando isso tamb\u00e9m. No ambiente de sala de aula ou conversando no corredor, estamos passando o que ouvimos, o que lemos e contando das palestras que assistimos. Tudo isso acrescenta informa\u00e7\u00e3o e conhecimento\u201d, diz.\u00a0<\/span><br \/><span style=\"line-height:24px;\"><br \/><\/span><\/p>\n<div style=\"text-align:right;\"><span style=\"line-height:24px;\">Reda\u00e7\u00e3o: Stephanne Fernandes\u00a0<\/span><\/div>\n<div style=\"text-align:right;\"><span style=\"line-height:24px;\"><b><a href=\"https:\/\/www.facebook.com\/mosaicocomunicacaojr\">Mosaico Comunica\u00e7\u00e3o Jr.<\/a><\/b>\u00a0<\/span><\/div>\n<div style=\"text-align:right;\"><span style=\"line-height:24px;\">Edi\u00e7\u00e3o: Alessandra de Falco<\/span><\/div>\n","protected":false},"excerpt":{"rendered":"<p>O uso da tecnologia ultrapassa os limites da intera\u00e7\u00e3o entre usu\u00e1rios nas redes sociais. Ela cria maneiras de pensar, de fazer arte, de agu\u00e7ar a criatividade e de desenvolver mobiliza\u00e7\u00f5es e discuss\u00f5es sobre assuntos diversos. Inspirado por essa rela\u00e7\u00e3o, surgiu&#8230;<\/p>\n","protected":false},"author":3,"featured_media":0,"comment_status":"open","ping_status":"open","sticky":false,"template":"","format":"standard","meta":{"_monsterinsights_skip_tracking":false,"_monsterinsights_sitenote_active":false,"_monsterinsights_sitenote_note":"","_monsterinsights_sitenote_category":0},"categories":[70],"tags":[],"yoast_head":"<!-- This site is optimized with the Yoast SEO plugin v20.6 - https:\/\/yoast.com\/wordpress\/plugins\/seo\/ -->\n<title>\u00c9 importante saber ouvir a sua rede, diz Marcelo Tas - Jornalismo UFSJ<\/title>\n<meta name=\"robots\" content=\"index, follow, max-snippet:-1, max-image-preview:large, max-video-preview:-1\" \/>\n<link rel=\"canonical\" href=\"http:\/\/jornalismo.ufsj.edu.br\/site\/sem-categoria\/e-importante-saber-ouvir-a-sua-rede-diz-marcelo-tas\/\" \/>\n<meta property=\"og:locale\" content=\"pt_BR\" \/>\n<meta property=\"og:type\" content=\"article\" \/>\n<meta property=\"og:title\" content=\"\u00c9 importante saber ouvir a sua rede, diz Marcelo Tas - Jornalismo UFSJ\" \/>\n<meta property=\"og:description\" content=\"O uso da tecnologia ultrapassa os limites da intera\u00e7\u00e3o entre usu\u00e1rios nas redes sociais. Ela cria maneiras de pensar, de fazer arte, de agu\u00e7ar a criatividade e de desenvolver mobiliza\u00e7\u00f5es e discuss\u00f5es sobre assuntos diversos. Inspirado por essa rela\u00e7\u00e3o, surgiu...\" \/>\n<meta property=\"og:url\" content=\"http:\/\/jornalismo.ufsj.edu.br\/site\/sem-categoria\/e-importante-saber-ouvir-a-sua-rede-diz-marcelo-tas\/\" \/>\n<meta property=\"og:site_name\" content=\"Jornalismo UFSJ\" \/>\n<meta property=\"article:publisher\" content=\"https:\/\/www.facebook.com\/jornalismoufsj\/\" \/>\n<meta property=\"article:published_time\" content=\"2013-03-25T02:10:00+00:00\" \/>\n<meta property=\"og:image\" content=\"https:\/\/jornalismou.files.wordpress.com\/2013\/03\/3e842-redes.jpg?w=300\" \/>\n<meta name=\"twitter:card\" content=\"summary_large_image\" \/>\n<meta name=\"twitter:creator\" content=\"@jornalismoufsj\" \/>\n<meta name=\"twitter:site\" content=\"@jornalismoufsj\" \/>\n<meta name=\"twitter:label1\" content=\"Escrito por\" \/>\n\t<meta name=\"twitter:data1\" content=\"\" \/>\n\t<meta name=\"twitter:label2\" content=\"Est. tempo de leitura\" \/>\n\t<meta name=\"twitter:data2\" content=\"2 minutos\" \/>\n<script type=\"application\/ld+json\" class=\"yoast-schema-graph\">{\"@context\":\"https:\/\/schema.org\",\"@graph\":[{\"@type\":\"WebPage\",\"@id\":\"http:\/\/jornalismo.ufsj.edu.br\/site\/sem-categoria\/e-importante-saber-ouvir-a-sua-rede-diz-marcelo-tas\/\",\"url\":\"http:\/\/jornalismo.ufsj.edu.br\/site\/sem-categoria\/e-importante-saber-ouvir-a-sua-rede-diz-marcelo-tas\/\",\"name\":\"\u00c9 importante saber ouvir a sua rede, diz Marcelo Tas - Jornalismo UFSJ\",\"isPartOf\":{\"@id\":\"https:\/\/jornalismo.ufsj.edu.br\/site\/#website\"},\"datePublished\":\"2013-03-25T02:10:00+00:00\",\"dateModified\":\"2013-03-25T02:10:00+00:00\",\"author\":{\"@id\":\"\"},\"breadcrumb\":{\"@id\":\"http:\/\/jornalismo.ufsj.edu.br\/site\/sem-categoria\/e-importante-saber-ouvir-a-sua-rede-diz-marcelo-tas\/#breadcrumb\"},\"inLanguage\":\"pt-BR\",\"potentialAction\":[{\"@type\":\"ReadAction\",\"target\":[\"http:\/\/jornalismo.ufsj.edu.br\/site\/sem-categoria\/e-importante-saber-ouvir-a-sua-rede-diz-marcelo-tas\/\"]}]},{\"@type\":\"BreadcrumbList\",\"@id\":\"http:\/\/jornalismo.ufsj.edu.br\/site\/sem-categoria\/e-importante-saber-ouvir-a-sua-rede-diz-marcelo-tas\/#breadcrumb\",\"itemListElement\":[{\"@type\":\"ListItem\",\"position\":1,\"name\":\"In\u00edcio\",\"item\":\"https:\/\/jornalismo.ufsj.edu.br\/site\/\"},{\"@type\":\"ListItem\",\"position\":2,\"name\":\"\u00c9 importante saber ouvir a sua rede, diz Marcelo Tas\"}]},{\"@type\":\"WebSite\",\"@id\":\"https:\/\/jornalismo.ufsj.edu.br\/site\/#website\",\"url\":\"https:\/\/jornalismo.ufsj.edu.br\/site\/\",\"name\":\"Jornalismo UFSJ\",\"description\":\"\",\"potentialAction\":[{\"@type\":\"SearchAction\",\"target\":{\"@type\":\"EntryPoint\",\"urlTemplate\":\"https:\/\/jornalismo.ufsj.edu.br\/site\/?s={search_term_string}\"},\"query-input\":\"required name=search_term_string\"}],\"inLanguage\":\"pt-BR\"},{\"@type\":\"Person\",\"@id\":\"\"}]}<\/script>\n<!-- \/ Yoast SEO plugin. -->","yoast_head_json":{"title":"\u00c9 importante saber ouvir a sua rede, diz Marcelo Tas - Jornalismo UFSJ","robots":{"index":"index","follow":"follow","max-snippet":"max-snippet:-1","max-image-preview":"max-image-preview:large","max-video-preview":"max-video-preview:-1"},"canonical":"http:\/\/jornalismo.ufsj.edu.br\/site\/sem-categoria\/e-importante-saber-ouvir-a-sua-rede-diz-marcelo-tas\/","og_locale":"pt_BR","og_type":"article","og_title":"\u00c9 importante saber ouvir a sua rede, diz Marcelo Tas - Jornalismo UFSJ","og_description":"O uso da tecnologia ultrapassa os limites da intera\u00e7\u00e3o entre usu\u00e1rios nas redes sociais. Ela cria maneiras de pensar, de fazer arte, de agu\u00e7ar a criatividade e de desenvolver mobiliza\u00e7\u00f5es e discuss\u00f5es sobre assuntos diversos. Inspirado por essa rela\u00e7\u00e3o, surgiu...","og_url":"http:\/\/jornalismo.ufsj.edu.br\/site\/sem-categoria\/e-importante-saber-ouvir-a-sua-rede-diz-marcelo-tas\/","og_site_name":"Jornalismo UFSJ","article_publisher":"https:\/\/www.facebook.com\/jornalismoufsj\/","article_published_time":"2013-03-25T02:10:00+00:00","og_image":[{"url":"https:\/\/jornalismou.files.wordpress.com\/2013\/03\/3e842-redes.jpg?w=300"}],"twitter_card":"summary_large_image","twitter_creator":"@jornalismoufsj","twitter_site":"@jornalismoufsj","twitter_misc":{"Escrito por":"","Est. tempo de leitura":"2 minutos"},"schema":{"@context":"https:\/\/schema.org","@graph":[{"@type":"WebPage","@id":"http:\/\/jornalismo.ufsj.edu.br\/site\/sem-categoria\/e-importante-saber-ouvir-a-sua-rede-diz-marcelo-tas\/","url":"http:\/\/jornalismo.ufsj.edu.br\/site\/sem-categoria\/e-importante-saber-ouvir-a-sua-rede-diz-marcelo-tas\/","name":"\u00c9 importante saber ouvir a sua rede, diz Marcelo Tas - Jornalismo UFSJ","isPartOf":{"@id":"https:\/\/jornalismo.ufsj.edu.br\/site\/#website"},"datePublished":"2013-03-25T02:10:00+00:00","dateModified":"2013-03-25T02:10:00+00:00","author":{"@id":""},"breadcrumb":{"@id":"http:\/\/jornalismo.ufsj.edu.br\/site\/sem-categoria\/e-importante-saber-ouvir-a-sua-rede-diz-marcelo-tas\/#breadcrumb"},"inLanguage":"pt-BR","potentialAction":[{"@type":"ReadAction","target":["http:\/\/jornalismo.ufsj.edu.br\/site\/sem-categoria\/e-importante-saber-ouvir-a-sua-rede-diz-marcelo-tas\/"]}]},{"@type":"BreadcrumbList","@id":"http:\/\/jornalismo.ufsj.edu.br\/site\/sem-categoria\/e-importante-saber-ouvir-a-sua-rede-diz-marcelo-tas\/#breadcrumb","itemListElement":[{"@type":"ListItem","position":1,"name":"In\u00edcio","item":"https:\/\/jornalismo.ufsj.edu.br\/site\/"},{"@type":"ListItem","position":2,"name":"\u00c9 importante saber ouvir a sua rede, diz Marcelo Tas"}]},{"@type":"WebSite","@id":"https:\/\/jornalismo.ufsj.edu.br\/site\/#website","url":"https:\/\/jornalismo.ufsj.edu.br\/site\/","name":"Jornalismo UFSJ","description":"","potentialAction":[{"@type":"SearchAction","target":{"@type":"EntryPoint","urlTemplate":"https:\/\/jornalismo.ufsj.edu.br\/site\/?s={search_term_string}"},"query-input":"required name=search_term_string"}],"inLanguage":"pt-BR"},{"@type":"Person","@id":""}]}},"jetpack_featured_media_url":"","_links":{"self":[{"href":"http:\/\/jornalismo.ufsj.edu.br\/site\/wp-json\/wp\/v2\/posts\/1124"}],"collection":[{"href":"http:\/\/jornalismo.ufsj.edu.br\/site\/wp-json\/wp\/v2\/posts"}],"about":[{"href":"http:\/\/jornalismo.ufsj.edu.br\/site\/wp-json\/wp\/v2\/types\/post"}],"author":[{"embeddable":true,"href":"http:\/\/jornalismo.ufsj.edu.br\/site\/wp-json\/wp\/v2\/users\/3"}],"replies":[{"embeddable":true,"href":"http:\/\/jornalismo.ufsj.edu.br\/site\/wp-json\/wp\/v2\/comments?post=1124"}],"version-history":[{"count":0,"href":"http:\/\/jornalismo.ufsj.edu.br\/site\/wp-json\/wp\/v2\/posts\/1124\/revisions"}],"wp:attachment":[{"href":"http:\/\/jornalismo.ufsj.edu.br\/site\/wp-json\/wp\/v2\/media?parent=1124"}],"wp:term":[{"taxonomy":"category","embeddable":true,"href":"http:\/\/jornalismo.ufsj.edu.br\/site\/wp-json\/wp\/v2\/categories?post=1124"},{"taxonomy":"post_tag","embeddable":true,"href":"http:\/\/jornalismo.ufsj.edu.br\/site\/wp-json\/wp\/v2\/tags?post=1124"}],"curies":[{"name":"wp","href":"https:\/\/api.w.org\/{rel}","templated":true}]}}